{"id":29851,"date":"2024-08-29T20:33:33","date_gmt":"2024-08-29T20:33:33","guid":{"rendered":"https:\/\/tvbrazilusa.com\/2024\/08\/29\/homem-de-boca-raton-e-condenado-a-18-meses-de-prisao-por-participacao-na-violacao-do-capitolio-em-6-de-janeiro-wsvn-7news-noticias-de-miami-clima-esportes-fort-lauderdale\/"},"modified":"2024-08-29T20:34:08","modified_gmt":"2024-08-29T20:34:08","slug":"homem-de-boca-raton-e-condenado-a-18-meses-de-prisao-por-participacao-na-violacao-do-capitolio-em-6-de-janeiro-wsvn-7news-noticias-de-miami-clima-esportes-fort-lauderdale","status":"publish","type":"post","link":"https:\/\/tvbrazilusa.com\/pt\/2024\/08\/29\/homem-de-boca-raton-e-condenado-a-18-meses-de-prisao-por-participacao-na-violacao-do-capitolio-em-6-de-janeiro-wsvn-7news-noticias-de-miami-clima-esportes-fort-lauderdale\/","title":{"rendered":"Homem de Boca Raton \u00e9 condenado a 18 meses de pris\u00e3o por participa\u00e7\u00e3o na viola\u00e7\u00e3o do Capit\u00f3lio em 6 de janeiro &#8211; WSVN 7News | Not\u00edcias de Miami, Clima, Esportes | Fort Lauderdale"},"content":{"rendered":"<p> <script async src=\"https:\/\/pagead2.googlesyndication.com\/pagead\/js\/adsbygoogle.js?client=ca-pub-8864793242727901\"\r\n     crossorigin=\"anonymous\"><\/script><br \/>\n<\/p>\n<div itemprop=\"articleBody\">\n<p>Um homem de Boca Raton foi condenado a 18 meses de pris\u00e3o por seu envolvimento na invas\u00e3o do Capit\u00f3lio dos EUA em 6 de janeiro de 2021, disseram autoridades. <\/p>\n<p>Richard Cook, 38, foi sentenciado na quarta-feira pelo juiz distrital dos EUA Reggie B. Walton. <\/p>\n<p>Al\u00e9m da pena de pris\u00e3o, Cook recebeu 36 meses de liberdade supervisionada e foi condenado a pagar US$ 2.000 em restitui\u00e7\u00e3o.<\/p>\n<p>Cook foi considerado culpado em 10 de maio por um j\u00fari federal de desordem civil, um crime grave e cinco contraven\u00e7\u00f5es, incluindo entrar e permanecer em um pr\u00e9dio ou terreno restrito e praticar viol\u00eancia f\u00edsica no Capit\u00f3lio.<\/p>\n<p>De acordo com o Minist\u00e9rio P\u00fablico dos EUA, as evid\u00eancias apresentadas durante o julgamento mostraram que Cook se juntou a uma multid\u00e3o no T\u00fanel Lower West Terrace, empurrando repetidamente os policiais na tentativa de obter acesso ao Capit\u00f3lio. <\/p>\n<p>Os policiais finalmente recuperaram o controle da \u00e1rea e Cook foi expulso. <\/p>\n<p><em>Copyright 2024 Sunbeam Television Corp. Todos os direitos reservados. Este material n\u00e3o pode ser publicado, transmitido, reescrito ou redistribu\u00eddo.<\/em><\/p>\n<div class=\"wp-block-newsletter\">\n\t<strong class=\"wp-block-newsletter__title\">Inscreva-se em nossa Newsletter para receber as \u00faltimas not\u00edcias diretamente na sua caixa de entrada<\/strong><\/p>\n<\/div><\/div>\n<p><br \/>\n<br \/><a href=\"https:\/\/wsvn.com\/news\/us-world\/boca-raton-man-sentenced-to-18-months-in-prison-for-role-in-jan-6-capitol-breach\/\">Source link <\/a><\/p>","protected":false},"excerpt":{"rendered":"<p>Um homem de Boca Raton foi condenado a 18 meses de pris\u00e3o por seu envolvimento na invas\u00e3o do Capit\u00f3lio dos EUA em 6 de janeiro de 2021, disseram autoridades. Richard&hellip;<\/p>","protected":false},"author":1,"featured_media":29852,"comment_status":"closed","ping_status":"open","sticky":false,"template":"","format":"standard","meta":{"content-type":"","footnotes":""},"categories":[1],"tags":[],"class_list":["post-29851","post","type-post","status-publish","format-standard","has-post-thumbnail","hentry","category-uncategorized"],"_links":{"self":[{"href":"https:\/\/tvbrazilusa.com\/pt\/wp-json\/wp\/v2\/posts\/29851","targetHints":{"allow":["GET"]}}],"collection":[{"href":"https:\/\/tvbrazilusa.com\/pt\/wp-json\/wp\/v2\/posts"}],"about":[{"href":"https:\/\/tvbrazilusa.com\/pt\/wp-json\/wp\/v2\/types\/post"}],"author":[{"embeddable":true,"href":"https:\/\/tvbrazilusa.com\/pt\/wp-json\/wp\/v2\/users\/1"}],"replies":[{"embeddable":true,"href":"https:\/\/tvbrazilusa.com\/pt\/wp-json\/wp\/v2\/comments?post=29851"}],"version-history":[{"count":1,"href":"https:\/\/tvbrazilusa.com\/pt\/wp-json\/wp\/v2\/posts\/29851\/revisions"}],"predecessor-version":[{"id":29853,"href":"https:\/\/tvbrazilusa.com\/pt\/wp-json\/wp\/v2\/posts\/29851\/revisions\/29853"}],"wp:featuredmedia":[{"embeddable":true,"href":"https:\/\/tvbrazilusa.com\/pt\/wp-json\/wp\/v2\/media\/29852"}],"wp:attachment":[{"href":"https:\/\/tvbrazilusa.com\/pt\/wp-json\/wp\/v2\/media?parent=29851"}],"wp:term":[{"taxonomy":"category","embeddable":true,"href":"https:\/\/tvbrazilusa.com\/pt\/wp-json\/wp\/v2\/categories?post=29851"},{"taxonomy":"post_tag","embeddable":true,"href":"https:\/\/tvbrazilusa.com\/pt\/wp-json\/wp\/v2\/tags?post=29851"}],"curies":[{"name":"wp","href":"https:\/\/api.w.org\/{rel}","templated":true}]}}