{"id":29912,"date":"2024-08-29T22:33:21","date_gmt":"2024-08-29T22:33:21","guid":{"rendered":"https:\/\/tvbrazilusa.com\/2024\/08\/29\/2-acusados-de-esfaqueamento-fatal-em-miramar-em-2021-sao-condenados-a-25-anos-apos-se-declararem-culpados-a-mae-da-vitima-fala-wsvn-7news-noticias-de-miami-clima-esportes-fo\/"},"modified":"2024-08-29T23:51:43","modified_gmt":"2024-08-29T23:51:43","slug":"2-acusados-de-esfaqueamento-fatal-em-miramar-em-2021-sao-condenados-a-25-anos-apos-se-declararem-culpados-a-mae-da-vitima-fala-wsvn-7news-noticias-de-miami-clima-esportes-fo","status":"publish","type":"post","link":"https:\/\/tvbrazilusa.com\/pt\/2024\/08\/29\/2-acusados-de-esfaqueamento-fatal-em-miramar-em-2021-sao-condenados-a-25-anos-apos-se-declararem-culpados-a-mae-da-vitima-fala-wsvn-7news-noticias-de-miami-clima-esportes-fo\/","title":{"rendered":"2 acusados \u200b\u200bde esfaqueamento fatal em Miramar em 2021 s\u00e3o condenados a 25 anos ap\u00f3s se declararem culpados; a m\u00e3e da v\u00edtima fala &#8211; WSVN 7News | Not\u00edcias de Miami, Clima, Esportes | Fort Lauderdale"},"content":{"rendered":"<p> <script async src=\"https:\/\/pagead2.googlesyndication.com\/pagead\/js\/adsbygoogle.js?client=ca-pub-8864793242727901\"\r\n     crossorigin=\"anonymous\"><\/script><br \/>\n<\/p>\n<div itemprop=\"articleBody\">\n<p>FORT LAUDERDALE, FL\u00d3RIDA (WSVN) &#8211; Dois dos tr\u00eas suspeitos acusados \u200b\u200bde esfaquear fatalmente um homem de 18 anos em um complexo de apartamentos em Miramar foram sentenciados ap\u00f3s se declararem culpados pelo crime que, segundo a pol\u00edcia, cometeram quando eram adolescentes.<\/p>\n<p>Um v\u00eddeo de vigil\u00e2ncia capturou os \u00faltimos momentos de vida de Dwight \u201cDJ\u201d Grant em 17 de outubro de 2021.<\/p>\n<p>O que permanece fora da c\u00e2mera s\u00e3o os <a href=\"https:\/\/wsvn.com\/news\/local\/broward\/3-teens-accused-in-killing-of-miramar-high-school-senior-to-remain-locked-up-21-days-amid-investigation\/\">tr\u00eas conhecidos da escola<\/a> quem eram <a href=\"https:\/\/wsvn.com\/news\/local\/broward\/police-teens-charged-in-killing-of-miramar-high-senior-had-plan-to-ambush-stab-victim\/\">respons\u00e1vel pela emboscada e assassinato<\/a>.<\/p>\n<p>A pol\u00edcia disse que Christie Parisienne, de 17 anos, atraiu a v\u00edtima at\u00e9 a escada com uma promessa de sexo, mas Jaslyn Smith, de 16 anos, ficou observando enquanto Andre Clements, de 17 anos, empunhava uma espada.<\/p>\n<p>Os investigadores disseram que os adolescentes tentaram encobrir o crime escondendo o corpo de Grant em alguns arbustos pr\u00f3ximos.<\/p>\n<p>Pol\u00edcia <a href=\"https:\/\/wsvn.com\/news\/local\/investigators-say-body-found-in-miramar-is-that-of-missing-18-year-old\/\">localizou o corpo da v\u00edtima<\/a> em 19 de outubro.<\/p>\n<p>No tribunal na quinta-feira, Parisienne e Smith se declararam culpados e depuseram antes de serem sentenciados a 25 anos de pris\u00e3o.<\/p>\n<p>Clements ainda enfrenta uma acusa\u00e7\u00e3o de homic\u00eddio premeditado. <\/p>\n<p>Smith descreveu o ataque brutal enquanto depunha.<\/p>\n<p>\u201c[Andre] golpeou-o v\u00e1rias vezes com os punhos e depois uma vez com a espada\u201d, disse ela.<\/p>\n<p>\u201cEle estava implorando por sua vida?\u201d perguntou um promotor.<\/p>\n<p>\u201cSim\u201d, disse Smith.<\/p>\n<p>\u201cEm algum momento, voc\u00ea tentou dissuadir Andr\u00e9 dessa atitude?\u201d perguntou o promotor.<\/p>\n<p>\u201cN\u00e3o\u201d, disse Smith.<\/p>\n<p>\u201cPor que n\u00e3o?\u201d perguntou o promotor.<\/p>\n<p>\u201cEu n\u00e3o sentia que era meu lugar\u201d, disse Smith.<\/p>\n<p>\u201cVoc\u00ea estava com medo pela sua seguran\u00e7a?\u201d perguntou o promotor.<\/p>\n<p>\u201cSim\u201d, disse Smith.<\/p>\n<p>Momentos depois, Smith desabou e come\u00e7ou a solu\u00e7ar, mas, apesar das l\u00e1grimas, a fam\u00edlia de Grant disse que a vida deles est\u00e1 arruinada para sempre \u2014 os sonhos n\u00e3o realizados, o futuro que nunca chegar\u00e1.<\/p>\n<p>\u201cEu nunca terei um neto. Tudo o que eu conseguia pensar era naquele dia, no jeito que meu filho \u00e9. Eu nunca o verei crescer, quantos anos ele teria\u201d, disse sua m\u00e3e, Madge Emile, no tribunal. \u201cN\u00f3s sempre tivemos essa tradi\u00e7\u00e3o de que, quando \u00edamos dormir, ele dizia: &#8216;Boa noite, m\u00e3e.&#8217; Eu dizia: &#8216;Boa noite, vejo voc\u00ea de manh\u00e3, eu te amo.&#8217; Eu nunca ouvirei meu filho dizer que me ama.\u201d<\/p>\n<p>Emile falou mais tarde com o 7News do lado de fora do tribunal. Ela reconhece que ainda n\u00e3o acabou.<\/p>\n<p>\u201cEstou sempre l\u00e1 para ajud\u00e1-lo, e ele far\u00e1 justi\u00e7a\u201d, disse ela.<\/p>\n<p>Parisienne e Clements cumprir\u00e3o 10 anos de liberdade condicional ap\u00f3s a senten\u00e7a de pris\u00e3o.<\/p>\n<p>Segundo os investigadores, o motivo do assassinato de Grant foi uma disputa por uma namorada.<\/p>\n<p><em>Copyright 2024 Sunbeam Television Corp. Todos os direitos reservados. Este material n\u00e3o pode ser publicado, transmitido, reescrito ou redistribu\u00eddo.<\/em><\/p>\n<div class=\"wp-block-newsletter\">\n\t<strong class=\"wp-block-newsletter__title\">Inscreva-se em nossa Newsletter para receber as \u00faltimas not\u00edcias diretamente na sua caixa de entrada<\/strong><\/p>\n<\/div><\/div>\n<p><br \/>\n<br \/><a href=\"https:\/\/wsvn.com\/news\/local\/broward\/2-charged-in-fatal-2021-sword-stabbing-in-miramar-sentenced-to-25-years-after-pleading-guilty-victims-mother-speaks-out\/\">Source link <\/a><\/p>","protected":false},"excerpt":{"rendered":"<p>FORT LAUDERDALE, FL\u00d3RIDA (WSVN) &#8211; Dois dos tr\u00eas suspeitos acusados \u200b\u200bde esfaquear fatalmente um homem de 18 anos em um complexo de apartamentos em Miramar foram sentenciados ap\u00f3s se declararem&hellip;<\/p>","protected":false},"author":1,"featured_media":29913,"comment_status":"closed","ping_status":"open","sticky":false,"template":"","format":"standard","meta":{"content-type":"","footnotes":""},"categories":[1],"tags":[],"class_list":["post-29912","post","type-post","status-publish","format-standard","has-post-thumbnail","hentry","category-uncategorized"],"_links":{"self":[{"href":"https:\/\/tvbrazilusa.com\/pt\/wp-json\/wp\/v2\/posts\/29912","targetHints":{"allow":["GET"]}}],"collection":[{"href":"https:\/\/tvbrazilusa.com\/pt\/wp-json\/wp\/v2\/posts"}],"about":[{"href":"https:\/\/tvbrazilusa.com\/pt\/wp-json\/wp\/v2\/types\/post"}],"author":[{"embeddable":true,"href":"https:\/\/tvbrazilusa.com\/pt\/wp-json\/wp\/v2\/users\/1"}],"replies":[{"embeddable":true,"href":"https:\/\/tvbrazilusa.com\/pt\/wp-json\/wp\/v2\/comments?post=29912"}],"version-history":[{"count":1,"href":"https:\/\/tvbrazilusa.com\/pt\/wp-json\/wp\/v2\/posts\/29912\/revisions"}],"predecessor-version":[{"id":29914,"href":"https:\/\/tvbrazilusa.com\/pt\/wp-json\/wp\/v2\/posts\/29912\/revisions\/29914"}],"wp:featuredmedia":[{"embeddable":true,"href":"https:\/\/tvbrazilusa.com\/pt\/wp-json\/wp\/v2\/media\/29913"}],"wp:attachment":[{"href":"https:\/\/tvbrazilusa.com\/pt\/wp-json\/wp\/v2\/media?parent=29912"}],"wp:term":[{"taxonomy":"category","embeddable":true,"href":"https:\/\/tvbrazilusa.com\/pt\/wp-json\/wp\/v2\/categories?post=29912"},{"taxonomy":"post_tag","embeddable":true,"href":"https:\/\/tvbrazilusa.com\/pt\/wp-json\/wp\/v2\/tags?post=29912"}],"curies":[{"name":"wp","href":"https:\/\/api.w.org\/{rel}","templated":true}]}}