{"id":29945,"date":"2024-08-30T01:50:26","date_gmt":"2024-08-30T01:50:26","guid":{"rendered":"https:\/\/tvbrazilusa.com\/2024\/08\/30\/motociclista-morre-apos-colisao-com-dois-carros-na-i-495\/"},"modified":"2024-08-30T01:57:33","modified_gmt":"2024-08-30T01:57:33","slug":"motociclista-morre-apos-colisao-com-dois-carros-na-i-495","status":"publish","type":"post","link":"https:\/\/tvbrazilusa.com\/pt\/2024\/08\/30\/motociclista-morre-apos-colisao-com-dois-carros-na-i-495\/","title":{"rendered":"Motociclista morre ap\u00f3s colis\u00e3o com dois carros na I-495"},"content":{"rendered":"<p> <script async src=\"https:\/\/pagead2.googlesyndication.com\/pagead\/js\/adsbygoogle.js?client=ca-pub-8864793242727901\"\r\n     crossorigin=\"anonymous\"><\/script><br \/>\n<\/p>\n<div id=\"\">\n<header class=\"m-article-header m-article-header--standard\">\n\t\t\t\t\t\t\t\t\t\t\t\t<span id=\"article-header-primary-term\"><br \/>\n\t\t\t\t\t\t\t\t<a class=\"a-term a-term--primary\" href=\"https:\/\/www.boston.com\/tag\/local-news\/\"><\/p>\n<p>\t\t\t\t\t\t\t\tNot\u00edcias locais\t\t\t\t\t\t\t\t<\/a><br \/>\n\t\t\t\t\t\t\t<\/span><\/p>\n<h2 class=\"m-article-header__sub-headline\">O motociclista de 78 anos, que n\u00e3o foi identificado, n\u00e3o resistiu aos ferimentos no local do acidente, perto da sa\u00edda 83 em Westford.<\/h2>\n<figure class=\"a-photo m-article-header__photo\"><figcaption class=\"a-photo__caption\">\n\t<em> <\/em>\t<\/figcaption><\/figure>\n<\/header>\n<p>Um motociclista de 78 anos morreu ap\u00f3s um acidente que seguia para o norte na I-495 na tarde de quinta-feira, anunciaram autoridades.<\/p>\n<p>O motociclista, que n\u00e3o foi identificado, n\u00e3o resistiu aos ferimentos e morreu no local do acidente, perto da sa\u00edda 83 em Westford, informou a Pol\u00edcia Estadual de Massachusetts.<\/p>\n<p>Autoridades disseram que o motociclista estava viajando na faixa central por volta das 15h30, mas quando ele mudou para a faixa da esquerda, ele bateu na traseira de um SUV que estava parado no tr\u00e2nsito. A motocicleta ent\u00e3o colidiu com um terceiro ve\u00edculo, disse o MSP.<\/p>\n<p>Os motoristas dos dois ve\u00edculos de passageiros n\u00e3o ficaram feridos, disseram as autoridades.<\/p>\n<figure class=\"wp-block-embed is-type-rich is-provider-twitter wp-block-embed-twitter\">\n<div class=\"wp-block-embed__wrapper\">\n<blockquote class=\"twitter-tweet\" data-width=\"500\" data-dnt=\"true\">\n<p lang=\"en\" dir=\"ltr\">Em <a href=\"https:\/\/twitter.com\/hashtag\/Westford?src=hash&#038;ref_src=twsrc%5Etfw\">#Westford<\/a>duas faixas da esquerda fechadas na I-495 NB no marcador de milha 83 devido a um acidente.<\/p>\n<p>\u2014 Transporte de Massa (@MassDOT) <a href=\"https:\/\/twitter.com\/MassDOT\/status\/1829248044778299393?ref_src=twsrc%5Etfw\">29 de agosto de 2024<\/a><\/p><\/blockquote>\n<\/div>\n<\/figure>\n<p>O Departamento de Transporte de Massachusetts disse por volta das 16h que as duas faixas da esquerda foram fechadas devido ao acidente. O MSP disse que a cena foi limpa e todas as faixas foram reabertas por volta das 18h40.<\/p>\n<p>Um porta-voz da Pol\u00edcia Estadual disse que o acidente ainda est\u00e1 sob investiga\u00e7\u00e3o.<\/p>\n<div class=\"m-block m-generic-cta\t m-generic-cta--post-content\t m-generic-cta--dark\t m-generic-cta--homepage\t m-generic-cta--email-signup\t\t m-generic-cta-block-style--default \tt-amp__generic-cta\"><\/p>\n<div class=\"m-generic-cta__wrap\">\n<div class=\"m-generic-cta__content\">\n<h3 class=\"m-generic-cta__title\">Boston.com Hoje<\/h3>\n<p class=\"m-generic-cta__subtitle\">Inscreva-se para receber as \u00faltimas manchetes na sua caixa de entrada todas as manh\u00e3s.<\/p>\n<\/p><\/div>\n<\/p><\/div>\n<\/div><\/div>\n<p><script async src=\"\/\/platform.twitter.com\/widgets.js\" charset=\"utf-8\"><\/script><script>\n\t\tvar consent=\"grant\";\n\t\t\/* The above code is parsing the JSON data from the local storage and storing it in a variable. *\/\n\t\t\t\t\tconst onetrustStorageConsent = JSON.parse(localStorage.getItem( 'consent_one_trust_bdc' ) );\n\t\t\tif ( ( onetrustStorageConsent !== null ) ) {\n\t\t\t\t\/* Checking to see if the user has consented to the use of cookies.\n\t\t\t\t* If they have not, it is deleting the cookie.\n\t\t\t\t* This will comment for now, until further notice.\n\t\t\t\t*\/\n\t\t\t\t\/\/if ( onetrustStorageConsent.C0002 === false ) {\n\t\t\t\t\/\/\tdocument.cookie=\"_fbp=;expires=Thu, 01 Jan 2010 00:00:00 UTC; path=\/; domain=.boston.com\";\n\t\t\t\t\/\/}\n\t\t\t\t\/* Checking if the user has given consent for the cookie C0002.\n\t\t\t\t* If the user has given consent, the variable consent will be set to 'grant'.\n\t\t\t\t* If the user has not given consent,the variable consent will be set to 'revoke'.\n\t\t\t\t* Documentation https:\/\/developers.facebook.com\/docs\/meta-pixel\/implementation\/gdpr\n\t\t\t\t*\/\n\t\t\t\tif ( onetrustStorageConsent.C0002 !== true ) {\n\t\t\t\t\tconsent=\"revoke\";\n\t\t\t\t}\n\t\t\t}\n\t\t\t\t!function(f,b,e,v,n,t,s)\n\t\t{if(f.fbq)return;n=f.fbq=function(){n.callMethod?\n\t\tn.callMethod.apply(n,arguments):n.queue.push(arguments)};\n\t\tif(!f._fbq)f._fbq=n;n.push=n;n.loaded=!0;n.version='2.0';\n\t\tn.queue=[];t=b.createElement(e);t.async=!0;\n\t\tt.src=v;s=b.getElementsByTagName(e)[0];\n\t\ts.parentNode.insertBefore(t,s)}(window, document,'script',\n\t\t'https:\/\/connect.facebook.net\/en_US\/fbevents.js');\n\t\tfbq('consent', consent);\n\t\tfbq('init', '989222871864976');\n\t\tfbq('track', 'PageView');\n\t<\/script><script type=\"module\">\n\t\tvar consent=\"grant\";\n\t\t\/* The above code is parsing the JSON data from the local storage and storing it in a variable. *\/\n\t\t\tconst onetrustStorageConsent = JSON.parse(localStorage.getItem( 'consent_one_trust_bdc' ) );\n\t\t\t\/* Checking to see if the user has consented to the use of cookies.\n\t\t\t* If they have not, it is deleting the cookie.\n\t\t\t* This will comment for now, until further notice.\n\t\t\t*\/\n\t\t\t\/\/if ( onetrustStorageConsent.C0002 === false ) {\n\t\t\t\/\/\tdocument.cookie=\"_fbp=;expires=Thu, 01 Jan 2010 00:00:00 UTC; path=\/; domain=.boston.com\";\n\t\t\t\/\/}\n\t\t\t\/* Checking if the user has given consent for the cookie C0002.\n\t\t\t* If the user has given consent, the variable consent will be set to 'grant'.\n\t\t\t* If the user has not given consent,the variable consent will be set to 'revoke'.\n\t\t\t* Documentation https:\/\/developers.facebook.com\/docs\/meta-pixel\/implementation\/gdpr\n\t\t\t*\/\n\t\t\tif ( ( onetrustStorageConsent !== null ) && (onetrustStorageConsent.C0002 !== true ) ) {\n\t\t\t\tconsent=\"revoke\";\n\t\t\t}\n\t\t\t\t!function(f,b,e,v,n,t,s){if(f.fbq)return;n=f.fbq=function()\n\t\t{n.callMethod? n.callMethod.apply(n,arguments):n.queue.push(arguments)}\n\t\t;if(!f._fbq)f._fbq=n;\n\t\tn.push=n;n.loaded=!0;n.version='2.0';n.queue=[];t=b.createElement(e);t.async=!0;\n\t\tt.src=v;s=b.getElementsByTagName(e)[0];s.parentNode.insertBefore(t,s)}(window,\n\t\tdocument,'script','https:\/\/connect.facebook.net\/en_US\/fbevents.js');\n\t\tfbq('consent', consent);\n\t\tfbq('init', '813236348753005');\n\t\tfbq('track', \"PageView\");\n\t<\/script><br \/>\n<br \/><br \/>\n<br \/><a href=\"https:\/\/www.boston.com\/news\/local-news\/2024\/08\/29\/motorcyclist-dies-after-colliding-with-two-cars-on-i-495\/\">Source link <\/a><\/p>","protected":false},"excerpt":{"rendered":"<p>Not\u00edcias locais O motociclista de 78 anos, que n\u00e3o foi identificado, n\u00e3o resistiu aos ferimentos no local do acidente, perto da sa\u00edda 83 em Westford. Um motociclista de 78 anos&hellip;<\/p>","protected":false},"author":1,"featured_media":29946,"comment_status":"closed","ping_status":"open","sticky":false,"template":"","format":"standard","meta":{"content-type":"","footnotes":""},"categories":[1],"tags":[],"class_list":["post-29945","post","type-post","status-publish","format-standard","has-post-thumbnail","hentry","category-uncategorized"],"_links":{"self":[{"href":"https:\/\/tvbrazilusa.com\/pt\/wp-json\/wp\/v2\/posts\/29945","targetHints":{"allow":["GET"]}}],"collection":[{"href":"https:\/\/tvbrazilusa.com\/pt\/wp-json\/wp\/v2\/posts"}],"about":[{"href":"https:\/\/tvbrazilusa.com\/pt\/wp-json\/wp\/v2\/types\/post"}],"author":[{"embeddable":true,"href":"https:\/\/tvbrazilusa.com\/pt\/wp-json\/wp\/v2\/users\/1"}],"replies":[{"embeddable":true,"href":"https:\/\/tvbrazilusa.com\/pt\/wp-json\/wp\/v2\/comments?post=29945"}],"version-history":[{"count":1,"href":"https:\/\/tvbrazilusa.com\/pt\/wp-json\/wp\/v2\/posts\/29945\/revisions"}],"predecessor-version":[{"id":29947,"href":"https:\/\/tvbrazilusa.com\/pt\/wp-json\/wp\/v2\/posts\/29945\/revisions\/29947"}],"wp:featuredmedia":[{"embeddable":true,"href":"https:\/\/tvbrazilusa.com\/pt\/wp-json\/wp\/v2\/media\/29946"}],"wp:attachment":[{"href":"https:\/\/tvbrazilusa.com\/pt\/wp-json\/wp\/v2\/media?parent=29945"}],"wp:term":[{"taxonomy":"category","embeddable":true,"href":"https:\/\/tvbrazilusa.com\/pt\/wp-json\/wp\/v2\/categories?post=29945"},{"taxonomy":"post_tag","embeddable":true,"href":"https:\/\/tvbrazilusa.com\/pt\/wp-json\/wp\/v2\/tags?post=29945"}],"curies":[{"name":"wp","href":"https:\/\/api.w.org\/{rel}","templated":true}]}}