{"id":30015,"date":"2024-08-30T11:52:16","date_gmt":"2024-08-30T11:52:16","guid":{"rendered":"https:\/\/tvbrazilusa.com\/2024\/08\/30\/a-nfl-impoe-restricoes-ao-acesso-de-transmissao-de-tom-brady-devido-a-participacao-acionaria-pendente-dos-raiders\/"},"modified":"2024-08-30T11:55:58","modified_gmt":"2024-08-30T11:55:58","slug":"a-nfl-impoe-restricoes-ao-acesso-de-transmissao-de-tom-brady-devido-a-participacao-acionaria-pendente-dos-raiders","status":"publish","type":"post","link":"https:\/\/tvbrazilusa.com\/pt\/2024\/08\/30\/a-nfl-impoe-restricoes-ao-acesso-de-transmissao-de-tom-brady-devido-a-participacao-acionaria-pendente-dos-raiders\/","title":{"rendered":"A NFL imp\u00f5e restri\u00e7\u00f5es ao acesso de transmiss\u00e3o de Tom Brady devido \u00e0 participa\u00e7\u00e3o acion\u00e1ria pendente dos Raiders"},"content":{"rendered":"<p> <script async src=\"https:\/\/pagead2.googlesyndication.com\/pagead\/js\/adsbygoogle.js?client=ca-pub-8864793242727901\"\r\n     crossorigin=\"anonymous\"><\/script><br \/>\n<\/p>\n<div id=\"\">\n<header class=\"m-article-header m-article-header--standard\">\n\t\t\t\t\t\t\t\t\t\t\t\t<span id=\"article-header-primary-term\"><br \/>\n\t\t\t\t\t\t\t\t<a class=\"a-term a-term--primary\" href=\"https:\/\/www.boston.com\/tag\/sports-news\/\"><\/p>\n<p>\t\t\t\t\t\t\t\tNot\u00edcias esportivas\t\t\t\t\t\t\t\t<\/a><br \/>\n\t\t\t\t\t\t\t<\/span><\/p>\n<h2 class=\"m-article-header__sub-headline\">Seu esfor\u00e7o para se tornar um propriet\u00e1rio minorit\u00e1rio na organiza\u00e7\u00e3o dos Raiders tem sido examinado pelos propriet\u00e1rios da liga desde que Brady fez sua oferta em maio de 2023.<\/h2>\n<figure class=\"a-photo m-article-header__photo\"><figcaption class=\"a-photo__caption\">\n<p>\tTom Brady observa antes dos Rams receberem os Cowboys em um jogo de pr\u00e9-temporada.<em> AP Photo \/ Gregory Bull<\/em>\t<\/figcaption><\/figure>\n<div class=\"m-article-header__meta\">\n<div class=\"m-article-header__byline\">\n<p class=\"m-article-header__author\">\n<p>\t\t\t\t\t\t\t\tPor MARK ANDERSON e ROB MAADDI, Associated Press\t\t\t\t\t\t\t<\/p>\n<p>\t\t\t\t\t\t    \t\t\t\t\t\t\t<time class=\"m-article-header__date\"><\/p>\n<p>        \t\t\t\t\t\t\t30 de agosto de 2024 | 7:52 AM    \t\t\t\t\t\t\t<\/time><\/p><\/div>\n<\/p><\/div>\n<\/header>\n<p><a href=\"https:\/\/www.boston.com\/tag\/tom-brady\/\">Tom Brady<\/a>A oferta pendente de se tornar um dos propriet\u00e1rios do Las Vegas Raiders desencadeou restri\u00e7\u00f5es em seu acesso a equipes ao redor do mundo. <a href=\"https:\/\/www.boston.com\/tag\/nfl\/\">NFL<\/a> como parte de sua fun\u00e7\u00e3o como locutor da Fox Sports, disse um porta-voz da liga na quinta-feira.<\/p>\n<p>Brady n\u00e3o tem permiss\u00e3o para comparecer a reuni\u00f5es de produ\u00e7\u00e3o de transmiss\u00e3o presenciais ou online e pode n\u00e3o ter acesso \u00e0s instala\u00e7\u00f5es da equipe, jogadores ou treinadores. A equipe da Fox n\u00e3o est\u00e1 sujeita a essas limita\u00e7\u00f5es.<\/p>\n<p>Ele tamb\u00e9m deve obedecer \u00e0 constitui\u00e7\u00e3o e aos estatutos da liga que pro\u00edbem cr\u00edticas p\u00fablicas a dirigentes e outros clubes, mas tem permiss\u00e3o para transmitir jogos dos Raiders.<\/p>\n<p>Brady, um quarterback sete vezes vencedor do Super Bowl, est\u00e1 trabalhando com o locutor play-by-play Kevin Burkhardt na principal equipe de transmiss\u00e3o da NFL da Fox. Ele assinou um contrato de 10 anos com a rede em 2022, mas esta \u00e9 a primeira temporada de Brady anunciando jogos.<\/p>\n<p>Seu esfor\u00e7o para se tornar um <a href=\"https:\/\/www.boston.com\/sports\/nfl\/2024\/05\/23\/nfl-making-progress-tom-brady-las-vegas-raiders-stake-bid\/\">propriet\u00e1rio minorit\u00e1rio<\/a> na organiza\u00e7\u00e3o Raiders tem sido examinada pelos propriet\u00e1rios da liga desde que Brady fez sua oferta em maio de 2023. Os propriet\u00e1rios n\u00e3o votaram sobre o assunto quando se reuniram em mar\u00e7o em Orlando, Fl\u00f3rida, devido a preocupa\u00e7\u00f5es de que Brady estava recebendo um desconto muito grande do propriet\u00e1rio majorit\u00e1rio de Las Vegas, Mark Davis.<\/p>\n<p>Brady \u00e9 dono de uma parte da <a href=\"https:\/\/www.boston.com\/sports\/sports-news\/2023\/10\/03\/wnba-approves-tom-brady-ownership-las-vegas-aces\/\">Ases de Las Vegas da WNBA<\/a>que tamb\u00e9m \u00e9 propriedade de Davis.<\/p>\n<div class=\"m-block m-generic-cta\t m-generic-cta--post-content\t m-generic-cta--dark\t m-generic-cta--homepage\t m-generic-cta--email-signup\t\t m-generic-cta-block-style--default \tt-amp__generic-cta\"><\/p>\n<div class=\"m-generic-cta__wrap\">\n<div class=\"m-generic-cta__content\">\n<h3 class=\"m-generic-cta__title\">Receba as \u00faltimas not\u00edcias esportivas de Boston<\/h3>\n<p class=\"m-generic-cta__subtitle\">Receba atualiza\u00e7\u00f5es sobre seus times favoritos de Boston, diretamente da nossa reda\u00e7\u00e3o para sua caixa de entrada.<\/p>\n<\/p><\/div>\n<\/p><\/div>\n<\/div><\/div>\n<p><script>\n\t\tvar consent=\"grant\";\n\t\t\/* The above code is parsing the JSON data from the local storage and storing it in a variable. *\/\n\t\t\t\t\tconst onetrustStorageConsent = JSON.parse(localStorage.getItem( 'consent_one_trust_bdc' ) );\n\t\t\tif ( ( onetrustStorageConsent !== null ) ) {\n\t\t\t\t\/* Checking to see if the user has consented to the use of cookies.\n\t\t\t\t* If they have not, it is deleting the cookie.\n\t\t\t\t* This will comment for now, until further notice.\n\t\t\t\t*\/\n\t\t\t\t\/\/if ( onetrustStorageConsent.C0002 === false ) {\n\t\t\t\t\/\/\tdocument.cookie=\"_fbp=;expires=Thu, 01 Jan 2010 00:00:00 UTC; path=\/; domain=.boston.com\";\n\t\t\t\t\/\/}\n\t\t\t\t\/* Checking if the user has given consent for the cookie C0002.\n\t\t\t\t* If the user has given consent, the variable consent will be set to 'grant'.\n\t\t\t\t* If the user has not given consent,the variable consent will be set to 'revoke'.\n\t\t\t\t* Documentation https:\/\/developers.facebook.com\/docs\/meta-pixel\/implementation\/gdpr\n\t\t\t\t*\/\n\t\t\t\tif ( onetrustStorageConsent.C0002 !== true ) {\n\t\t\t\t\tconsent=\"revoke\";\n\t\t\t\t}\n\t\t\t}\n\t\t\t\t!function(f,b,e,v,n,t,s)\n\t\t{if(f.fbq)return;n=f.fbq=function(){n.callMethod?\n\t\tn.callMethod.apply(n,arguments):n.queue.push(arguments)};\n\t\tif(!f._fbq)f._fbq=n;n.push=n;n.loaded=!0;n.version='2.0';\n\t\tn.queue=[];t=b.createElement(e);t.async=!0;\n\t\tt.src=v;s=b.getElementsByTagName(e)[0];\n\t\ts.parentNode.insertBefore(t,s)}(window, document,'script',\n\t\t'https:\/\/connect.facebook.net\/en_US\/fbevents.js');\n\t\tfbq('consent', consent);\n\t\tfbq('init', '989222871864976');\n\t\tfbq('track', 'PageView');\n\t<\/script><script type=\"module\">\n\t\tvar consent=\"grant\";\n\t\t\/* The above code is parsing the JSON data from the local storage and storing it in a variable. *\/\n\t\t\tconst onetrustStorageConsent = JSON.parse(localStorage.getItem( 'consent_one_trust_bdc' ) );\n\t\t\t\/* Checking to see if the user has consented to the use of cookies.\n\t\t\t* If they have not, it is deleting the cookie.\n\t\t\t* This will comment for now, until further notice.\n\t\t\t*\/\n\t\t\t\/\/if ( onetrustStorageConsent.C0002 === false ) {\n\t\t\t\/\/\tdocument.cookie=\"_fbp=;expires=Thu, 01 Jan 2010 00:00:00 UTC; path=\/; domain=.boston.com\";\n\t\t\t\/\/}\n\t\t\t\/* Checking if the user has given consent for the cookie C0002.\n\t\t\t* If the user has given consent, the variable consent will be set to 'grant'.\n\t\t\t* If the user has not given consent,the variable consent will be set to 'revoke'.\n\t\t\t* Documentation https:\/\/developers.facebook.com\/docs\/meta-pixel\/implementation\/gdpr\n\t\t\t*\/\n\t\t\tif ( ( onetrustStorageConsent !== null ) && (onetrustStorageConsent.C0002 !== true ) ) {\n\t\t\t\tconsent=\"revoke\";\n\t\t\t}\n\t\t\t\t!function(f,b,e,v,n,t,s){if(f.fbq)return;n=f.fbq=function()\n\t\t{n.callMethod? n.callMethod.apply(n,arguments):n.queue.push(arguments)}\n\t\t;if(!f._fbq)f._fbq=n;\n\t\tn.push=n;n.loaded=!0;n.version='2.0';n.queue=[];t=b.createElement(e);t.async=!0;\n\t\tt.src=v;s=b.getElementsByTagName(e)[0];s.parentNode.insertBefore(t,s)}(window,\n\t\tdocument,'script','https:\/\/connect.facebook.net\/en_US\/fbevents.js');\n\t\tfbq('consent', consent);\n\t\tfbq('init', '813236348753005');\n\t\tfbq('track', \"PageView\");\n\t<\/script><br \/>\n<br \/><br \/>\n<br \/><a href=\"https:\/\/www.boston.com\/sports\/sports-news\/2024\/08\/30\/nfl-restricts-bradys-broadcasting-access-pending-raiders-ownership-stake\/\">Source link <\/a><\/p>","protected":false},"excerpt":{"rendered":"<p>Not\u00edcias esportivas Seu esfor\u00e7o para se tornar um propriet\u00e1rio minorit\u00e1rio na organiza\u00e7\u00e3o dos Raiders tem sido examinado pelos propriet\u00e1rios da liga desde que Brady fez sua oferta em maio de&hellip;<\/p>","protected":false},"author":1,"featured_media":30016,"comment_status":"closed","ping_status":"open","sticky":false,"template":"","format":"standard","meta":{"content-type":"","footnotes":""},"categories":[1],"tags":[],"class_list":["post-30015","post","type-post","status-publish","format-standard","has-post-thumbnail","hentry","category-uncategorized"],"_links":{"self":[{"href":"https:\/\/tvbrazilusa.com\/pt\/wp-json\/wp\/v2\/posts\/30015","targetHints":{"allow":["GET"]}}],"collection":[{"href":"https:\/\/tvbrazilusa.com\/pt\/wp-json\/wp\/v2\/posts"}],"about":[{"href":"https:\/\/tvbrazilusa.com\/pt\/wp-json\/wp\/v2\/types\/post"}],"author":[{"embeddable":true,"href":"https:\/\/tvbrazilusa.com\/pt\/wp-json\/wp\/v2\/users\/1"}],"replies":[{"embeddable":true,"href":"https:\/\/tvbrazilusa.com\/pt\/wp-json\/wp\/v2\/comments?post=30015"}],"version-history":[{"count":1,"href":"https:\/\/tvbrazilusa.com\/pt\/wp-json\/wp\/v2\/posts\/30015\/revisions"}],"predecessor-version":[{"id":30017,"href":"https:\/\/tvbrazilusa.com\/pt\/wp-json\/wp\/v2\/posts\/30015\/revisions\/30017"}],"wp:featuredmedia":[{"embeddable":true,"href":"https:\/\/tvbrazilusa.com\/pt\/wp-json\/wp\/v2\/media\/30016"}],"wp:attachment":[{"href":"https:\/\/tvbrazilusa.com\/pt\/wp-json\/wp\/v2\/media?parent=30015"}],"wp:term":[{"taxonomy":"category","embeddable":true,"href":"https:\/\/tvbrazilusa.com\/pt\/wp-json\/wp\/v2\/categories?post=30015"},{"taxonomy":"post_tag","embeddable":true,"href":"https:\/\/tvbrazilusa.com\/pt\/wp-json\/wp\/v2\/tags?post=30015"}],"curies":[{"name":"wp","href":"https:\/\/api.w.org\/{rel}","templated":true}]}}