{"id":30033,"date":"2024-08-30T12:53:37","date_gmt":"2024-08-30T12:53:37","guid":{"rendered":"https:\/\/tvbrazilusa.com\/2024\/08\/30\/7-licoes-da-primeira-grande-entrevista-de-harris\/"},"modified":"2024-08-30T12:55:15","modified_gmt":"2024-08-30T12:55:15","slug":"7-licoes-da-primeira-grande-entrevista-de-harris","status":"publish","type":"post","link":"https:\/\/tvbrazilusa.com\/pt\/2024\/08\/30\/7-licoes-da-primeira-grande-entrevista-de-harris\/","title":{"rendered":"7 li\u00e7\u00f5es da primeira grande entrevista de Harris"},"content":{"rendered":"<p> <script async src=\"https:\/\/pagead2.googlesyndication.com\/pagead\/js\/adsbygoogle.js?client=ca-pub-8864793242727901\"\r\n     crossorigin=\"anonymous\"><\/script><br \/>\n<\/p>\n<div id=\"\">\n<header class=\"m-article-header m-article-header--standard\">\n\t\t\t\t\t\t\t\t\t\t\t\t<span id=\"article-header-primary-term\"><br \/>\n\t\t\t\t\t\t\t\t<a class=\"a-term a-term--primary\" href=\"https:\/\/www.boston.com\/tag\/politics\/\"><\/p>\n<p>\t\t\t\t\t\t\t\tPol\u00edtica\t\t\t\t\t\t\t\t<\/a><br \/>\n\t\t\t\t\t\t\t<\/span><\/p>\n<h2 class=\"m-article-header__sub-headline\">Na quinta-feira, Harris sugeriu que nomearia um republicano para seu gabinete, um movimento simb\u00f3lico para mostrar que governaria de forma bipartid\u00e1ria.<\/h2>\n<figure class=\"a-photo m-article-header__photo\"><figcaption class=\"a-photo__caption\">\n<p>\tA vice-presidente Kamala Harris, candidata presidencial democrata, discursa no quarto dia da Conven\u00e7\u00e3o Nacional Democrata no United Center em Chicago, em 22 de agosto de 2024. <em> Todd Heisler\/The New York Times<\/em>\t<\/figcaption><\/figure>\n<div class=\"m-article-header__meta\">\n<div class=\"m-article-header__byline\">\n<p class=\"m-article-header__author\">\n<p>\t\t\t\t\t\t\t\tPor Reid J. Epstein, New York Times Service\t\t\t\t\t\t\t<\/p>\n<p>\t\t\t\t\t\t    \t\t\t\t\t\t\t<time class=\"m-article-header__date\"><\/p>\n<p>        \t\t\t\t\t\t\t30 de agosto de 2024 | 8:53 AM    \t\t\t\t\t\t\t<\/time><\/p><\/div>\n<\/p><\/div>\n<\/header>\n<p>WASHINGTON \u2014 O principal motivo da entrevista da CNN com o vice-presidente <a href=\"https:\/\/www.boston.com\/tag\/kamala-harris\/\">Kamala Harris<\/a> acabou sendo not\u00e1vel que foi o primeiro que ela fez desde que o presidente<a href=\"https:\/\/www.boston.com\/tag\/joe-biden\/\"> Joe Biden<\/a> desistiu e a escolheu como sua sucessora.<\/p>\n<p>Sentada ao lado de seu companheiro de chapa, o discretamente solid\u00e1rio governador Tim Walz, de Minnesota, Harris evitou perguntas de Dana Bash na quinta-feira sem causar danos pol\u00edticos ou obter um impulso significativo.<\/p>\n<p>Ela foi met\u00f3dica e avessa ao risco na entrevista de 27 minutos, atuando como uma das primeiras colocadas nas primeiras rodadas do torneio de t\u00eanis do US Open, tentando manter o saque, sobreviver e avan\u00e7ar para a pr\u00f3xima rodada \u2014 neste caso, seu debate de 10 de setembro com o ex-presidente<a href=\"https:\/\/www.boston.com\/tag\/donald-trump\/\"> Donald Trump<\/a>.<\/p>\n<p>Aqui est\u00e3o sete conclus\u00f5es da entrevista:<\/p>\n<h2 class=\"wp-block-heading\" id=\"h-she-hugged-biden-s-policy-legacy\"><b>Ela abra\u00e7ou o legado pol\u00edtico de Biden\u2026 <\/b><\/h2>\n<p>O hist\u00f3rico econ\u00f4mico do governo Biden? \u00d3timo. A posi\u00e7\u00e3o do presidente em rela\u00e7\u00e3o a Israel e \u00e0 Faixa de Gaza? A dela \u00e9 a mesma. A posi\u00e7\u00e3o dele na fronteira? Ela a compartilha, e assinaria o projeto de lei que sua equipe ajudou a negociar. Fracking na Pensilv\u00e2nia? Biden \u00e9 a favor, e ela tamb\u00e9m.<\/p>\n<p>Acontece que Harris \u00e9 uma vendedora melhor das realiza\u00e7\u00f5es de Biden e defensora de seu hist\u00f3rico do que ele jamais foi. Talvez isso n\u00e3o seja nenhuma surpresa, dadas as habilidades pol\u00edticas diminu\u00eddas do presidente e a dificuldade de falar coerentemente nos \u00faltimos anos.<\/p>\n<p>Mas se houvesse alguma d\u00favida sobre se Harris colocaria alguma dist\u00e2ncia entre ela e o legado de Biden, ela deu uma resposta definitiva na noite de quinta-feira.<\/p>\n<p>Ela n\u00e3o vai.<\/p>\n<h2 class=\"wp-block-heading\" id=\"h-but-wants-to-turn-the-page-on-him-as-well-as-trump\"><b>\u2026 mas quer virar a p\u00e1gina dele e de Trump. <\/b><\/h2>\n<p>O que Harris fez foi se oferecer como uma continua\u00e7\u00e3o da lideran\u00e7a de Biden, mesmo se distanciando dele.<\/p>\n<p>Questionada por Bash se ela se arrependia de defender a aptid\u00e3o de Biden para o cargo e sua capacidade de cumprir um segundo mandato, Harris disse que n\u00e3o e elogiou o presidente.<\/p>\n<p>Ent\u00e3o, no instante seguinte, ela habilmente colocou ele e Trump no espelho retrovisor.<\/p>\n<p>\u201cEstou muito orgulhosa de ter servido como vice-presidente de Joe Biden\u201d, ela disse. \u201cEstou muito orgulhosa de concorrer com Tim Walz para presidente dos Estados Unidos e de trazer \u00e0 Am\u00e9rica o que acredito que o povo americano merece, que \u00e9 um novo caminho a seguir, e virar a p\u00e1gina da \u00faltima d\u00e9cada do que acredito ter sido contr\u00e1rio a onde o esp\u00edrito do nosso pa\u00eds realmente est\u00e1.\u201d<\/p>\n<p>Biden, \u00e9 claro, foi presidente, vice-presidente ou um dos principais candidatos \u00e0 presid\u00eancia durante a maior parte dos \u00faltimos 15 anos.<\/p>\n<h2 class=\"wp-block-heading\" id=\"h-she-s-hunting-for-republican-votes\"><b>Ela est\u00e1 ca\u00e7ando votos republicanos. <\/b><\/h2>\n<p>Desde sua ascens\u00e3o, Harris se moveu cuidadosamente em dire\u00e7\u00e3o ao centro pol\u00edtico. Ela abandonou uma s\u00e9rie de posi\u00e7\u00f5es de esquerda de sua campanha de 2020 <a href=\"https:\/\/www.boston.com\/tag\/2024-election\/\">campanha presidencial <\/a>e destacou os republicanos que nunca apoiaram Trump na conven\u00e7\u00e3o democrata na semana passada.<\/p>\n<p>Na quinta-feira, ela sugeriu que nomearia um republicano para seu gabinete, um movimento simb\u00f3lico para mostrar que governaria de forma bipartid\u00e1ria.<\/p>\n<p>\u201cSeria ben\u00e9fico para o p\u00fablico americano ter um membro do meu gabinete que fosse republicano\u201d, disse ela.<\/p>\n<p>Antigamente era comum que presidentes dessem ao outro partido pelo menos um posto de Gabinete. O presidente Barack Obama nomeou o deputado Ray LaHood de Illinois, um republicano, como seu secret\u00e1rio de transportes. O presidente George W. Bush colocou Norman Y. Mineta, um democrata, na mesma fun\u00e7\u00e3o.<\/p>\n<p>Biden e Trump n\u00e3o nomearam nenhum membro do outro partido para seus gabinetes.<\/p>\n<h2 class=\"wp-block-heading\" id=\"h-harris-would-prefer-not-to-discuss-her-race-and-gender\"><b>Harris prefere n\u00e3o discutir sua ra\u00e7a e g\u00eanero. <\/b><\/h2>\n<p>Trump desencadeou uma onda de manchetes negativas quando <a href=\"https:\/\/www.nytimes.com\/2024\/08\/01\/us\/trump-harris-black-asian-race.html\">falsamente sugerido<\/a> que Harris se identificou como negra somente mais tarde na vida, e para ganho pol\u00edtico. Foi uma afirma\u00e7\u00e3o absurda, e o vice-presidente tentou cortar o oxig\u00eanio dela.<\/p>\n<p>\u201cO mesmo velho e cansado manual\u201d, ela disse quando Bash perguntou sobre a alega\u00e7\u00e3o. \u201cPr\u00f3xima pergunta, por favor.\u201d<\/p>\n<p>Questionada se tinha algo a acrescentar, Harris respondeu: \u201c\u00c9 isso\u201d.<\/p>\n<p>Mesmo depois de uma pergunta f\u00e1cil sobre um <a href=\"https:\/\/www.nytimes.com\/2024\/08\/23\/us\/elections\/the-next-generation.html\">foto viral do New York Times <\/a>ao ver sua sobrinha falando na conven\u00e7\u00e3o democrata, Harris se recusou a aceitar a perspectiva de se tornar a primeira mulher negra eleita presidente.<\/p>\n<p>\u201cEstou concorrendo porque acredito que sou a melhor pessoa para fazer esse trabalho neste momento para todos os americanos, independentemente de ra\u00e7a e g\u00eanero\u201d, disse ela, oferecendo uma descri\u00e7\u00e3o cl\u00ednica da fotografia em vez de revelar quaisquer emo\u00e7\u00f5es que sentiu ao v\u00ea-la.<\/p>\n<p>\u201cEu vi aquela fotografia\u201d, ela continuou. \u201cE fiquei profundamente tocada por ela. E, voc\u00ea est\u00e1 certa, ela est\u00e1 \u2014 \u00e9 a parte de tr\u00e1s da cabe\u00e7a dela, e suas duas pequenas tran\u00e7as, e \u2014 e ent\u00e3o eu estou na frente da fotografia, obviamente falando. \u00c9 muito humilhante.\u201d<\/p>\n<h2 class=\"wp-block-heading\" id=\"h-she-still-struggles-to-be-punchy-off-the-cuff\"><b>Ela ainda tem dificuldade em ser contundente de improviso. <\/b><\/h2>\n<p>Os discursos de Harris s\u00e3o cheios de frases simples e declarativas.<\/p>\n<p>Mas a entrevista de quinta-feira foi um lembrete de que, sem roteiro, ela \u00e0s vezes pode dar respostas discursivas que divagam e ziguezagueiam.<\/p>\n<p>Ao discutir seus sentimentos quando Biden lhe disse que encerraria sua campanha e a apoiaria, Harris disse que a princ\u00edpio n\u00e3o havia pensado em como essa reviravolta nos acontecimentos afetaria sua vida e seu legado.<\/p>\n<p>\u201cMeu primeiro pensamento foi sobre ele, para ser honesta\u201d, ela disse. \u201cAcho que a hist\u00f3ria vai mostrar uma s\u00e9rie de coisas sobre a presid\u00eancia de Joe Biden. Acho que a hist\u00f3ria vai mostrar que, de muitas maneiras, foi transformadora, seja no que conquistamos em torno de finalmente investir na infraestrutura da Am\u00e9rica, investir em novas economias, em novas ind\u00fastrias, o que fizemos para reunir nossos aliados novamente, e ter confian\u00e7a em quem somos como Am\u00e9rica, e desenvolver essa alian\u00e7a, o que fizemos para permanecermos fi\u00e9is aos nossos princ\u00edpios, incluindo \u2014 uma das regras e normas internacionais mais importantes, que \u00e9 a import\u00e2ncia da soberania e integridade territorial.\u201d<\/p>\n<p>N\u00e3o era simples e declarativo.<\/p>\n<h2 class=\"wp-block-heading\" id=\"h-dana-bash-navigated-a-tough-night-adeptly\"><b>Dana Bash enfrentou com habilidade uma noite dif\u00edcil. <\/b><\/h2>\n<p>Em um ambiente organizado pela campanha de Harris para parecer amig\u00e1vel \u2014 apenas tr\u00eas pessoas sentadas juntas em um caf\u00e9 do bairro em Savannah, Ge\u00f3rgia \u2014 seria dif\u00edcil para Bash extrair muitas not\u00edcias do vice-presidente.<\/p>\n<p>Ainda assim, a jornalista veterana teve uma boa noite. Conduzindo uma das entrevistas mais importantes de sua carreira, ela enumerou as maiores quest\u00f5es que pairavam sobre a jovem candidatura de Harris, incluindo quais planos espec\u00edficos, exatamente, ela perseguiria e por que ela n\u00e3o havia executado algumas de suas propostas enquanto servia como vice-presidente.<\/p>\n<p>Quando Harris se esquivou de uma pergunta inicial sobre quais eram seus planos para o \u201cDia 1\u201d, Bash perguntou novamente. Quando ainda n\u00e3o havia uma resposta clara, ela perguntou a Walz. Ele tamb\u00e9m n\u00e3o respondeu. Em algum momento, qualquer inquisidor deve seguir em frente, e Bash seguiu.<\/p>\n<p>Os cr\u00edticos republicanos de Harris podem ter desejado um interrogat\u00f3rio mais duro \u2014 ou perguntas mais diretas sobre como ela se sentia em rela\u00e7\u00e3o \u00e0 aptid\u00e3o e perspic\u00e1cia de Biden \u2014, mas Bash pressionou a vice-presidente quando necess\u00e1rio.<\/p>\n<p>Ela tamb\u00e9m for\u00e7ou Walz a admitir que havia falado errado sobre a extens\u00e3o de seu servi\u00e7o militar: &#8220;Minha gram\u00e1tica nem sempre est\u00e1 correta&#8221;, disse ele.<\/p>\n<h2 class=\"wp-block-heading\" id=\"h-walz-is-good-at-sitting-and-smiling\"><b>Walz \u00e9 bom em sentar e sorrir<\/b>.<\/h2>\n<p>Em seus com\u00edcios conjuntos, Walz desempenhou o papel de animadora de torcida, acenando alegremente com os dois bra\u00e7os para a multid\u00e3o em apoio a Harris.<\/p>\n<p>Mas em um cen\u00e1rio de entrevista conjunta, seu papel era mais sereno. Ele ficava sentado ali, em sil\u00eancio, esperando Bash pedir para ele dizer algo. Em um ponto durante o primeiro segmento da entrevista, ele ficou oito minutos inteiros sem falar.<\/p>\n<p>Bash sabia que a pessoa importante a ser ouvida era Harris, e Walz provavelmente tamb\u00e9m sabia.<\/p>\n<p><em>Este artigo foi publicado originalmente em <a href=\"https:\/\/www.nytimes.com\/2024\/08\/29\/us\/politics\/harris-walz-interview-cnn-takeaways.html\">O jornal New York Times<\/a>.<\/em><\/p>\n<div class=\"m-block m-generic-cta\t m-generic-cta--post-content\t m-generic-cta--dark\t m-generic-cta--homepage\t m-generic-cta--email-signup\t\t m-generic-cta-block-style--default \tt-amp__generic-cta\"><\/p>\n<div class=\"m-generic-cta__wrap\">\n<div class=\"m-generic-cta__content\">\n<h3 class=\"m-generic-cta__title\">Alertas de not\u00edcias extras<\/h3>\n<p class=\"m-generic-cta__subtitle\">Receba atualiza\u00e7\u00f5es de \u00faltima hora assim que elas acontecerem.<\/p>\n<\/p><\/div>\n<\/p><\/div>\n<\/div><\/div>\n<p><script>\n\t\tvar consent=\"grant\";\n\t\t\/* The above code is parsing the JSON data from the local storage and storing it in a variable. *\/\n\t\t\t\t\tconst onetrustStorageConsent = JSON.parse(localStorage.getItem( 'consent_one_trust_bdc' ) );\n\t\t\tif ( ( onetrustStorageConsent !== null ) ) {\n\t\t\t\t\/* Checking to see if the user has consented to the use of cookies.\n\t\t\t\t* If they have not, it is deleting the cookie.\n\t\t\t\t* This will comment for now, until further notice.\n\t\t\t\t*\/\n\t\t\t\t\/\/if ( onetrustStorageConsent.C0002 === false ) {\n\t\t\t\t\/\/\tdocument.cookie=\"_fbp=;expires=Thu, 01 Jan 2010 00:00:00 UTC; path=\/; domain=.boston.com\";\n\t\t\t\t\/\/}\n\t\t\t\t\/* Checking if the user has given consent for the cookie C0002.\n\t\t\t\t* If the user has given consent, the variable consent will be set to 'grant'.\n\t\t\t\t* If the user has not given consent,the variable consent will be set to 'revoke'.\n\t\t\t\t* Documentation https:\/\/developers.facebook.com\/docs\/meta-pixel\/implementation\/gdpr\n\t\t\t\t*\/\n\t\t\t\tif ( onetrustStorageConsent.C0002 !== true ) {\n\t\t\t\t\tconsent=\"revoke\";\n\t\t\t\t}\n\t\t\t}\n\t\t\t\t!function(f,b,e,v,n,t,s)\n\t\t{if(f.fbq)return;n=f.fbq=function(){n.callMethod?\n\t\tn.callMethod.apply(n,arguments):n.queue.push(arguments)};\n\t\tif(!f._fbq)f._fbq=n;n.push=n;n.loaded=!0;n.version='2.0';\n\t\tn.queue=[];t=b.createElement(e);t.async=!0;\n\t\tt.src=v;s=b.getElementsByTagName(e)[0];\n\t\ts.parentNode.insertBefore(t,s)}(window, document,'script',\n\t\t'https:\/\/connect.facebook.net\/en_US\/fbevents.js');\n\t\tfbq('consent', consent);\n\t\tfbq('init', '989222871864976');\n\t\tfbq('track', 'PageView');\n\t<\/script><script type=\"module\">\n\t\tvar consent=\"grant\";\n\t\t\/* The above code is parsing the JSON data from the local storage and storing it in a variable. *\/\n\t\t\tconst onetrustStorageConsent = JSON.parse(localStorage.getItem( 'consent_one_trust_bdc' ) );\n\t\t\t\/* Checking to see if the user has consented to the use of cookies.\n\t\t\t* If they have not, it is deleting the cookie.\n\t\t\t* This will comment for now, until further notice.\n\t\t\t*\/\n\t\t\t\/\/if ( onetrustStorageConsent.C0002 === false ) {\n\t\t\t\/\/\tdocument.cookie=\"_fbp=;expires=Thu, 01 Jan 2010 00:00:00 UTC; path=\/; domain=.boston.com\";\n\t\t\t\/\/}\n\t\t\t\/* Checking if the user has given consent for the cookie C0002.\n\t\t\t* If the user has given consent, the variable consent will be set to 'grant'.\n\t\t\t* If the user has not given consent,the variable consent will be set to 'revoke'.\n\t\t\t* Documentation https:\/\/developers.facebook.com\/docs\/meta-pixel\/implementation\/gdpr\n\t\t\t*\/\n\t\t\tif ( ( onetrustStorageConsent !== null ) && (onetrustStorageConsent.C0002 !== true ) ) {\n\t\t\t\tconsent=\"revoke\";\n\t\t\t}\n\t\t\t\t!function(f,b,e,v,n,t,s){if(f.fbq)return;n=f.fbq=function()\n\t\t{n.callMethod? n.callMethod.apply(n,arguments):n.queue.push(arguments)}\n\t\t;if(!f._fbq)f._fbq=n;\n\t\tn.push=n;n.loaded=!0;n.version='2.0';n.queue=[];t=b.createElement(e);t.async=!0;\n\t\tt.src=v;s=b.getElementsByTagName(e)[0];s.parentNode.insertBefore(t,s)}(window,\n\t\tdocument,'script','https:\/\/connect.facebook.net\/en_US\/fbevents.js');\n\t\tfbq('consent', consent);\n\t\tfbq('init', '813236348753005');\n\t\tfbq('track', \"PageView\");\n\t<\/script><br \/>\n<br \/><br \/>\n<br \/><a href=\"https:\/\/www.boston.com\/news\/politics\/2024\/08\/30\/7-takeaways-from-harriss-first-major-interview\/\">Source link <\/a><\/p>","protected":false},"excerpt":{"rendered":"<p>Pol\u00edtica Na quinta-feira, Harris sugeriu que nomearia um republicano para seu gabinete, um movimento simb\u00f3lico para mostrar que governaria de forma bipartid\u00e1ria. A vice-presidente Kamala Harris, candidata presidencial democrata, discursa&hellip;<\/p>","protected":false},"author":1,"featured_media":30034,"comment_status":"closed","ping_status":"open","sticky":false,"template":"","format":"standard","meta":{"content-type":"","footnotes":""},"categories":[1],"tags":[],"class_list":["post-30033","post","type-post","status-publish","format-standard","has-post-thumbnail","hentry","category-uncategorized"],"_links":{"self":[{"href":"https:\/\/tvbrazilusa.com\/pt\/wp-json\/wp\/v2\/posts\/30033","targetHints":{"allow":["GET"]}}],"collection":[{"href":"https:\/\/tvbrazilusa.com\/pt\/wp-json\/wp\/v2\/posts"}],"about":[{"href":"https:\/\/tvbrazilusa.com\/pt\/wp-json\/wp\/v2\/types\/post"}],"author":[{"embeddable":true,"href":"https:\/\/tvbrazilusa.com\/pt\/wp-json\/wp\/v2\/users\/1"}],"replies":[{"embeddable":true,"href":"https:\/\/tvbrazilusa.com\/pt\/wp-json\/wp\/v2\/comments?post=30033"}],"version-history":[{"count":1,"href":"https:\/\/tvbrazilusa.com\/pt\/wp-json\/wp\/v2\/posts\/30033\/revisions"}],"predecessor-version":[{"id":30035,"href":"https:\/\/tvbrazilusa.com\/pt\/wp-json\/wp\/v2\/posts\/30033\/revisions\/30035"}],"wp:featuredmedia":[{"embeddable":true,"href":"https:\/\/tvbrazilusa.com\/pt\/wp-json\/wp\/v2\/media\/30034"}],"wp:attachment":[{"href":"https:\/\/tvbrazilusa.com\/pt\/wp-json\/wp\/v2\/media?parent=30033"}],"wp:term":[{"taxonomy":"category","embeddable":true,"href":"https:\/\/tvbrazilusa.com\/pt\/wp-json\/wp\/v2\/categories?post=30033"},{"taxonomy":"post_tag","embeddable":true,"href":"https:\/\/tvbrazilusa.com\/pt\/wp-json\/wp\/v2\/tags?post=30033"}],"curies":[{"name":"wp","href":"https:\/\/api.w.org\/{rel}","templated":true}]}}