{"id":30044,"date":"2024-08-30T12:56:30","date_gmt":"2024-08-30T12:56:30","guid":{"rendered":"https:\/\/tvbrazilusa.com\/2024\/08\/30\/oms-diz-que-seu-acordo-com-israel-permitira-pausas-limitadas-na-luta-de-gaza-pela-vacinacao-contra-a-poliomielite-wsvn-7news-noticias-de-miami-clima-esportes-fort-lauderdale\/"},"modified":"2024-08-30T13:34:53","modified_gmt":"2024-08-30T13:34:53","slug":"oms-diz-que-seu-acordo-com-israel-permitira-pausas-limitadas-na-luta-de-gaza-pela-vacinacao-contra-a-poliomielite-wsvn-7news-noticias-de-miami-clima-esportes-fort-lauderdale","status":"publish","type":"post","link":"https:\/\/tvbrazilusa.com\/pt\/2024\/08\/30\/oms-diz-que-seu-acordo-com-israel-permitira-pausas-limitadas-na-luta-de-gaza-pela-vacinacao-contra-a-poliomielite-wsvn-7news-noticias-de-miami-clima-esportes-fort-lauderdale\/","title":{"rendered":"OMS diz que seu acordo com Israel permitir\u00e1 pausas limitadas na luta de Gaza pela vacina\u00e7\u00e3o contra a poliomielite &#8211; WSVN 7News | Not\u00edcias de Miami, Clima, Esportes | Fort Lauderdale"},"content":{"rendered":"<p> <script async src=\"https:\/\/pagead2.googlesyndication.com\/pagead\/js\/adsbygoogle.js?client=ca-pub-8864793242727901\"\r\n     crossorigin=\"anonymous\"><\/script><br \/>\n<\/p>\n<div itemprop=\"articleBody\">\n<p>NA\u00c7\u00d5ES UNIDAS (AP) \u2014 A Organiza\u00e7\u00e3o Mundial da Sa\u00fade (OMS) disse na quinta-feira que chegou a um acordo com Israel para pausas limitadas nos combates em Gaza para permitir a vacina\u00e7\u00e3o contra a poliomielite para centenas de milhares de crian\u00e7as depois que um beb\u00ea contraiu o primeiro caso confirmado em 25 anos no territ\u00f3rio palestino.<\/p>\n<p>A campanha de vacina\u00e7\u00e3o come\u00e7ar\u00e1 no domingo no centro de Gaza, com uma \u201cpausa humanit\u00e1ria\u201d que durar\u00e1 das 6h \u00e0s 15h por tr\u00eas dias, podendo ser estendida por mais um dia, se necess\u00e1rio, disse Rik Peeperkorn, representante da OMS nos territ\u00f3rios palestinos.<\/p>\n<p>O esfor\u00e7o \u2014 que foi coordenado com as autoridades israelenses \u2014 ent\u00e3o ser\u00e1 transferido para o sul de Gaza e, finalmente, para o norte de Gaza para pausas semelhantes, disse ele em uma entrevista coletiva da ONU por v\u00eddeo de Deir al-Balah, no centro de Gaza.<\/p>\n<p>\u201cN\u00e3o vou dizer que esse \u00e9 o caminho ideal a seguir. Mas esse \u00e9 um caminho vi\u00e1vel a seguir\u201d, disse Peeperkorn.<\/p>\n<p>A campanha de vacina\u00e7\u00e3o tem como alvo 640.000 crian\u00e7as menores de 10 anos, que receber\u00e3o duas gotas da vacina oral contra a poliomielite em duas rodadas \u2014 a segunda ser\u00e1 administrada quatro semanas ap\u00f3s a primeira.<\/p>\n<p>Peeperkorn disse que as pausas humanit\u00e1rias s\u00e3o essenciais para que as fam\u00edlias possam levar seus filhos para serem vacinados e retornar para onde est\u00e3o hospedados at\u00e9 as 15h.<\/p>\n<p>\u201cTemos um acordo sobre isso, ent\u00e3o esperamos que todas as partes o cumpram\u201d, disse ele.<\/p>\n<p>A OMS disse que os profissionais de sa\u00fade precisam vacinar pelo menos 90% das crian\u00e7as em Gaza para interromper a transmiss\u00e3o da poliomielite. A campanha envolver\u00e1 mais de 2.100 profissionais de sa\u00fade de ag\u00eancias da ONU e do Minist\u00e9rio da Sa\u00fade de Gaza, trabalhando em centenas de locais em Gaza e com equipes m\u00f3veis.<\/p>\n<p>As pausas humanit\u00e1rias n\u00e3o s\u00e3o um cessar-fogo entre Israel e o Hamas que os mediadores EUA, Egito e Catar v\u00eam buscando h\u00e1 muito tempo, inclusive nas negocia\u00e7\u00f5es que est\u00e3o em andamento esta semana.<\/p>\n<p>O Hamas est\u00e1 \u201cpronto para cooperar com organiza\u00e7\u00f5es internacionais para garantir esta campanha\u201d, de acordo com uma declara\u00e7\u00e3o de Basem Naim, membro do gabinete pol\u00edtico do Hamas.<\/p>\n<p>Um oficial israelense disse antes do plano ser anunciado que era esperado algum tipo de pausa t\u00e1tica para permitir que as vacina\u00e7\u00f5es ocorressem. O oficial falou sob condi\u00e7\u00e3o de anonimato antes do plano ser finalizado.<\/p>\n<p>Israel n\u00e3o comentou imediatamente na quinta-feira. O ex\u00e9rcito israelense anunciou anteriormente pausas limitadas em \u00e1reas limitadas para permitir opera\u00e7\u00f5es humanit\u00e1rias internacionais.<\/p>\n<p>Robert Wood, vice-embaixador dos EUA na ONU, pediu a Israel que evite novas ordens de evacua\u00e7\u00e3o de civis durante as pausas e disse que os trabalhadores precisam de seguran\u00e7a para vacinar crian\u00e7as.<\/p>\n<p>\u201c\u00c9 especialmente importante para Israel facilitar o acesso das ag\u00eancias que realizam a campanha de vacina\u00e7\u00e3o e garantir per\u00edodos de calma e abster-se de opera\u00e7\u00f5es militares durante os per\u00edodos da campanha de vacina\u00e7\u00e3o\u201d, disse ele.<\/p>\n<p>A campanha acontece depois que Abdel-Rahman Abu El-Jedian, de 10 meses, ficou parcialmente paralisado por uma cepa mutante do v\u00edrus que as pessoas vacinadas espalham em seus dejetos, dizem cientistas. O beb\u00ea n\u00e3o foi vacinado porque nasceu pouco antes de 7 de outubro, quando militantes do Hamas atacaram Israel e Israel lan\u00e7ou uma ofensiva de retalia\u00e7\u00e3o em Gaza.<\/p>\n<p>Ele \u00e9 uma das centenas de milhares de crian\u00e7as que n\u00e3o foram vacinadas por causa dos conflitos entre Israel e o Hamas.<\/p>\n<p>A p\u00f3lio foi eliminada da maioria das partes do mundo como parte de um esfor\u00e7o de d\u00e9cadas da OMS e parceiros para acabar com a doen\u00e7a. Trabalhadores da sa\u00fade em Gaza t\u00eam alertado sobre o potencial de um surto de p\u00f3lio h\u00e1 meses, \u00e0 medida que a crise humanit\u00e1ria desencadeada pela ofensiva de Israel cresce.<\/p>\n<p>Palestinos deslocados muitas vezes vivem em acampamentos lotados, perto de montes de lixo e \u00e1guas residuais sujas que fluem para as ruas, que os trabalhadores humanit\u00e1rios descrevem como criadouros de doen\u00e7as como a poliomielite, transmitida por meio de fezes.<\/p>\n<p>A cepa de poliomielite que o beb\u00ea de 10 meses contraiu evoluiu de um v\u00edrus enfraquecido que era originalmente parte de uma vacina oral, mas foi removido da vacina em 2016 na esperan\u00e7a de prevenir surtos derivados da vacina. As autoridades de sa\u00fade p\u00fablica sabiam que a decis\u00e3o deixaria as pessoas desprotegidas contra essa cepa em particular, com cientistas dizendo que o caso \u00e9 o resultado de &#8220;uma falha n\u00e3o qualificada&#8221; da pol\u00edtica de sa\u00fade p\u00fablica.<\/p>\n<p><em>Copyright 2024 The Associated Press. Todos os direitos reservados. Este material n\u00e3o pode ser publicado, transmitido, reescrito ou redistribu\u00eddo.<\/em><\/p>\n<div class=\"wp-block-newsletter\">\n\t<strong class=\"wp-block-newsletter__title\">Inscreva-se em nossa Newsletter para receber as \u00faltimas not\u00edcias diretamente na sua caixa de entrada<\/strong><\/p>\n<\/div><\/div>\n<p><br \/>\n<br \/><a href=\"https:\/\/wsvn.com\/news\/us-world\/who-says-its-deal-with-israel-will-allow-limited-pauses-in-gaza-fighting-for-polio-vaccinations\/\">Source link <\/a><\/p>","protected":false},"excerpt":{"rendered":"<p>NA\u00c7\u00d5ES UNIDAS (AP) \u2014 A Organiza\u00e7\u00e3o Mundial da Sa\u00fade (OMS) disse na quinta-feira que chegou a um acordo com Israel para pausas limitadas nos combates em Gaza para permitir a&hellip;<\/p>","protected":false},"author":1,"featured_media":30045,"comment_status":"closed","ping_status":"open","sticky":false,"template":"","format":"standard","meta":{"content-type":"","footnotes":""},"categories":[1],"tags":[],"class_list":["post-30044","post","type-post","status-publish","format-standard","has-post-thumbnail","hentry","category-uncategorized"],"_links":{"self":[{"href":"https:\/\/tvbrazilusa.com\/pt\/wp-json\/wp\/v2\/posts\/30044","targetHints":{"allow":["GET"]}}],"collection":[{"href":"https:\/\/tvbrazilusa.com\/pt\/wp-json\/wp\/v2\/posts"}],"about":[{"href":"https:\/\/tvbrazilusa.com\/pt\/wp-json\/wp\/v2\/types\/post"}],"author":[{"embeddable":true,"href":"https:\/\/tvbrazilusa.com\/pt\/wp-json\/wp\/v2\/users\/1"}],"replies":[{"embeddable":true,"href":"https:\/\/tvbrazilusa.com\/pt\/wp-json\/wp\/v2\/comments?post=30044"}],"version-history":[{"count":1,"href":"https:\/\/tvbrazilusa.com\/pt\/wp-json\/wp\/v2\/posts\/30044\/revisions"}],"predecessor-version":[{"id":30046,"href":"https:\/\/tvbrazilusa.com\/pt\/wp-json\/wp\/v2\/posts\/30044\/revisions\/30046"}],"wp:featuredmedia":[{"embeddable":true,"href":"https:\/\/tvbrazilusa.com\/pt\/wp-json\/wp\/v2\/media\/30045"}],"wp:attachment":[{"href":"https:\/\/tvbrazilusa.com\/pt\/wp-json\/wp\/v2\/media?parent=30044"}],"wp:term":[{"taxonomy":"category","embeddable":true,"href":"https:\/\/tvbrazilusa.com\/pt\/wp-json\/wp\/v2\/categories?post=30044"},{"taxonomy":"post_tag","embeddable":true,"href":"https:\/\/tvbrazilusa.com\/pt\/wp-json\/wp\/v2\/tags?post=30044"}],"curies":[{"name":"wp","href":"https:\/\/api.w.org\/{rel}","templated":true}]}}