{"id":30096,"date":"2024-08-30T14:37:23","date_gmt":"2024-08-30T14:37:23","guid":{"rendered":"https:\/\/tvbrazilusa.com\/2024\/08\/30\/2a-onda-tropical-aparece-no-atlantico-de-olho-no-desenvolvimento-nhc\/"},"modified":"2024-08-30T15:20:43","modified_gmt":"2024-08-30T15:20:43","slug":"2a-onda-tropical-aparece-no-atlantico-de-olho-no-desenvolvimento-nhc","status":"publish","type":"post","link":"https:\/\/tvbrazilusa.com\/pt\/2024\/08\/30\/2a-onda-tropical-aparece-no-atlantico-de-olho-no-desenvolvimento-nhc\/","title":{"rendered":"2\u00aa onda tropical aparece no Atl\u00e2ntico, de olho no desenvolvimento: NHC"},"content":{"rendered":"<p> <script async src=\"https:\/\/pagead2.googlesyndication.com\/pagead\/js\/adsbygoogle.js?client=ca-pub-8864793242727901\"\r\n     crossorigin=\"anonymous\"><\/script><br \/>\n<\/p>\n<div>\n<p>FL\u00d3RIDA \u2014 Uma segunda onda tropical surgiu na costa da \u00c1frica, no Oceano Atl\u00e2ntico, logo atr\u00e1s de outra perturba\u00e7\u00e3o atualmente perto das Pequenas Antilhas e do Mar do Caribe \u2014 e ambas est\u00e3o sendo observadas quanto ao potencial desenvolvimento, de acordo com o Centro Nacional de Furac\u00f5es. <\/p>\n<\/div>\n<div>\n<p>A onda tropical que se aproxima do Mar do Caribe, embora desorganizada, tem 40 por cento de chance de se fortalecer em uma depress\u00e3o tropical nos pr\u00f3ximos sete dias, disse o NHC. \u201cO desenvolvimento gradual deste sistema \u00e9 poss\u00edvel durante os pr\u00f3ximos dias e uma depress\u00e3o tropical pode se formar em algum momento na pr\u00f3xima semana enquanto se move para o oeste\u201d, disse o centro.<\/p>\n<p>Se uma tempestade se desenvolver, ela poder\u00e1 se tornar Francine, a sexta tempestade com nome da temporada de furac\u00f5es de 2024.<\/p>\n<\/div>\n<div>\n<p>Espera-se que a onda chegue \u00e0s Pequenas Antilhas na segunda-feira. Depois disso, h\u00e1 muita incerteza sobre para onde ela pode se mover em seguida e qu\u00e3o forte a tempestade pode ser, disseram os meteorologistas.<\/p>\n<p>\u201cA organiza\u00e7\u00e3o n\u00e3o \u00e9 esperada at\u00e9 o meio da pr\u00f3xima semana. At\u00e9 l\u00e1, os modelos mostrar\u00e3o uma grande dispers\u00e3o e a trajet\u00f3ria final exata \u00e9 imprevis\u00edvel neste momento\u201d, Denis Phillips, meteorologista chefe da ABC Action News, <a href=\"https:\/\/www.facebook.com\/denisphillipsweatherman\/\" target=\"_blank\" rel=\"nofollow noopener\">escreveu em uma postagem no Facebook na manh\u00e3 de sexta-feira<\/a>. <\/p>\n<\/div>\n<div>\n<p>Ele acrescentou: \u201cPoderia ir para qualquer lugar do Texas (\u00faltimo GFS) at\u00e9 a costa leste dos EUA. No entanto, se isso impactasse a Fl\u00f3rida, provavelmente seria no pr\u00f3ximo fim de semana. (A prop\u00f3sito, o GFS foi a sequ\u00eancia mostrando o furac\u00e3o na Fl\u00f3rida ontem e hoje ele atingiu o Texas. (Amanh\u00e3, quem sabe?)\u201d<\/p>\n<hr\/>\n<p><strong>Relacionado:<\/strong><\/p>\n<\/div>\n<div>\n<hr\/>\n<p>O sistema est\u00e1 sendo <a href=\"https:\/\/weather.com\/storms\/hurricane\/news\/2024-08-29-atlantic-tropical-development-possible-francine\" target=\"_blank\" rel=\"nofollow noopener\">direcionado para o oeste pela alta press\u00e3o ao norte<\/a>disseram os meteorologistas do Weather Channel. \u201cIndependentemente do desenvolvimento, as Pequenas Antilhas podem ver chuvas pesadas e ventos fortes conforme o sistema se move. No entanto, ainda \u00e9 incerto o quanto esse sistema se organizar\u00e1 e para onde ir\u00e1 quando chegar ao Caribe. A for\u00e7a da alta das Bermudas e o padr\u00e3o de n\u00edvel superior resultante ajudar\u00e3o a determinar exatamente para onde esse sistema se mover\u00e1 na pr\u00f3xima semana.\u201d<\/p>\n<p>A for\u00e7a da tempestade tamb\u00e9m est\u00e1 em quest\u00e3o, Matt Devitt com WINK Weather <a href=\"https:\/\/www.facebook.com\/MattDevittWeather\" target=\"_blank\" rel=\"nofollow noopener\">escreveu em uma postagem no Facebook na quinta-feira \u00e0 noite<\/a>. <\/p>\n<\/div>\n<div>\n<p>\u201cSe seguir um caminho mais ao norte, pode atingir uma ou v\u00e1rias ilhas montanhosas&#8230; cobrando um pre\u00e7o de sua for\u00e7a e organiza\u00e7\u00e3o\u201d, ele escreveu. \u201cSe seguir um caminho mais ao sul, passaria mais tempo sobre as \u00e1guas muito quentes do Caribe e potencialmente ficaria mais forte se isso coincidisse com menor cisalhamento.\u201d<\/p>\n<p>A mais nova onda tropical tem 20% de chance de se desenvolver nos pr\u00f3ximos sete dias, disse o NHC. <\/p>\n<p>Atualmente, est\u00e1 entre a costa oeste da \u00c1frica e as Ilhas de Cabo Verde, onde est\u00e1 produzindo \u201catividade m\u00ednima de chuva e tempestade\u201d, disse a ag\u00eancia. \u201cAlgum desenvolvimento lento deste sistema \u00e9 poss\u00edvel at\u00e9 o final da pr\u00f3xima semana, enquanto ele se move lentamente para oeste-noroeste sobre o<br \/>Atl\u00e2ntico tropical oriental e central.\u201d<\/p>\n<p>Embora &#8220;n\u00e3o seja uma preocupa\u00e7\u00e3o imediata para \u00e1reas terrestres&#8221;, os meteorologistas continuar\u00e3o de olho no fen\u00f4meno, de acordo com o The Weather Channel.<\/p>\n<\/div>\n<p><br \/>\n<br \/><a href=\"http:\/\/patch.com\/florida\/southtampa\/2nd-tropical-wave-pops-atlantic-eyed-development-nhc?utm_source=article-mostrecent&#038;utm_medium=rss&#038;utm_term=weather&#038;utm_campaign=recirc&#038;utm_content=aol\">Source link <\/a><\/p>","protected":false},"excerpt":{"rendered":"<p>FL\u00d3RIDA \u2014 Uma segunda onda tropical surgiu na costa da \u00c1frica, no Oceano Atl\u00e2ntico, logo atr\u00e1s de outra perturba\u00e7\u00e3o atualmente perto das Pequenas Antilhas e do Mar do Caribe \u2014&hellip;<\/p>","protected":false},"author":1,"featured_media":30097,"comment_status":"closed","ping_status":"open","sticky":false,"template":"","format":"standard","meta":{"content-type":"","footnotes":""},"categories":[1],"tags":[],"class_list":["post-30096","post","type-post","status-publish","format-standard","has-post-thumbnail","hentry","category-uncategorized"],"_links":{"self":[{"href":"https:\/\/tvbrazilusa.com\/pt\/wp-json\/wp\/v2\/posts\/30096","targetHints":{"allow":["GET"]}}],"collection":[{"href":"https:\/\/tvbrazilusa.com\/pt\/wp-json\/wp\/v2\/posts"}],"about":[{"href":"https:\/\/tvbrazilusa.com\/pt\/wp-json\/wp\/v2\/types\/post"}],"author":[{"embeddable":true,"href":"https:\/\/tvbrazilusa.com\/pt\/wp-json\/wp\/v2\/users\/1"}],"replies":[{"embeddable":true,"href":"https:\/\/tvbrazilusa.com\/pt\/wp-json\/wp\/v2\/comments?post=30096"}],"version-history":[{"count":1,"href":"https:\/\/tvbrazilusa.com\/pt\/wp-json\/wp\/v2\/posts\/30096\/revisions"}],"predecessor-version":[{"id":30098,"href":"https:\/\/tvbrazilusa.com\/pt\/wp-json\/wp\/v2\/posts\/30096\/revisions\/30098"}],"wp:featuredmedia":[{"embeddable":true,"href":"https:\/\/tvbrazilusa.com\/pt\/wp-json\/wp\/v2\/media\/30097"}],"wp:attachment":[{"href":"https:\/\/tvbrazilusa.com\/pt\/wp-json\/wp\/v2\/media?parent=30096"}],"wp:term":[{"taxonomy":"category","embeddable":true,"href":"https:\/\/tvbrazilusa.com\/pt\/wp-json\/wp\/v2\/categories?post=30096"},{"taxonomy":"post_tag","embeddable":true,"href":"https:\/\/tvbrazilusa.com\/pt\/wp-json\/wp\/v2\/tags?post=30096"}],"curies":[{"name":"wp","href":"https:\/\/api.w.org\/{rel}","templated":true}]}}