{"id":30099,"date":"2024-08-30T12:28:48","date_gmt":"2024-08-30T12:28:48","guid":{"rendered":"https:\/\/tvbrazilusa.com\/2024\/08\/30\/estudante-da-flanagan-high-school-e-fatalmente-atropelado-por-carro-a-caminho-da-escola-wsvn-7news-noticias-de-miami-clima-esportes-fort-lauderdale\/"},"modified":"2024-08-30T15:30:04","modified_gmt":"2024-08-30T15:30:04","slug":"estudante-da-flanagan-high-school-e-fatalmente-atropelado-por-carro-a-caminho-da-escola-wsvn-7news-noticias-de-miami-clima-esportes-fort-lauderdale","status":"publish","type":"post","link":"https:\/\/tvbrazilusa.com\/pt\/2024\/08\/30\/estudante-da-flanagan-high-school-e-fatalmente-atropelado-por-carro-a-caminho-da-escola-wsvn-7news-noticias-de-miami-clima-esportes-fort-lauderdale\/","title":{"rendered":"Estudante da Flanagan High School \u00e9 fatalmente atropelado por carro a caminho da escola &#8211; WSVN 7News | Not\u00edcias de Miami, Clima, Esportes | Fort Lauderdale"},"content":{"rendered":"<p> <script async src=\"https:\/\/pagead2.googlesyndication.com\/pagead\/js\/adsbygoogle.js?client=ca-pub-8864793242727901\"\r\n     crossorigin=\"anonymous\"><\/script><br \/>\n<\/p>\n<div itemprop=\"articleBody\">\n<p>PEMBROKE PINES, FLA. (WSVN) &#8211; Um estudante de 15 anos perdeu a vida ap\u00f3s ser <a href=\"https:\/\/wsvn.com\/news\/local\/broward\/15-year-old-fatally-struck-by-vehicle-in-pembroke-pines\/\" data-type=\"link\" data-id=\"https:\/\/wsvn.com\/news\/local\/broward\/15-year-old-fatally-struck-by-vehicle-in-pembroke-pines\/\">atropelado por um carro a caminho da escola em Pembroke Pines.<\/a><\/p>\n<p>O incidente ocorreu no quarteir\u00e3o 12000 da Washington Street na quinta-feira, pouco antes das 7h. O aluno do 10\u00ba ano estava a caminho da Charles W. Flanagan High School, onde estudava.<\/p>\n<p>Na \u00e9poca, foi relatado que ele estava parcialmente parado na estrada e parcialmente no canteiro central quando foi atingido por um ve\u00edculo que vinha em sentido contr\u00e1rio.<\/p>\n<p>A pol\u00edcia acredita que a baixa visibilidade devido ao mau tempo pode ter sido um fator neste tr\u00e1gico incidente.<\/p>\n<p>Na tarde de quinta-feira, o diretor da Flanagan High School, Brad Fatout, enviou uma carta \u00e0 comunidade escolar. <\/p>\n<blockquote class=\"wp-block-quote is-layout-flow wp-block-quote-is-layout-flow\">\n<p>\u201cEstou triste em compartilhar not\u00edcias tr\u00e1gicas que impactam nossa comunidade escolar. Um de nossos alunos faleceu ap\u00f3s ser atingido por um ve\u00edculo perto de um ponto de \u00f4nibus escolar esta manh\u00e3. Quero oferecer minhas mais profundas condol\u00eancias \u00e0 fam\u00edlia do aluno e entes queridos, professores e colegas de classe enquanto lamentamos esta grande perda. Pe\u00e7o \u00e0 nossa comunidade escolar que se re\u00fana em torno da fam\u00edlia em ora\u00e7\u00e3o e apoio durante este momento de profunda tristeza.\u201d<\/p>\n<\/blockquote>\n<p>Na sexta-feira, os alunos ficaram com o cora\u00e7\u00e3o partido ao saber da perda do colega e amigo, e alguns o descreveram como algu\u00e9m gentil, engra\u00e7ado e uma alegria de se conviver.<\/p>\n<p>\u201cEle realmente era um garoto doce\u201d, disse um aluno.<\/p>\n<p>\u201cEle estudou na Pines Middle e moramos no mesmo bairro\u201d, disse outro. <\/p>\n<p>Conhecido pelos colegas como Elvis, muitos deles recorreram \u00e0s redes sociais para compartilhar suas condol\u00eancias.  <\/p>\n<p>Pais como Paula Espinoza ficaram arrasados \u200b\u200bcom a not\u00edcia e reservaram um tempo para falar com o 7News enquanto deixavam o filho na escola.<\/p>\n<p>\u201cD\u00f3i\u201d, ela disse entre l\u00e1grimas. \u201cE eu tenho quatro filhos. Ele \u00e9 meu mais velho e eu o deixo na escola. Andar para onde? Imposs\u00edvel.\u201d<\/p>\n<p>Visivelmente abalada, Espinoza gostaria que o tempo estivesse a seu favor naquela manh\u00e3 de quinta-feira e que ela pudesse ter feito algo para ajudar Elvis. <\/p>\n<p>\u201cFoi uma loucura porque passamos por l\u00e1. Mal sabia eu que teria parado porque saio de casa tipo 6:45 da manh\u00e3\u201d, disse ela.<\/p>\n<p>\u00c9 um come\u00e7o triste para o ano letivo, enquanto alunos e pais aprendem a lidar com essa perda terr\u00edvel. <\/p>\n<p>\u201cComo pais, realmente temos que ser mais cuidadosos. S\u00e3o motoristas descuidados. Vejo isso o tempo todo\u201d, disse Paula Espinoza.<\/p>\n<p>De acordo com a Pol\u00edcia de Pembroke Pines, o motorista do ve\u00edculo permaneceu no local e cooperou com a investiga\u00e7\u00e3o. A identidade do adolescente ainda n\u00e3o foi confirmada pela pol\u00edcia.<\/p>\n<p><em>Copyright 2024 Sunbeam Television Corp. Todos os direitos reservados. Este material n\u00e3o pode ser publicado, transmitido, reescrito ou redistribu\u00eddo.<\/em><\/p>\n<div class=\"wp-block-newsletter\">\n\t<strong class=\"wp-block-newsletter__title\">Inscreva-se em nossa Newsletter para receber as \u00faltimas not\u00edcias diretamente na sua caixa de entrada<\/strong><\/p>\n<\/div><\/div>\n<p><br \/>\n<br \/><a href=\"https:\/\/wsvn.com\/news\/local\/broward\/flanagan-high-school-student-fatally-struck-by-car-on-way-to-school\/\">Source link <\/a><\/p>","protected":false},"excerpt":{"rendered":"<p>PEMBROKE PINES, FLA. (WSVN) &#8211; Um estudante de 15 anos perdeu a vida ap\u00f3s ser atropelado por um carro a caminho da escola em Pembroke Pines. O incidente ocorreu no&hellip;<\/p>","protected":false},"author":1,"featured_media":30028,"comment_status":"closed","ping_status":"open","sticky":false,"template":"","format":"standard","meta":{"content-type":"","footnotes":""},"categories":[1],"tags":[],"class_list":["post-30099","post","type-post","status-publish","format-standard","has-post-thumbnail","hentry","category-uncategorized"],"_links":{"self":[{"href":"https:\/\/tvbrazilusa.com\/pt\/wp-json\/wp\/v2\/posts\/30099","targetHints":{"allow":["GET"]}}],"collection":[{"href":"https:\/\/tvbrazilusa.com\/pt\/wp-json\/wp\/v2\/posts"}],"about":[{"href":"https:\/\/tvbrazilusa.com\/pt\/wp-json\/wp\/v2\/types\/post"}],"author":[{"embeddable":true,"href":"https:\/\/tvbrazilusa.com\/pt\/wp-json\/wp\/v2\/users\/1"}],"replies":[{"embeddable":true,"href":"https:\/\/tvbrazilusa.com\/pt\/wp-json\/wp\/v2\/comments?post=30099"}],"version-history":[{"count":1,"href":"https:\/\/tvbrazilusa.com\/pt\/wp-json\/wp\/v2\/posts\/30099\/revisions"}],"predecessor-version":[{"id":30100,"href":"https:\/\/tvbrazilusa.com\/pt\/wp-json\/wp\/v2\/posts\/30099\/revisions\/30100"}],"wp:featuredmedia":[{"embeddable":true,"href":"https:\/\/tvbrazilusa.com\/pt\/wp-json\/wp\/v2\/media\/30028"}],"wp:attachment":[{"href":"https:\/\/tvbrazilusa.com\/pt\/wp-json\/wp\/v2\/media?parent=30099"}],"wp:term":[{"taxonomy":"category","embeddable":true,"href":"https:\/\/tvbrazilusa.com\/pt\/wp-json\/wp\/v2\/categories?post=30099"},{"taxonomy":"post_tag","embeddable":true,"href":"https:\/\/tvbrazilusa.com\/pt\/wp-json\/wp\/v2\/tags?post=30099"}],"curies":[{"name":"wp","href":"https:\/\/api.w.org\/{rel}","templated":true}]}}