{"id":30119,"date":"2024-08-30T15:58:11","date_gmt":"2024-08-30T15:58:11","guid":{"rendered":"https:\/\/tvbrazilusa.com\/2024\/08\/30\/um-verdadeiro-profissional-tom-brady-elogia-jayson-tatum-por-sua-forma-de-lidar-com-o-supino-olimpico\/"},"modified":"2024-08-30T16:15:41","modified_gmt":"2024-08-30T16:15:41","slug":"um-verdadeiro-profissional-tom-brady-elogia-jayson-tatum-por-sua-forma-de-lidar-com-o-supino-olimpico","status":"publish","type":"post","link":"https:\/\/tvbrazilusa.com\/pt\/2024\/08\/30\/um-verdadeiro-profissional-tom-brady-elogia-jayson-tatum-por-sua-forma-de-lidar-com-o-supino-olimpico\/","title":{"rendered":"&#8216;Um verdadeiro profissional&#8217;: Tom Brady elogia Jayson Tatum por sua forma de lidar com o supino ol\u00edmpico"},"content":{"rendered":"<p> <script async src=\"https:\/\/pagead2.googlesyndication.com\/pagead\/js\/adsbygoogle.js?client=ca-pub-8864793242727901\"\r\n     crossorigin=\"anonymous\"><\/script><br \/>\n<\/p>\n<div id=\"\">\n<header class=\"m-article-header m-article-header--standard\">\n\t\t\t\t\t\t\t\t\t\t\t\t<span id=\"article-header-primary-term\"><br \/>\n\t\t\t\t\t\t\t\t<a class=\"a-term a-term--primary\" href=\"https:\/\/www.boston.com\/tag\/boston-celtics\/\"><\/p>\n<p>\t\t\t\t\t\t\t\tCeltas\t\t\t\t\t\t\t\t<\/a><br \/>\n\t\t\t\t\t\t\t<\/span><\/p>\n<h2 class=\"m-article-header__sub-headline\">&#8220;Tenho mais respeito por Jayson Tatum agora do que nunca!&#8221; escreveu Brady.<\/h2>\n<figure class=\"a-photo m-article-header__photo\"><figcaption class=\"a-photo__caption\">\n<p>\tJayson Tatum e Tom Brady.<em> Fan\u00e1ticos<\/em>\t<\/figcaption><\/figure>\n<\/header>\n<div class=\"m-block t-amp__list-container m-article-list-container m-article-list-container--frame-border a-border-frame  a-list-header__headline--red m-article-list--alternative--default  m-article-list--floated\">\n<ul class=\"t-amp__list a-list--no-style m-article-list m-article-list--recirculation m-article-list--has-images\">\n<li class=\"m-article-list__item m-article-list__item--featured\">\n\t\t\t\t<a class=\"m-article-list__link-wrapper\" href=\"https:\/\/www.boston.com\/sports\/sports-news\/2024\/08\/30\/nfl-restricts-bradys-broadcasting-access-pending-raiders-ownership-stake\/\" data-p1=\"article_recirc_inline_feature\"><br \/>\n\t\t\t\t<img fetchpriority=\"high\" decoding=\"async\" width=\"768\" height=\"432\" src=\"https:\/\/bdc2020.o0bc.com\/wp-content\/uploads\/2024\/08\/Cowboys_Rams_Football_27132-66d1b0a74631f-768x432.jpg\" class=\"t-amp__list-image m-article-list__image m-article-list__image--full wp-post-image\" alt=\"Tom Brady observa antes dos Rams receberem os Cowboys em um jogo de pr\u00e9-temporada em Inglewood.\" aria-hidden=\"true\" srcset=\"https:\/\/bdc2020.o0bc.com\/wp-content\/uploads\/2024\/08\/Cowboys_Rams_Football_27132-66d1b0a74631f-768x432.jpg?width=200 200w, https:\/\/bdc2020.o0bc.com\/wp-content\/uploads\/2024\/08\/Cowboys_Rams_Football_27132-66d1b0a74631f-768x432.jpg?width=300 300w, https:\/\/bdc2020.o0bc.com\/wp-content\/uploads\/2024\/08\/Cowboys_Rams_Football_27132-66d1b0a74631f-768x432.jpg?width=400 400w, https:\/\/bdc2020.o0bc.com\/wp-content\/uploads\/2024\/08\/Cowboys_Rams_Football_27132-66d1b0a74631f-768x432.jpg?width=500 500w, https:\/\/bdc2020.o0bc.com\/wp-content\/uploads\/2024\/08\/Cowboys_Rams_Football_27132-66d1b0a74631f-768x432.jpg?width=600 600w, https:\/\/bdc2020.o0bc.com\/wp-content\/uploads\/2024\/08\/Cowboys_Rams_Football_27132-66d1b0a74631f-768x432.jpg?width=700 700w, https:\/\/bdc2020.o0bc.com\/wp-content\/uploads\/2024\/08\/Cowboys_Rams_Football_27132-66d1b0a74631f-768x432.jpg?width=800 800w, https:\/\/bdc2020.o0bc.com\/wp-content\/uploads\/2024\/08\/Cowboys_Rams_Football_27132-66d1b0a74631f-768x432.jpg?width=900 900w\" sizes=\"(max-width: 768px) 100vw, 768px\"\/>\t\t\t\t\t<\/p>\n<p><h4 class=\"m-article-list__headline t-amp__list-headline\">\n\t\t\t\t\t\t\t<span class=\"m-article-list__link a-link a-link--inline a-link--text-link a-link--text-link-dark\"><\/p>\n<p>\t\t\t\t\t\t\tA NFL imp\u00f5e restri\u00e7\u00f5es ao acesso de transmiss\u00e3o de Tom Brady devido \u00e0 participa\u00e7\u00e3o acion\u00e1ria pendente dos Raiders\t\t\t\t\t\t\t<\/span><br \/>\n\t\t\t\t\t\t<\/h4>\n<\/p>\n<p>\t\t\t\t<\/a>\n\t\t\t<\/li>\n<li class=\"m-article-list__item\">\n\t\t\t\t\t\t<a class=\"m-article-list__link-wrapper\" href=\"https:\/\/www.boston.com\/sports\/boston-celtics\/2024\/08\/29\/judge-says-ex-celtics-forward-glen-big-baby-davis-can-delay-prison-to-finish-film\/\" data-p1=\"article_recirc_inline_feed\"><\/p>\n<p><h4 class=\"m-article-list__headline\">\n\t\t\t\t\t\t\t\t\t<span class=\"m-article-list__link a-link a-link--inline a-link--text-link a-link--text-link-dark\"><\/p>\n<p>\t\t\t\t\t\t\t\t\tJuiz diz que ex-atacante do Celtics Glen &#8216;Big Baby&#8217; Davis pode adiar pris\u00e3o para terminar filme\t\t\t\t\t\t\t\t\t<\/span><br \/>\n\t\t\t\t\t\t\t\t<\/h4>\n<\/p>\n<p>\t\t\t\t\t\t<\/a>\n\t\t\t\t\t<\/li>\n<\/ul>\n<\/div>\n<p>Jayson Tatum ficou no banco, n\u00e3o uma, mas duas vezes, durante as Olimp\u00edadas de Paris neste ver\u00e3o.<\/p>\n<p>O<a href=\"https:\/\/www.boston.com\/sports\/boston-celtics\/2024\/08\/29\/jayson-tatum-paris-olympics-nyt-interview\/\"> Estrela do Celtics<\/a> ainda conseguiu manter a compostura e uma atitude positiva enquanto o Time EUA conquistava a medalha de ouro no basquete masculino. Ele falou com <a href=\"https:\/\/www.nytimes.com\/athletic\/5729821\/2024\/08\/29\/jayson-tatum-team-usa-benching-boston-celtics\/\">Jared Weiss do The Athletic <\/a>sobre como ele lidou com a situa\u00e7\u00e3o e como se sentiu no momento.<\/p>\n<p>\u201cEu n\u00e3o estava deprimido. Eu n\u00e3o tinha atitude\u201d, Tatum disse ao The Athletic. \u201cEu n\u00e3o estava bravo com o mundo. Eu fiquei pronto e fiz o que me foi pedido e ganhei uma medalha de ouro, certo? <\/p>\n<p>\u201cEu sei que n\u00e3o fiz um arremesso quando estava com o Time EUA\u201d, Tatum acrescentou. \u201cN\u00e3o sei, lei das m\u00e9dias. \u00c9 uma coisa estranha de ritmo estar com o Time EUA; voc\u00ea nunca sabe exatamente quando vai pegar a bola. Mas isso faz parte. Voc\u00ea se inscreve para isso porque eu j\u00e1 fiz isso antes (nos Jogos de T\u00f3quio).\u201d<\/p>\n<p>O SportsCenter da ESPN publicou um gr\u00e1fico com os coment\u00e1rios de Tatum e suas estat\u00edsticas ol\u00edmpicas (5,3 pontos por jogo com 38% de aproveitamento nos arremessos)<a href=\"https:\/\/www.instagram.com\/sportscenter\/?utm_source=ig_embed&#038;ig_rid=8be4043c-326c-432d-b441-8d13c1fe3dde\"> no Instagram.<\/a> Houve v\u00e1rios apoiadores nos coment\u00e1rios elogiando Tatum, incluindo a lenda dos Patriots, Tom Brady. <\/p>\n<p>\u201cUm verdadeiro profissional! Um verdadeiro campe\u00e3o! E um grande companheiro de equipe!\u201d Brady escreveu. \u201cDevemos celebrar pessoas que se importam mais com o sucesso da equipe do que com o sucesso individual! <\/p>\n<p>\u201cH\u00e1 tantas pessoas envolvidas em cada organiza\u00e7\u00e3o que nem sempre desempenham um papel &#8216;inicial&#8217;, mas desempenham um papel enorme no sucesso da equipe\u201d, Brady continuou. \u201cTenho mais respeito por Jayson Tatum agora do que nunca! 100% agora \u00e9 isso que dever\u00edamos ensinar aos nossos filhos!\u201d <\/p>\n<p>Tatum, rec\u00e9m-sa\u00eddo de seu primeiro campeonato da NBA com os Celtics e de sua quinta apari\u00e7\u00e3o consecutiva no All-Star Game, \u00e9 considerado uma estrela h\u00e1 muito tempo.<\/p>\n<p>Ele foi o prospecto de basquete universit\u00e1rio n\u00ba 3 do pa\u00eds durante seu \u00faltimo ano do ensino m\u00e9dio, de acordo com a ESPN. O Celtics o selecionou como n\u00ba 3 geral no Draft da NBA em 2017. Ele ganhou v\u00e1rios pr\u00eamios durante sua carreira na NBA e foi indiscutivelmente o melhor jogador do melhor time da NBA na temporada passada. <\/p>\n<p>Ele facilmente poderia ter causado mais uma cena sobre seu tempo de jogo, mas escolheu n\u00e3o fazer isso. A abordagem humilde atraiu elogios de Brady. <\/p>\n<div class=\"m-block m-generic-cta\t m-generic-cta--post-content\t m-generic-cta--dark\t m-generic-cta--homepage\t m-generic-cta--email-signup\t\t m-generic-cta-block-style--default \tt-amp__generic-cta\"><\/p>\n<div class=\"m-generic-cta__wrap\">\n<div class=\"m-generic-cta__content\">\n<h3 class=\"m-generic-cta__title\">Inscreva-se para receber atualiza\u00e7\u00f5es do Celtics\ud83c\udfc0<\/h3>\n<p class=\"m-generic-cta__subtitle\">Receba not\u00edcias de \u00faltima hora e an\u00e1lises na sua caixa de entrada durante a temporada de basquete.<\/p>\n<\/p><\/div>\n<\/p><\/div>\n<\/div><\/div>\n<p><script>\n\t\tvar consent=\"grant\";\n\t\t\/* The above code is parsing the JSON data from the local storage and storing it in a variable. *\/\n\t\t\t\t\tconst onetrustStorageConsent = JSON.parse(localStorage.getItem( 'consent_one_trust_bdc' ) );\n\t\t\tif ( ( onetrustStorageConsent !== null ) ) {\n\t\t\t\t\/* Checking to see if the user has consented to the use of cookies.\n\t\t\t\t* If they have not, it is deleting the cookie.\n\t\t\t\t* This will comment for now, until further notice.\n\t\t\t\t*\/\n\t\t\t\t\/\/if ( onetrustStorageConsent.C0002 === false ) {\n\t\t\t\t\/\/\tdocument.cookie=\"_fbp=;expires=Thu, 01 Jan 2010 00:00:00 UTC; path=\/; domain=.boston.com\";\n\t\t\t\t\/\/}\n\t\t\t\t\/* Checking if the user has given consent for the cookie C0002.\n\t\t\t\t* If the user has given consent, the variable consent will be set to 'grant'.\n\t\t\t\t* If the user has not given consent,the variable consent will be set to 'revoke'.\n\t\t\t\t* Documentation https:\/\/developers.facebook.com\/docs\/meta-pixel\/implementation\/gdpr\n\t\t\t\t*\/\n\t\t\t\tif ( onetrustStorageConsent.C0002 !== true ) {\n\t\t\t\t\tconsent=\"revoke\";\n\t\t\t\t}\n\t\t\t}\n\t\t\t\t!function(f,b,e,v,n,t,s)\n\t\t{if(f.fbq)return;n=f.fbq=function(){n.callMethod?\n\t\tn.callMethod.apply(n,arguments):n.queue.push(arguments)};\n\t\tif(!f._fbq)f._fbq=n;n.push=n;n.loaded=!0;n.version='2.0';\n\t\tn.queue=[];t=b.createElement(e);t.async=!0;\n\t\tt.src=v;s=b.getElementsByTagName(e)[0];\n\t\ts.parentNode.insertBefore(t,s)}(window, document,'script',\n\t\t'https:\/\/connect.facebook.net\/en_US\/fbevents.js');\n\t\tfbq('consent', consent);\n\t\tfbq('init', '989222871864976');\n\t\tfbq('track', 'PageView');\n\t<\/script><script type=\"module\">\n\t\tvar consent=\"grant\";\n\t\t\/* The above code is parsing the JSON data from the local storage and storing it in a variable. *\/\n\t\t\tconst onetrustStorageConsent = JSON.parse(localStorage.getItem( 'consent_one_trust_bdc' ) );\n\t\t\t\/* Checking to see if the user has consented to the use of cookies.\n\t\t\t* If they have not, it is deleting the cookie.\n\t\t\t* This will comment for now, until further notice.\n\t\t\t*\/\n\t\t\t\/\/if ( onetrustStorageConsent.C0002 === false ) {\n\t\t\t\/\/\tdocument.cookie=\"_fbp=;expires=Thu, 01 Jan 2010 00:00:00 UTC; path=\/; domain=.boston.com\";\n\t\t\t\/\/}\n\t\t\t\/* Checking if the user has given consent for the cookie C0002.\n\t\t\t* If the user has given consent, the variable consent will be set to 'grant'.\n\t\t\t* If the user has not given consent,the variable consent will be set to 'revoke'.\n\t\t\t* Documentation https:\/\/developers.facebook.com\/docs\/meta-pixel\/implementation\/gdpr\n\t\t\t*\/\n\t\t\tif ( ( onetrustStorageConsent !== null ) && (onetrustStorageConsent.C0002 !== true ) ) {\n\t\t\t\tconsent=\"revoke\";\n\t\t\t}\n\t\t\t\t!function(f,b,e,v,n,t,s){if(f.fbq)return;n=f.fbq=function()\n\t\t{n.callMethod? n.callMethod.apply(n,arguments):n.queue.push(arguments)}\n\t\t;if(!f._fbq)f._fbq=n;\n\t\tn.push=n;n.loaded=!0;n.version='2.0';n.queue=[];t=b.createElement(e);t.async=!0;\n\t\tt.src=v;s=b.getElementsByTagName(e)[0];s.parentNode.insertBefore(t,s)}(window,\n\t\tdocument,'script','https:\/\/connect.facebook.net\/en_US\/fbevents.js');\n\t\tfbq('consent', consent);\n\t\tfbq('init', '813236348753005');\n\t\tfbq('track', \"PageView\");\n\t<\/script><script async src=\"\/\/www.instagram.com\/embed.js\"><\/script><br \/>\n<br \/><br \/>\n<br \/><a href=\"https:\/\/www.boston.com\/sports\/boston-celtics\/2024\/08\/30\/tom-brady-jayson-tatum-olympic-benching-comments\/\">Source link <\/a><\/p>","protected":false},"excerpt":{"rendered":"<p>Celtas &#8220;Tenho mais respeito por Jayson Tatum agora do que nunca!&#8221; escreveu Brady. Jayson Tatum e Tom Brady. Fan\u00e1ticos A NFL imp\u00f5e restri\u00e7\u00f5es ao acesso de transmiss\u00e3o de Tom Brady&hellip;<\/p>","protected":false},"author":1,"featured_media":30120,"comment_status":"closed","ping_status":"open","sticky":false,"template":"","format":"standard","meta":{"content-type":"","footnotes":""},"categories":[1],"tags":[],"class_list":["post-30119","post","type-post","status-publish","format-standard","has-post-thumbnail","hentry","category-uncategorized"],"_links":{"self":[{"href":"https:\/\/tvbrazilusa.com\/pt\/wp-json\/wp\/v2\/posts\/30119","targetHints":{"allow":["GET"]}}],"collection":[{"href":"https:\/\/tvbrazilusa.com\/pt\/wp-json\/wp\/v2\/posts"}],"about":[{"href":"https:\/\/tvbrazilusa.com\/pt\/wp-json\/wp\/v2\/types\/post"}],"author":[{"embeddable":true,"href":"https:\/\/tvbrazilusa.com\/pt\/wp-json\/wp\/v2\/users\/1"}],"replies":[{"embeddable":true,"href":"https:\/\/tvbrazilusa.com\/pt\/wp-json\/wp\/v2\/comments?post=30119"}],"version-history":[{"count":1,"href":"https:\/\/tvbrazilusa.com\/pt\/wp-json\/wp\/v2\/posts\/30119\/revisions"}],"predecessor-version":[{"id":30121,"href":"https:\/\/tvbrazilusa.com\/pt\/wp-json\/wp\/v2\/posts\/30119\/revisions\/30121"}],"wp:featuredmedia":[{"embeddable":true,"href":"https:\/\/tvbrazilusa.com\/pt\/wp-json\/wp\/v2\/media\/30120"}],"wp:attachment":[{"href":"https:\/\/tvbrazilusa.com\/pt\/wp-json\/wp\/v2\/media?parent=30119"}],"wp:term":[{"taxonomy":"category","embeddable":true,"href":"https:\/\/tvbrazilusa.com\/pt\/wp-json\/wp\/v2\/categories?post=30119"},{"taxonomy":"post_tag","embeddable":true,"href":"https:\/\/tvbrazilusa.com\/pt\/wp-json\/wp\/v2\/tags?post=30119"}],"curies":[{"name":"wp","href":"https:\/\/api.w.org\/{rel}","templated":true}]}}