{"id":30140,"date":"2024-08-30T16:02:21","date_gmt":"2024-08-30T16:02:21","guid":{"rendered":"https:\/\/tvbrazilusa.com\/2024\/08\/30\/imagens-horriveis-levam-a-prisao-de-mulher-do-condado-de-lake-pelo-assassinato-de-uma-crianca-de-9-anos-dizem-os-delegados-wsvn-7news-noticias-de-miami-clima-esportes-fort-lauderdale\/"},"modified":"2024-08-30T16:54:46","modified_gmt":"2024-08-30T16:54:46","slug":"imagens-horriveis-levam-a-prisao-de-mulher-do-condado-de-lake-pelo-assassinato-de-uma-crianca-de-9-anos-dizem-os-delegados-wsvn-7news-noticias-de-miami-clima-esportes-fort-lauderdale","status":"publish","type":"post","link":"https:\/\/tvbrazilusa.com\/pt\/2024\/08\/30\/imagens-horriveis-levam-a-prisao-de-mulher-do-condado-de-lake-pelo-assassinato-de-uma-crianca-de-9-anos-dizem-os-delegados-wsvn-7news-noticias-de-miami-clima-esportes-fort-lauderdale\/","title":{"rendered":"Imagens horr\u00edveis levam \u00e0 pris\u00e3o de mulher do Condado de Lake pelo assassinato de uma crian\u00e7a de 9 anos, dizem os delegados &#8211; WSVN 7News | Not\u00edcias de Miami, Clima, Esportes | Fort Lauderdale"},"content":{"rendered":"<p> <script async src=\"https:\/\/pagead2.googlesyndication.com\/pagead\/js\/adsbygoogle.js?client=ca-pub-8864793242727901\"\r\n     crossorigin=\"anonymous\"><\/script><br \/>\n<\/p>\n<div itemprop=\"articleBody\">\n<p>MONTVERDE, Fl\u00f3rida (WESH) \u2014 Uma mulher do Condado de Lake foi presa na quarta-feira depois que policiais disseram que ela estava envolvida na morte de uma menina de 9 anos.<\/p>\n<p>De acordo com o Gabinete do Xerife do Condado de Lake, Tyshael Elise Martin, 34, foi presa por homic\u00eddio de primeiro grau e acusa\u00e7\u00f5es agravadas de abuso infantil e neglig\u00eancia depois que a filha de seu namorado foi encontrada morta em junho.<\/p>\n<p>Em 17 de junho, os delegados receberam uma liga\u00e7\u00e3o para o 911 depois que Jamaria Sessions foi encontrada inconsciente em sua resid\u00eancia em Montverde, onde morava com Martin. De acordo com os delegados, a garota foi encontrada com \u201cnumerosas escoria\u00e7\u00f5es, hematomas, queimaduras e poss\u00edveis marcas de mordidas\u201d.<\/p>\n<p>Jamaria foi declarada morta logo ap\u00f3s o servi\u00e7o de emerg\u00eancia m\u00e9dica chegar em sua casa.<\/p>\n<p>De acordo com um depoimento obtido pelo WESH 2, Martin disse aos policiais que acordou naquela manh\u00e3 para f\u00e9rias em fam\u00edlia na Calif\u00f3rnia. A mulher disse que encontrou Jamaria fria e sem rea\u00e7\u00e3o quando foi acord\u00e1-la e a outras crian\u00e7as na casa.<\/p>\n<p>Devido \u00e0 natureza da morte de Jamaria, a pol\u00edcia foi imediatamente solicitada.<\/p>\n<p>Os detetives conseguiram acesso \u00e0s imagens de v\u00eddeo do sistema de seguran\u00e7a da casa, onde encontraram um v\u00eddeo horr\u00edvel, dizem eles.<\/p>\n<p>De acordo com os detetives, um v\u00eddeo de dois dias antes mostra Jamaria sendo \u201cviolentamente atacada\u201d pelo Rottweiler de 103 libras da fam\u00edlia. Os detetives dizem que o v\u00eddeo mostra Martin comandando o ataque enquanto segura a coleira do cachorro.<\/p>\n<p>Al\u00e9m disso, o v\u00eddeo mostra a mulher chutando Jamaria, que \u201cficou im\u00f3vel no ch\u00e3o\u201d, dizem os policiais.<\/p>\n<p>Martin continuou a arrastar a garota pelo ch\u00e3o, depois a golpeou e sacudiu, possivelmente dizendo no v\u00eddeo: &#8220;Estou prestes a mat\u00e1-la&#8221;, dizem os policiais.<\/p>\n<p>Por meio de entrevistas adicionais, os detetives disseram que conseguiram descobrir que Jamaria frequentemente sofria puni\u00e7\u00f5es como ficar sentada na parede por muito tempo, correr no mesmo lugar com os bra\u00e7os levantados, ser atingida com objetos e outras formas de abuso.<\/p>\n<p>De acordo com as descobertas do legista, a causa da morte da crian\u00e7a foi devido a m\u00faltiplos ferimentos contundentes na cabe\u00e7a e mais, al\u00e9m de uma les\u00e3o t\u00e9rmica no p\u00e9. A morte de Jamaria foi considerada homic\u00eddio.<\/p>\n<p>A mulher est\u00e1 atualmente presa sem fian\u00e7a.<\/p>\n<p><em>The-CNN-Wire\u2122 &#038; \u00a9 2024 Cable News Network, Inc., uma empresa Time Warner. Todos os direitos reservados.<\/em><\/p>\n<div class=\"wp-block-newsletter\">\n\t<strong class=\"wp-block-newsletter__title\">Inscreva-se em nossa Newsletter para receber as \u00faltimas not\u00edcias diretamente na sua caixa de entrada<\/strong><\/p>\n<\/div><\/div>\n<p><br \/>\n<br \/><a href=\"https:\/\/wsvn.com\/news\/local\/florida\/horrific-footage-leads-to-arrest-of-lake-county-woman-in-9-year-olds-murder-deputies-say\/\">Source link <\/a><\/p>","protected":false},"excerpt":{"rendered":"<p>MONTVERDE, Fl\u00f3rida (WESH) \u2014 Uma mulher do Condado de Lake foi presa na quarta-feira depois que policiais disseram que ela estava envolvida na morte de uma menina de 9 anos.&hellip;<\/p>","protected":false},"author":1,"featured_media":30141,"comment_status":"closed","ping_status":"open","sticky":false,"template":"","format":"standard","meta":{"content-type":"","footnotes":""},"categories":[1],"tags":[],"class_list":["post-30140","post","type-post","status-publish","format-standard","has-post-thumbnail","hentry","category-uncategorized"],"_links":{"self":[{"href":"https:\/\/tvbrazilusa.com\/pt\/wp-json\/wp\/v2\/posts\/30140","targetHints":{"allow":["GET"]}}],"collection":[{"href":"https:\/\/tvbrazilusa.com\/pt\/wp-json\/wp\/v2\/posts"}],"about":[{"href":"https:\/\/tvbrazilusa.com\/pt\/wp-json\/wp\/v2\/types\/post"}],"author":[{"embeddable":true,"href":"https:\/\/tvbrazilusa.com\/pt\/wp-json\/wp\/v2\/users\/1"}],"replies":[{"embeddable":true,"href":"https:\/\/tvbrazilusa.com\/pt\/wp-json\/wp\/v2\/comments?post=30140"}],"version-history":[{"count":1,"href":"https:\/\/tvbrazilusa.com\/pt\/wp-json\/wp\/v2\/posts\/30140\/revisions"}],"predecessor-version":[{"id":30142,"href":"https:\/\/tvbrazilusa.com\/pt\/wp-json\/wp\/v2\/posts\/30140\/revisions\/30142"}],"wp:featuredmedia":[{"embeddable":true,"href":"https:\/\/tvbrazilusa.com\/pt\/wp-json\/wp\/v2\/media\/30141"}],"wp:attachment":[{"href":"https:\/\/tvbrazilusa.com\/pt\/wp-json\/wp\/v2\/media?parent=30140"}],"wp:term":[{"taxonomy":"category","embeddable":true,"href":"https:\/\/tvbrazilusa.com\/pt\/wp-json\/wp\/v2\/categories?post=30140"},{"taxonomy":"post_tag","embeddable":true,"href":"https:\/\/tvbrazilusa.com\/pt\/wp-json\/wp\/v2\/tags?post=30140"}],"curies":[{"name":"wp","href":"https:\/\/api.w.org\/{rel}","templated":true}]}}