{"id":30156,"date":"2024-08-30T17:23:31","date_gmt":"2024-08-30T17:23:31","guid":{"rendered":"https:\/\/tvbrazilusa.com\/2024\/08\/30\/leitores-compartilham-apoio-esmagador-ao-qb-titular-dos-patriots\/"},"modified":"2024-08-30T17:27:02","modified_gmt":"2024-08-30T17:27:02","slug":"leitores-compartilham-apoio-esmagador-ao-qb-titular-dos-patriots","status":"publish","type":"post","link":"https:\/\/tvbrazilusa.com\/pt\/2024\/08\/30\/leitores-compartilham-apoio-esmagador-ao-qb-titular-dos-patriots\/","title":{"rendered":"Leitores compartilham apoio esmagador ao QB titular dos Patriots"},"content":{"rendered":"<p> <script async src=\"https:\/\/pagead2.googlesyndication.com\/pagead\/js\/adsbygoogle.js?client=ca-pub-8864793242727901\"\r\n     crossorigin=\"anonymous\"><\/script><br \/>\n<\/p>\n<div id=\"\">\n<header class=\"m-article-header m-article-header--standard\">\n\t\t\t\t\t\t\t\t\t\t\t\t<span id=\"article-header-primary-term\"><br \/>\n\t\t\t\t\t\t\t\t<a class=\"a-term a-term--primary\" href=\"https:\/\/www.boston.com\/tag\/readers-say\/\"><\/p>\n<p>\t\t\t\t\t\t\t\tOs leitores dizem\t\t\t\t\t\t\t\t<\/a><br \/>\n\t\t\t\t\t\t\t<\/span><\/p>\n<h2 class=\"m-article-header__sub-headline\">&#8220;Relutantemente, concordo com essa decis\u00e3o.&#8221;<\/h2>\n<figure class=\"a-photo m-article-header__photo\"><figcaption class=\"a-photo__caption\">\n<p>\tFoxborough, MA &#8211; 29\/08\/2024 &#8211; Foi anunciado hoje que o quarterback do New England Patriots, Jacoby Brissett (7), ser\u00e1 o quarterback titular no lugar do quarterback novato do New England Patriots, Drake Maye (10), antes do in\u00edcio do treino dos Patriots de hoje em Foxborough, MA.<em> Barry Chin\/Equipe Globe<\/em>\t<\/figcaption><\/figure>\n<\/header>\n<p>Sobre <a href=\"https:\/\/www.boston.com\/sports\/new-england-patriots\/2024\/08\/29\/jacoby-brissett-starting-over-drake-maye-patriots-comments\/\">Quinta-feira de manh\u00e3<\/a>o t\u00e9cnico Jerod Mayo disse aos rep\u00f3rteres em uma entrevista coletiva que o veterano quarterback, Jacoby Brissett, ser\u00e1 titular no in\u00edcio da temporada. <\/p>\n<p>\u201cHouve muitos fatores que levaram a essa escolha\u201d, disse Mayo na confer\u00eancia de ontem. \u201cAcho que a parte dif\u00edcil \u00e9 pensar no curto e no longo prazo ao mesmo tempo. Como organiza\u00e7\u00e3o, sentimos que Jacoby nos d\u00e1 a melhor chance de vencer agora.\u201d<\/p>\n<p>Como um forte candidato para esta temporada, o quarterback novato <a href=\"https:\/\/www.boston.com\/sports\/new-england-patriots\/2024\/08\/29\/jacoby-brissett-starting-over-drake-maye-patriots-comments\/\">Drake Maye desafiou Brissett pelo trabalho<\/a>.<\/p>\n<p>Maio <a href=\"https:\/\/www.boston.com\/sports\/new-england-patriots\/2024\/08\/25\/patriots-vs-commanders-live-updates-can-drake-maye-make-final-push-for-qb1-spot\/\">teve um desempenho impressionante<\/a> em jogos de pr\u00e9-temporada, chamando a aten\u00e7\u00e3o como potencial quarterback titular depois que Mac Jones foi negociado com o Jacksonville Jaguars no in\u00edcio deste ano.<\/p>\n<p>Muitos f\u00e3s estavam ansiosos para que o quarterback novato come\u00e7asse esta temporada, na esperan\u00e7a de trazer para casa outro anel de campeonato. No entanto, os leitores concordaram com a sele\u00e7\u00e3o de Brissett por Mayo.<\/p>\n<div class=\"gform_wrapper m-gforms-poll-block gravity-theme gform-theme--no-framework\">\n<div class=\"gpoll_container\">\n<div class=\"gpoll_field\">\n<div class=\"gpoll_field_label_container\">\n<p>Jacoby Brissett ser\u00e1 o quarterback titular dos Patriots. Voc\u00ea concorda?<\/p>\n<\/div>\n<p><!-- .gpoll_choice_wrapper --><!-- .gpoll_choice_wrapper --><\/div>\n<p><!-- .gpoll_field --><\/div>\n<\/div>\n<p>\u201cAcho que Jacoby merece a oportunidade, e isso nos permitir\u00e1 maximizar a prontid\u00e3o de Drake\u201d, escreveu Jonas Z., de Farmington, New Hampshire. <\/p>\n<p>A maioria dos mais de <a href=\"https:\/\/www.boston.com\/sports\/new-england-patriots\/2024\/08\/29\/jacoby-brissett-starting-over-drake-maye-patriots-comments\/\">200 leitores entrevistados<\/a> concordou com esse sentimento. <\/p>\n<p>\u201cRelutantemente, concordo com essa decis\u00e3o. Se seu futuro quarterback for Maye a longo prazo, com a O-Line que eles t\u00eam atualmente, isso faz sentido\u201d, escreveu Frances J. de Cambridge. \u201cEle pode ser massacrado semanalmente por defesas de primeira linha e isso pode destruir sua confian\u00e7a, incutir maus h\u00e1bitos e, geralmente, arruinar sua escolha de primeira rodada.\u201d <\/p>\n<p>Os entrevistados que discordam da decis\u00e3o acreditam que colocar Maye em primeiro plano pode ser uma oportunidade de aprendizado para a novata.<\/p>\n<p>\u201cDeixe Maye aprender sob fogo\u201d, escreveu Alan M. de Topsfield.<\/p>\n<p>Com o apoio esmagador dos f\u00e3s, aqui est\u00e1 uma amostra das rea\u00e7\u00f5es dos leitores e os benef\u00edcios e desvantagens de come\u00e7ar com Brissett em vez de Maye nesta temporada.<\/p>\n<h2 class=\"wp-block-heading\" id=\"h-i-agree-brissett-has-more-experience\">Concordo: &#8216;Brissett tem mais experi\u00eancia&#8217;<\/h2>\n<blockquote class=\"wp-block-quote is-layout-flow wp-block-quote-is-layout-flow\">\n<p>\u201cIsso d\u00e1 a Maye uma oportunidade de observar, praticar e aprender sem a press\u00e3o adicional de executar imediatamente.\u201d<\/p>\n<p><em>\u2013 Karen R., Sudeste de Easton<\/em><\/p>\n<\/blockquote>\n<blockquote class=\"wp-block-quote is-layout-flow wp-block-quote-is-layout-flow\">\n<p>&#8220;A linha ofensiva precisa de mais tempo para se desenvolver, Maye ser\u00e1 muito fisicamente e potencialmente psicologicamente espancado se o jogarem para fora imediatamente. A perman\u00eancia de Mac Jones na NE \u00e9 um bom estudo de caso sobre o que acontece quando a psique de um QB \u00e9 danificada.<\/p>\n<p>\u201cAl\u00e9m disso, d\u00ea cr\u00e9dito a Brissett. Ele tem anos de experi\u00eancia em situa\u00e7\u00f5es dif\u00edceis e jogou um dos seus melhores futebol nos \u00faltimos anos, apesar das oportunidades limitadas de jogar. Estou preocupado que ele v\u00e1 se machucar, mas ele \u00e9 o cara certo para come\u00e7ar agora.\u201d <\/p>\n<p><em>\u2013 Rhys P., Charlestown<\/em><\/p>\n<\/blockquote>\n<blockquote class=\"wp-block-quote is-layout-flow wp-block-quote-is-layout-flow\">\n<p>\u201cBrissett tem mais experi\u00eancia que vai importar quando os jogos come\u00e7arem a valer. Deixe Maye se desenvolver. Ele claramente tem talento e \u00e9 o cara do futuro, ent\u00e3o n\u00e3o o apresse e o prepare para o fracasso como Mac Jones fez. Al\u00e9m disso, n\u00e3o quero que a O-Line derrote Maye. Parece que os Patriots como uma organiza\u00e7\u00e3o entendem o que est\u00e1 em jogo e tomaram uma decis\u00e3o sensata.\u201d<\/p>\n<p><em>\u2013 DD, Berkeley<\/em><\/p>\n<\/blockquote>\n<blockquote class=\"wp-block-quote is-layout-flow wp-block-quote-is-layout-flow\">\n<p>\u201cDeixe Maye absorver tudo, como uma estudante.\u201d <\/p>\n<p><em>\u2013 Conta, Saugus<\/em><\/p>\n<\/blockquote>\n<blockquote class=\"wp-block-quote is-layout-flow wp-block-quote-is-layout-flow\">\n<p>\u201cQueremos que Drake evolua mais com o tempo e deix\u00e1-lo sentado inicialmente lhe dar\u00e1 mais tempo sendo orientado por Jacoby. \u00c9 uma temporada longa e as coisas acontecem e tenho certeza de que Drake estar\u00e1 PRONTO quando chegar sua hora, mais tarde na temporada. Al\u00e9m disso, se eu acreditar, a linha ofensiva n\u00e3o est\u00e1 no seu melhor agora e n\u00e3o precisamos que Drake se machuque no come\u00e7o da temporada porque alguns dos linemen n\u00e3o est\u00e3o protegendo efetivamente nosso quarterback.\u201d<\/p>\n<p><em>\u2013 Mark C., Wrentham<\/em><\/p>\n<\/blockquote>\n<blockquote class=\"wp-block-quote is-layout-flow wp-block-quote-is-layout-flow\">\n<p>\u201cN\u00e3o h\u00e1 raz\u00e3o para apressar o garoto. Deixe-o desenvolver-se \u00e0 la Patrick Mahomes.\u201d<\/p>\n<p><em>\u2013 Tim, Hingham<\/em><\/p>\n<\/blockquote>\n<h2 class=\"wp-block-heading\" id=\"h-i-disagree-the-best-player-should-be-starting\">Discordo: &#8216;O melhor jogador deveria ser titular&#8217;<\/h2>\n<blockquote class=\"wp-block-quote is-layout-flow wp-block-quote-is-layout-flow\">\n<p>\u201cMaye d\u00e1 a eles uma chance de vencer. Brissett n\u00e3o.\u201d<\/p>\n<p><em>\u2013 Jonathan E., Wellesley<\/em><\/p>\n<\/blockquote>\n<blockquote class=\"wp-block-quote is-layout-flow wp-block-quote-is-layout-flow\">\n<p>\u201cEle foi escolhido pelo t\u00e9cnico pelo motivo errado. O melhor jogador deveria ser titular.\u201d <\/p>\n<p><em>\u2013 Bob, Costa Norte<\/em><\/p>\n<\/blockquote>\n<div class=\"m-block m-generic-cta\t m-generic-cta--post-content\t m-generic-cta--dark\t m-generic-cta--homepage\t m-generic-cta--email-signup\t\t m-generic-cta-block-style--default \tt-amp__generic-cta\"><\/p>\n<div class=\"m-generic-cta__wrap\">\n<div class=\"m-generic-cta__content\">\n<h3 class=\"m-generic-cta__title\">Boston.com Hoje<\/h3>\n<p class=\"m-generic-cta__subtitle\">Inscreva-se para receber as \u00faltimas manchetes na sua caixa de entrada todas as manh\u00e3s.<\/p>\n<\/p><\/div>\n<\/p><\/div>\n<\/div><\/div>\n<p><script>\n\t\tvar consent=\"grant\";\n\t\t\/* The above code is parsing the JSON data from the local storage and storing it in a variable. *\/\n\t\t\t\t\tconst onetrustStorageConsent = JSON.parse(localStorage.getItem( 'consent_one_trust_bdc' ) );\n\t\t\tif ( ( onetrustStorageConsent !== null ) ) {\n\t\t\t\t\/* Checking to see if the user has consented to the use of cookies.\n\t\t\t\t* If they have not, it is deleting the cookie.\n\t\t\t\t* This will comment for now, until further notice.\n\t\t\t\t*\/\n\t\t\t\t\/\/if ( onetrustStorageConsent.C0002 === false ) {\n\t\t\t\t\/\/\tdocument.cookie=\"_fbp=;expires=Thu, 01 Jan 2010 00:00:00 UTC; path=\/; domain=.boston.com\";\n\t\t\t\t\/\/}\n\t\t\t\t\/* Checking if the user has given consent for the cookie C0002.\n\t\t\t\t* If the user has given consent, the variable consent will be set to 'grant'.\n\t\t\t\t* If the user has not given consent,the variable consent will be set to 'revoke'.\n\t\t\t\t* Documentation https:\/\/developers.facebook.com\/docs\/meta-pixel\/implementation\/gdpr\n\t\t\t\t*\/\n\t\t\t\tif ( onetrustStorageConsent.C0002 !== true ) {\n\t\t\t\t\tconsent=\"revoke\";\n\t\t\t\t}\n\t\t\t}\n\t\t\t\t!function(f,b,e,v,n,t,s)\n\t\t{if(f.fbq)return;n=f.fbq=function(){n.callMethod?\n\t\tn.callMethod.apply(n,arguments):n.queue.push(arguments)};\n\t\tif(!f._fbq)f._fbq=n;n.push=n;n.loaded=!0;n.version='2.0';\n\t\tn.queue=[];t=b.createElement(e);t.async=!0;\n\t\tt.src=v;s=b.getElementsByTagName(e)[0];\n\t\ts.parentNode.insertBefore(t,s)}(window, document,'script',\n\t\t'https:\/\/connect.facebook.net\/en_US\/fbevents.js');\n\t\tfbq('consent', consent);\n\t\tfbq('init', '989222871864976');\n\t\tfbq('track', 'PageView');\n\t<\/script><script type=\"module\">\n\t\tvar consent=\"grant\";\n\t\t\/* The above code is parsing the JSON data from the local storage and storing it in a variable. *\/\n\t\t\tconst onetrustStorageConsent = JSON.parse(localStorage.getItem( 'consent_one_trust_bdc' ) );\n\t\t\t\/* Checking to see if the user has consented to the use of cookies.\n\t\t\t* If they have not, it is deleting the cookie.\n\t\t\t* This will comment for now, until further notice.\n\t\t\t*\/\n\t\t\t\/\/if ( onetrustStorageConsent.C0002 === false ) {\n\t\t\t\/\/\tdocument.cookie=\"_fbp=;expires=Thu, 01 Jan 2010 00:00:00 UTC; path=\/; domain=.boston.com\";\n\t\t\t\/\/}\n\t\t\t\/* Checking if the user has given consent for the cookie C0002.\n\t\t\t* If the user has given consent, the variable consent will be set to 'grant'.\n\t\t\t* If the user has not given consent,the variable consent will be set to 'revoke'.\n\t\t\t* Documentation https:\/\/developers.facebook.com\/docs\/meta-pixel\/implementation\/gdpr\n\t\t\t*\/\n\t\t\tif ( ( onetrustStorageConsent !== null ) && (onetrustStorageConsent.C0002 !== true ) ) {\n\t\t\t\tconsent=\"revoke\";\n\t\t\t}\n\t\t\t\t!function(f,b,e,v,n,t,s){if(f.fbq)return;n=f.fbq=function()\n\t\t{n.callMethod? n.callMethod.apply(n,arguments):n.queue.push(arguments)}\n\t\t;if(!f._fbq)f._fbq=n;\n\t\tn.push=n;n.loaded=!0;n.version='2.0';n.queue=[];t=b.createElement(e);t.async=!0;\n\t\tt.src=v;s=b.getElementsByTagName(e)[0];s.parentNode.insertBefore(t,s)}(window,\n\t\tdocument,'script','https:\/\/connect.facebook.net\/en_US\/fbevents.js');\n\t\tfbq('consent', consent);\n\t\tfbq('init', '813236348753005');\n\t\tfbq('track', \"PageView\");\n\t<\/script><br \/>\n<br \/><br \/>\n<br \/><a href=\"https:\/\/www.boston.com\/community\/readers-say\/2024\/08\/30\/jacoby-brissett-right-decision-patriots-starting-quarterback\/\">Source link <\/a><\/p>","protected":false},"excerpt":{"rendered":"<p>Os leitores dizem &#8220;Relutantemente, concordo com essa decis\u00e3o.&#8221; Foxborough, MA &#8211; 29\/08\/2024 &#8211; Foi anunciado hoje que o quarterback do New England Patriots, Jacoby Brissett (7), ser\u00e1 o quarterback titular&hellip;<\/p>","protected":false},"author":1,"featured_media":30157,"comment_status":"closed","ping_status":"open","sticky":false,"template":"","format":"standard","meta":{"content-type":"","footnotes":""},"categories":[1],"tags":[],"class_list":["post-30156","post","type-post","status-publish","format-standard","has-post-thumbnail","hentry","category-uncategorized"],"_links":{"self":[{"href":"https:\/\/tvbrazilusa.com\/pt\/wp-json\/wp\/v2\/posts\/30156","targetHints":{"allow":["GET"]}}],"collection":[{"href":"https:\/\/tvbrazilusa.com\/pt\/wp-json\/wp\/v2\/posts"}],"about":[{"href":"https:\/\/tvbrazilusa.com\/pt\/wp-json\/wp\/v2\/types\/post"}],"author":[{"embeddable":true,"href":"https:\/\/tvbrazilusa.com\/pt\/wp-json\/wp\/v2\/users\/1"}],"replies":[{"embeddable":true,"href":"https:\/\/tvbrazilusa.com\/pt\/wp-json\/wp\/v2\/comments?post=30156"}],"version-history":[{"count":1,"href":"https:\/\/tvbrazilusa.com\/pt\/wp-json\/wp\/v2\/posts\/30156\/revisions"}],"predecessor-version":[{"id":30158,"href":"https:\/\/tvbrazilusa.com\/pt\/wp-json\/wp\/v2\/posts\/30156\/revisions\/30158"}],"wp:featuredmedia":[{"embeddable":true,"href":"https:\/\/tvbrazilusa.com\/pt\/wp-json\/wp\/v2\/media\/30157"}],"wp:attachment":[{"href":"https:\/\/tvbrazilusa.com\/pt\/wp-json\/wp\/v2\/media?parent=30156"}],"wp:term":[{"taxonomy":"category","embeddable":true,"href":"https:\/\/tvbrazilusa.com\/pt\/wp-json\/wp\/v2\/categories?post=30156"},{"taxonomy":"post_tag","embeddable":true,"href":"https:\/\/tvbrazilusa.com\/pt\/wp-json\/wp\/v2\/tags?post=30156"}],"curies":[{"name":"wp","href":"https:\/\/api.w.org\/{rel}","templated":true}]}}