{"id":30181,"date":"2024-08-30T18:09:53","date_gmt":"2024-08-30T18:09:53","guid":{"rendered":"https:\/\/tvbrazilusa.com\/2024\/08\/30\/briga-massiva-na-revere-high-school-supostamente-manda-administrador-para-o-hospital\/"},"modified":"2024-08-30T18:18:25","modified_gmt":"2024-08-30T18:18:25","slug":"briga-massiva-na-revere-high-school-supostamente-manda-administrador-para-o-hospital","status":"publish","type":"post","link":"https:\/\/tvbrazilusa.com\/pt\/2024\/08\/30\/briga-massiva-na-revere-high-school-supostamente-manda-administrador-para-o-hospital\/","title":{"rendered":"&#8216;Briga massiva&#8217; na Revere High School supostamente manda administrador para o hospital"},"content":{"rendered":"<p> <script async src=\"https:\/\/pagead2.googlesyndication.com\/pagead\/js\/adsbygoogle.js?client=ca-pub-8864793242727901\"\r\n     crossorigin=\"anonymous\"><\/script><br \/>\n<\/p>\n<div id=\"\">\n<header class=\"m-article-header m-article-header--standard\">\n\t\t\t\t\t\t\t\t\t\t\t\t<span id=\"article-header-primary-term\"><br \/>\n\t\t\t\t\t\t\t\t<a class=\"a-term a-term--primary\" href=\"https:\/\/www.boston.com\/tag\/schools\/\"><\/p>\n<p>\t\t\t\t\t\t\t\tEscolas\t\t\t\t\t\t\t\t<\/a><br \/>\n\t\t\t\t\t\t\t<\/span><\/p>\n<h2 class=\"m-article-header__sub-headline\">\u201cO Comit\u00ea Escolar de Revere abdicou de suas responsabilidades de cuidar do bem-estar dos alunos e educadores de Revere\u201d, disse o sindicato dos educadores da cidade. \u201cEles est\u00e3o ignorando uma crise.\u201d<\/h2>\n<figure class=\"a-photo m-article-header__photo\"><figcaption class=\"a-photo__caption\">\n<p>\tUm administrador da Revere High School teria sido nocauteado e hospitalizado ap\u00f3s uma &#8220;briga enorme&#8221; ter ocorrido poucos dias depois do in\u00edcio do novo ano letivo.<em> David L Ryan\/Boston Globe Staff, Arquivo<\/em>\t<\/figcaption><\/figure>\n<\/header>\n<p>UM <a href=\"https:\/\/www.boston.com\/?s=Revere&#038;orderby=date\" target=\"_blank\" rel=\"noreferrer noopener\">Reverenciar<\/a> O administrador da escola secund\u00e1ria foi nocauteado e hospitalizado ap\u00f3s uma &#8220;briga enorme&#8221; que come\u00e7ou poucos dias depois do in\u00edcio do novo ano letivo, de acordo com a Revere Teachers Association. <\/p>\n<p>Em um comunicado \u00e0 imprensa na sexta-feira, o sindicato dos educadores alegou que um administrador de escola secund\u00e1ria foi atingido no rosto enquanto tentava apartar uma briga no terceiro dia de aula. O administrador foi levado para um hospital de ambul\u00e2ncia, de acordo com a RTA. <\/p>\n<p>A WBZ relatou a briga pela primeira vez na quinta-feira \u00e0 noite e afirmou que dois outros funcion\u00e1rios da escola tamb\u00e9m estavam <a href=\"https:\/\/www.cbsnews.com\/boston\/video\/revere-high-school-employee-knocked-out-during-brawl-according-to-i-team-sources\/\" target=\"_blank\" rel=\"noreferrer noopener\">ferido na luta<\/a>. A pol\u00edcia de Revere e a superintendente das escolas p\u00fablicas de Revere, Dianne Kelly, n\u00e3o responderam aos pedidos de confirma\u00e7\u00e3o. <\/p>\n<p>\u201cOs educadores da Revere previram isso, pois sempre levantamos essas preocupa\u00e7\u00f5es, e agora nossas escolas est\u00e3o sendo impactadas por esse incidente evit\u00e1vel\u201d, disseram as copresidentes da RTA, Michelle Ervin e Jane Chapin, em uma declara\u00e7\u00e3o. \u201cOs educadores da Revere sabem que nossas condi\u00e7\u00f5es de trabalho s\u00e3o as condi\u00e7\u00f5es de aprendizagem de nossos alunos, e estamos profundamente frustrados, pois fornecemos solu\u00e7\u00f5es para lidar com essa crise de sa\u00fade e seguran\u00e7a. Ela caiu em ouvidos moucos.\u201d<\/p>\n<p>O sindicato alegou ainda que muitos estudantes tamb\u00e9m estavam envolvidos em uma briga depois da escola esta semana na Beach Street, perto da Revere High School. De acordo com a Revere Teachers Association, um clipe do incidente circulou nas redes sociais e mostrou o que parecia ser uma arma de fogo. <\/p>\n<p>A RTA disse que tem soado consistentemente o alarme sobre preocupa\u00e7\u00f5es com sa\u00fade e seguran\u00e7a nas escolas, mas afirmou que seus apelos foram ignorados. As escolas de Revere atualmente n\u00e3o t\u00eam limites seguros de pessoal, alegou o sindicato em seu comunicado \u00e0 imprensa.<\/p>\n<p>Na sexta-feira, a RTA reiterou suas demandas por uma for\u00e7a-tarefa de sa\u00fade e seguran\u00e7a; rastreamento mais transparente e rigoroso da &#8220;desregulamenta\u00e7\u00e3o estudantil&#8221; \u2014 ou seja, dificuldade em manter emo\u00e7\u00f5es e rea\u00e7\u00f5es sob controle \u2014 e viol\u00eancia escolar; assistentes sociais adicionais e servi\u00e7os complementares; e &#8220;salas de terapia&#8221; designadas que ofereceriam espa\u00e7os seguros para alunos desregulamentados que precisam de redu\u00e7\u00e3o da tens\u00e3o. <\/p>\n<p>\u201cEm vez de abordar a crise de seguran\u00e7a que est\u00e1 acontecendo em nossas escolas, o Comit\u00ea Escolar de Revere dobrou a aposta em deturpar o que est\u00e1 acontecendo em nossas escolas e consistentemente desconsiderar nossas preocupa\u00e7\u00f5es com a seguran\u00e7a escolar\u201d, disseram Ervin e Chapin. \u201cO Comit\u00ea Escolar de Revere abdicou de suas responsabilidades de cuidar do bem-estar dos alunos e educadores de Revere. Eles est\u00e3o ignorando uma crise.\u201d<\/p>\n<p>O Boston.com entrou em contato com o gabinete do prefeito de Revere, Patrick M. Keefe Jr., presidente do Comit\u00ea Escolar, para comentar. <\/p>\n<p>A RTA disse que educadores e seus aliados se reunir\u00e3o na reuni\u00e3o do Conselho Municipal de Revere em 9 de setembro para apresentar peti\u00e7\u00f5es pedindo a\u00e7\u00f5es em quest\u00f5es de seguran\u00e7a escolar. <\/p>\n<p>\u201cOs educadores da RTA continuar\u00e3o a defender a seguran\u00e7a e o bem-estar de nossos alunos e garantir\u00e3o que enfrentaremos essa crise, n\u00e3o importa o que aconte\u00e7a\u201d, disseram Ervin e Chapin.<\/p>\n<div class=\"m-block m-generic-cta\t m-generic-cta--post-content\t m-generic-cta--dark\t m-generic-cta--homepage\t m-generic-cta--email-signup\t\t m-generic-cta-block-style--default \tt-amp__generic-cta\"><\/p>\n<div class=\"m-generic-cta__wrap\">\n<div class=\"m-generic-cta__content\">\n<h3 class=\"m-generic-cta__title\">Boston.com Hoje<\/h3>\n<p class=\"m-generic-cta__subtitle\">Inscreva-se para receber as \u00faltimas manchetes na sua caixa de entrada todas as manh\u00e3s.<\/p>\n<\/p><\/div>\n<\/p><\/div>\n<\/div><\/div>\n<p><script>\n\t\tvar consent=\"grant\";\n\t\t\/* The above code is parsing the JSON data from the local storage and storing it in a variable. *\/\n\t\t\t\t\tconst onetrustStorageConsent = JSON.parse(localStorage.getItem( 'consent_one_trust_bdc' ) );\n\t\t\tif ( ( onetrustStorageConsent !== null ) ) {\n\t\t\t\t\/* Checking to see if the user has consented to the use of cookies.\n\t\t\t\t* If they have not, it is deleting the cookie.\n\t\t\t\t* This will comment for now, until further notice.\n\t\t\t\t*\/\n\t\t\t\t\/\/if ( onetrustStorageConsent.C0002 === false ) {\n\t\t\t\t\/\/\tdocument.cookie=\"_fbp=;expires=Thu, 01 Jan 2010 00:00:00 UTC; path=\/; domain=.boston.com\";\n\t\t\t\t\/\/}\n\t\t\t\t\/* Checking if the user has given consent for the cookie C0002.\n\t\t\t\t* If the user has given consent, the variable consent will be set to 'grant'.\n\t\t\t\t* If the user has not given consent,the variable consent will be set to 'revoke'.\n\t\t\t\t* Documentation https:\/\/developers.facebook.com\/docs\/meta-pixel\/implementation\/gdpr\n\t\t\t\t*\/\n\t\t\t\tif ( onetrustStorageConsent.C0002 !== true ) {\n\t\t\t\t\tconsent=\"revoke\";\n\t\t\t\t}\n\t\t\t}\n\t\t\t\t!function(f,b,e,v,n,t,s)\n\t\t{if(f.fbq)return;n=f.fbq=function(){n.callMethod?\n\t\tn.callMethod.apply(n,arguments):n.queue.push(arguments)};\n\t\tif(!f._fbq)f._fbq=n;n.push=n;n.loaded=!0;n.version='2.0';\n\t\tn.queue=[];t=b.createElement(e);t.async=!0;\n\t\tt.src=v;s=b.getElementsByTagName(e)[0];\n\t\ts.parentNode.insertBefore(t,s)}(window, document,'script',\n\t\t'https:\/\/connect.facebook.net\/en_US\/fbevents.js');\n\t\tfbq('consent', consent);\n\t\tfbq('init', '989222871864976');\n\t\tfbq('track', 'PageView');\n\t<\/script><script type=\"module\">\n\t\tvar consent=\"grant\";\n\t\t\/* The above code is parsing the JSON data from the local storage and storing it in a variable. *\/\n\t\t\tconst onetrustStorageConsent = JSON.parse(localStorage.getItem( 'consent_one_trust_bdc' ) );\n\t\t\t\/* Checking to see if the user has consented to the use of cookies.\n\t\t\t* If they have not, it is deleting the cookie.\n\t\t\t* This will comment for now, until further notice.\n\t\t\t*\/\n\t\t\t\/\/if ( onetrustStorageConsent.C0002 === false ) {\n\t\t\t\/\/\tdocument.cookie=\"_fbp=;expires=Thu, 01 Jan 2010 00:00:00 UTC; path=\/; domain=.boston.com\";\n\t\t\t\/\/}\n\t\t\t\/* Checking if the user has given consent for the cookie C0002.\n\t\t\t* If the user has given consent, the variable consent will be set to 'grant'.\n\t\t\t* If the user has not given consent,the variable consent will be set to 'revoke'.\n\t\t\t* Documentation https:\/\/developers.facebook.com\/docs\/meta-pixel\/implementation\/gdpr\n\t\t\t*\/\n\t\t\tif ( ( onetrustStorageConsent !== null ) && (onetrustStorageConsent.C0002 !== true ) ) {\n\t\t\t\tconsent=\"revoke\";\n\t\t\t}\n\t\t\t\t!function(f,b,e,v,n,t,s){if(f.fbq)return;n=f.fbq=function()\n\t\t{n.callMethod? n.callMethod.apply(n,arguments):n.queue.push(arguments)}\n\t\t;if(!f._fbq)f._fbq=n;\n\t\tn.push=n;n.loaded=!0;n.version='2.0';n.queue=[];t=b.createElement(e);t.async=!0;\n\t\tt.src=v;s=b.getElementsByTagName(e)[0];s.parentNode.insertBefore(t,s)}(window,\n\t\tdocument,'script','https:\/\/connect.facebook.net\/en_US\/fbevents.js');\n\t\tfbq('consent', consent);\n\t\tfbq('init', '813236348753005');\n\t\tfbq('track', \"PageView\");\n\t<\/script><br \/>\n<br \/><br \/>\n<br \/><a href=\"https:\/\/www.boston.com\/news\/schools\/2024\/08\/30\/massive-brawl-at-revere-high-school-allegedly-sends-administrator-to-the-hospital\/\">Source link <\/a><\/p>","protected":false},"excerpt":{"rendered":"<p>Escolas \u201cO Comit\u00ea Escolar de Revere abdicou de suas responsabilidades de cuidar do bem-estar dos alunos e educadores de Revere\u201d, disse o sindicato dos educadores da cidade. \u201cEles est\u00e3o ignorando&hellip;<\/p>","protected":false},"author":1,"featured_media":30182,"comment_status":"closed","ping_status":"open","sticky":false,"template":"","format":"standard","meta":{"content-type":"","footnotes":""},"categories":[1],"tags":[],"class_list":["post-30181","post","type-post","status-publish","format-standard","has-post-thumbnail","hentry","category-uncategorized"],"_links":{"self":[{"href":"https:\/\/tvbrazilusa.com\/pt\/wp-json\/wp\/v2\/posts\/30181","targetHints":{"allow":["GET"]}}],"collection":[{"href":"https:\/\/tvbrazilusa.com\/pt\/wp-json\/wp\/v2\/posts"}],"about":[{"href":"https:\/\/tvbrazilusa.com\/pt\/wp-json\/wp\/v2\/types\/post"}],"author":[{"embeddable":true,"href":"https:\/\/tvbrazilusa.com\/pt\/wp-json\/wp\/v2\/users\/1"}],"replies":[{"embeddable":true,"href":"https:\/\/tvbrazilusa.com\/pt\/wp-json\/wp\/v2\/comments?post=30181"}],"version-history":[{"count":1,"href":"https:\/\/tvbrazilusa.com\/pt\/wp-json\/wp\/v2\/posts\/30181\/revisions"}],"predecessor-version":[{"id":30183,"href":"https:\/\/tvbrazilusa.com\/pt\/wp-json\/wp\/v2\/posts\/30181\/revisions\/30183"}],"wp:featuredmedia":[{"embeddable":true,"href":"https:\/\/tvbrazilusa.com\/pt\/wp-json\/wp\/v2\/media\/30182"}],"wp:attachment":[{"href":"https:\/\/tvbrazilusa.com\/pt\/wp-json\/wp\/v2\/media?parent=30181"}],"wp:term":[{"taxonomy":"category","embeddable":true,"href":"https:\/\/tvbrazilusa.com\/pt\/wp-json\/wp\/v2\/categories?post=30181"},{"taxonomy":"post_tag","embeddable":true,"href":"https:\/\/tvbrazilusa.com\/pt\/wp-json\/wp\/v2\/tags?post=30181"}],"curies":[{"name":"wp","href":"https:\/\/api.w.org\/{rel}","templated":true}]}}