{"id":30184,"date":"2024-08-30T17:39:20","date_gmt":"2024-08-30T17:39:20","guid":{"rendered":"https:\/\/tvbrazilusa.com\/2024\/08\/30\/ticiane-pinheiro-revela-acidentalmente-vestido-de-rafaella-justus-durante-ensaio-e-surpreende-fas\/"},"modified":"2024-08-30T18:24:03","modified_gmt":"2024-08-30T18:24:03","slug":"ticiane-pinheiro-revela-acidentalmente-vestido-de-rafaella-justus-durante-ensaio-e-surpreende-fas","status":"publish","type":"post","link":"https:\/\/tvbrazilusa.com\/pt\/2024\/08\/30\/ticiane-pinheiro-revela-acidentalmente-vestido-de-rafaella-justus-durante-ensaio-e-surpreende-fas\/","title":{"rendered":"Ticiane Pinheiro revela acidentalmente vestido de Rafaella Justus durante ensaio e surpreende f\u00e3s"},"content":{"rendered":"<p> <script async src=\"https:\/\/pagead2.googlesyndication.com\/pagead\/js\/adsbygoogle.js?client=ca-pub-8864793242727901\"\r\n     crossorigin=\"anonymous\"><\/script><br \/>\n<\/p>\n<div>\n<p>Ticiane Pinheiro, conhecida apresentadora brasileira, emocionou-se e compartilhou alguns momentos especiais dos preparativos para a festa de 15 anos de sua filha, Rafaella Justus. No dia 29 de agosto de 2024, a fam\u00edlia realizou um ensaio completo, revelando um pouco do glamour e dos detalhes do evento que promete ser inesquec\u00edvel.<\/p>\n<p>Durante o ensaio, Ticiane capturou diversas cenas emocionantes, incluindo a rea\u00e7\u00e3o de seu pai, Fernando Pinheiro, ao ver Rafaella pronta para a grande noite. O momento, registrado por Ticiane, deu aos seguidores um vislumbre do vestido deslumbrante que a debutante usar\u00e1.<\/p>\n<h2 class=\"wp-block-heading\">Vestido Rosa Surpreendente de Rafaella Justus<\/h2>\n<figure class=\"wp-block-image size-full\"><picture decoding=\"async\" class=\"wp-image-182569\"><source type=\"image\/webp\" srcset=\"https:\/\/terrabrasilnoticias.com\/wp-content\/uploads\/2024\/08\/image-593.png.webp 509w, https:\/\/terrabrasilnoticias.com\/wp-content\/uploads\/2024\/08\/image-593-174x300.png.webp 174w\" sizes=\"(max-width: 509px) 100vw, 509px\"\/><\/picture><figcaption class=\"wp-element-caption\">Reprodu\u00e7\u00e3o\/Instagram<\/figcaption><\/figure>\n<figure class=\"wp-block-image size-full\"><picture decoding=\"async\" class=\"wp-image-182570\"><source type=\"image\/webp\" srcset=\"https:\/\/terrabrasilnoticias.com\/wp-content\/uploads\/2024\/08\/image-594.png.webp 508w, https:\/\/terrabrasilnoticias.com\/wp-content\/uploads\/2024\/08\/image-594-178x300.png.webp 178w\" sizes=\"(max-width: 508px) 100vw, 508px\"\/><\/picture><figcaption class=\"wp-element-caption\">Reprodu\u00e7\u00e3o\/Instagram<\/figcaption><\/figure>\n<p>O ensaio foi repleto de surpresas, e uma delas foi a revela\u00e7\u00e3o n\u00e3o intencional do vestido de Rafaella. \u201cMeu pai ficou emocionado ao ver Rafaella com o vestido da festa\u201d, comentou Ticiane em um post. A grava\u00e7\u00e3o mostrou um vestido volumoso, sem al\u00e7as e de cor rosa, refletido na porta do sal\u00e3o de dan\u00e7a.<\/p>\n<p>O ensaio n\u00e3o se limitou ao vestido; Rafaella tamb\u00e9m estava com a maquiagem e o penteado que usar\u00e1 na festa. Samuel Cirnansck, o estilista respons\u00e1vel pelo vestido, esteve presente para fazer ajustes finais enquanto Rafaella ensaiava a valsa com seu av\u00f4 e seu padrasto, Cesar Tralli.<\/p>\n<p>Os preparativos para a festa de 15 anos de Rafaella Justus come\u00e7aram bem antes do grande dia. A jovem, acompanhada de Ana Paula Siebert, fez v\u00e1rias provas de vestidos, garantindo que tudo estivesse perfeito. Durante esse processo, um incidente curioso ocorreu: um dos vestidos, pesando mais de 5 kg, causou dificuldades no elevador.<\/p>\n<p>Com Roberto Justus assumindo os gastos do evento e Ticiane encarregada dos vestidos e do show, a festa tem tudo para ser grandiosa. Cada detalhe foi planejado com cuidado para assegurar que o dia de Rafaella seja memor\u00e1vel.<\/p>\n<h2 class=\"wp-block-heading\">Detalhes \u00danicos da Festa<\/h2>\n<p>Os convidados, cerca de 400, receberam convites especiais em caixas iluminadas, decoradas com uma rosa cujas p\u00e9talas podiam ser removidas para revelar informa\u00e7\u00f5es sobre a festa. Esse toque \u00fanico com certeza deixou todos ansiosos pelo evento.<\/p>\n<p>Ticiane e Rafaella tamb\u00e9m participaram da degusta\u00e7\u00e3o dos doces que ser\u00e3o servidos na festa. Entre as del\u00edcias, um novo sabor de framboesa foi criado especialmente para a ocasi\u00e3o. Esses detalhes garantem que a festa de Rafaella Justus ser\u00e1 inesquec\u00edvel n\u00e3o apenas para ela, mas para todos os convidados.<\/p>\n<h3 class=\"wp-block-heading\">Os Tr\u00eas Vestidos de Rafaella Justus<\/h3>\n<p>Para a grande noite, Rafaella usar\u00e1 tr\u00eas vestidos diferentes: um para a recep\u00e7\u00e3o, um para a valsa e outro para a balada. Ao longo dos \u00faltimos meses, a jovem visitou os ateli\u00eas de Vitor Zerbinato e Samuel Cirnansck para desenhar e ajustar suas roupas.<\/p>\n<ul class=\"wp-block-list\">\n<li>Vestido para a recep\u00e7\u00e3o: Criado por Vitor Zerbinato.<\/li>\n<li>Vestido para a valsa: Uma pe\u00e7a volumosa de Samuel Cirnansck.<\/li>\n<li>Vestido para a balada: Projetado especialmente para a parte mais animada da festa.<\/li>\n<\/ul>\n<\/div>\n<p><br \/>\n<br \/><a href=\"https:\/\/tvfloridausa.com\/2024\/08\/30\/ticiane-pinheiro-revela-acidentalmente-vestido-de-rafaella-justus-durante-ensaio-e-surpreende-fas\/\">Source link <\/a><\/p>","protected":false},"excerpt":{"rendered":"<p>Ticiane Pinheiro, conhecida apresentadora brasileira, emocionou-se e compartilhou alguns momentos especiais dos preparativos para a festa de 15 anos de sua filha, Rafaella Justus. No dia 29 de agosto de&hellip;<\/p>","protected":false},"author":1,"featured_media":30185,"comment_status":"closed","ping_status":"open","sticky":false,"template":"","format":"standard","meta":{"content-type":"","footnotes":""},"categories":[22],"tags":[],"class_list":["post-30184","post","type-post","status-publish","format-standard","has-post-thumbnail","hentry","category-tv-florida-usa"],"_links":{"self":[{"href":"https:\/\/tvbrazilusa.com\/pt\/wp-json\/wp\/v2\/posts\/30184","targetHints":{"allow":["GET"]}}],"collection":[{"href":"https:\/\/tvbrazilusa.com\/pt\/wp-json\/wp\/v2\/posts"}],"about":[{"href":"https:\/\/tvbrazilusa.com\/pt\/wp-json\/wp\/v2\/types\/post"}],"author":[{"embeddable":true,"href":"https:\/\/tvbrazilusa.com\/pt\/wp-json\/wp\/v2\/users\/1"}],"replies":[{"embeddable":true,"href":"https:\/\/tvbrazilusa.com\/pt\/wp-json\/wp\/v2\/comments?post=30184"}],"version-history":[{"count":1,"href":"https:\/\/tvbrazilusa.com\/pt\/wp-json\/wp\/v2\/posts\/30184\/revisions"}],"predecessor-version":[{"id":30186,"href":"https:\/\/tvbrazilusa.com\/pt\/wp-json\/wp\/v2\/posts\/30184\/revisions\/30186"}],"wp:featuredmedia":[{"embeddable":true,"href":"https:\/\/tvbrazilusa.com\/pt\/wp-json\/wp\/v2\/media\/30185"}],"wp:attachment":[{"href":"https:\/\/tvbrazilusa.com\/pt\/wp-json\/wp\/v2\/media?parent=30184"}],"wp:term":[{"taxonomy":"category","embeddable":true,"href":"https:\/\/tvbrazilusa.com\/pt\/wp-json\/wp\/v2\/categories?post=30184"},{"taxonomy":"post_tag","embeddable":true,"href":"https:\/\/tvbrazilusa.com\/pt\/wp-json\/wp\/v2\/tags?post=30184"}],"curies":[{"name":"wp","href":"https:\/\/api.w.org\/{rel}","templated":true}]}}