{"id":30193,"date":"2024-08-30T18:44:29","date_gmt":"2024-08-30T18:44:29","guid":{"rendered":"https:\/\/tvbrazilusa.com\/2024\/08\/30\/legislador-estadual-da-florida-indiciado-por-acusacoes-criminais-relacionadas-a-escola-particular-wsvn-7news-noticias-de-miami-clima-esportes-fort-lauderdale\/"},"modified":"2024-08-30T18:46:30","modified_gmt":"2024-08-30T18:46:30","slug":"legislador-estadual-da-florida-indiciado-por-acusacoes-criminais-relacionadas-a-escola-particular-wsvn-7news-noticias-de-miami-clima-esportes-fort-lauderdale","status":"publish","type":"post","link":"https:\/\/tvbrazilusa.com\/pt\/2024\/08\/30\/legislador-estadual-da-florida-indiciado-por-acusacoes-criminais-relacionadas-a-escola-particular-wsvn-7news-noticias-de-miami-clima-esportes-fort-lauderdale\/","title":{"rendered":"Legislador estadual da Fl\u00f3rida indiciado por acusa\u00e7\u00f5es criminais relacionadas a escola particular &#8211; WSVN 7News | Not\u00edcias de Miami, Clima, Esportes | Fort Lauderdale"},"content":{"rendered":"<p> <script async src=\"https:\/\/pagead2.googlesyndication.com\/pagead\/js\/adsbygoogle.js?client=ca-pub-8864793242727901\"\r\n     crossorigin=\"anonymous\"><\/script><br \/>\n<\/p>\n<div itemprop=\"articleBody\">\n<p>TALLAHASSEE, Fl\u00f3rida (AP) \u2014 Uma representante estadual republicana na Fl\u00f3rida central foi indiciada por acusa\u00e7\u00f5es de falsifica\u00e7\u00e3o de documentos relacionadas \u00e0 administra\u00e7\u00e3o de uma escola crist\u00e3 particular que ela ajudou a administrar com sua fam\u00edlia.<\/p>\n<p><a href=\"https:\/\/www.myfloridahouse.gov\/Sections\/Representatives\/details.aspx?MemberId=4876\">Carolina Amesty<\/a>29, entregou-se \u00e0s autoridades na Cadeia do Condado de Orange na quinta-feira e foi autuada em <a href=\"https:\/\/sao9th.com\/orange-county-grand-jury-indicts-representative-carolina-amesty\/\">quatro acusa\u00e7\u00f5es criminais<\/a>. Isso depois que um grande j\u00fari descobriu que Amesty falsificou a assinatura de um homem em um documento que ela autentica em 2021 enquanto trabalhava como administradora na Central Christian Academy de sua fam\u00edlia, de acordo com o procurador estadual Andrew Bain. A suposta falsifica\u00e7\u00e3o aconteceu antes de Amesty ser eleita para a C\u00e2mara dos Representantes da Fl\u00f3rida.<\/p>\n<p>Cada uma das acusa\u00e7\u00f5es \u00e9 um crime de terceiro grau, pun\u00edvel com at\u00e9 <a href=\"http:\/\/www.leg.state.fl.us\/statutes\/index.cfm?App_mode=Display_Statute&#038;URL=0700-0799\/0775\/Sections\/0775.082.html\">cinco anos de pris\u00e3o<\/a> e <a href=\"http:\/\/www.leg.state.fl.us\/statutes\/index.cfm?App_mode=Display_Statute&#038;URL=0700-0799\/0775\/Sections\/0775.083.html\">$ 5.000<\/a> em multas.<\/p>\n<p>A acusa\u00e7\u00e3o de Amesty \u2014 que atualmente concorre \u00e0 reelei\u00e7\u00e3o em seu distrito a oeste de Orlando \u2014 segue investiga\u00e7\u00f5es do <a href=\"https:\/\/www.orlandosentinel.com\/2023\/08\/08\/rep-amesty-leaves-trail-of-falsehoods-unpaid-taxes-and-bills-records-show\/\">Orlando Sentinela<\/a> sobre a hist\u00f3ria de Amesty, suas pr\u00e1ticas financeiras e seu papel na escola administrada pela fam\u00edlia.<\/p>\n<p>Contactado por telefone, Amesty recusou-se a responder a perguntas da Associated Press, mas apontou para uma <a href=\"https:\/\/x.com\/carolina_amesty\/status\/1829243287103824250\">declara\u00e7\u00e3o<\/a> postado na plataforma de m\u00eddia social X.<\/p>\n<p>\u201cEste processo, iniciado apenas algumas semanas antes de as c\u00e9dulas de vota\u00e7\u00e3o ausentes serem descartadas, \u00e9 baseado em relat\u00f3rios enganosos de um jornal partid\u00e1rio sobre a autentica\u00e7\u00e3o em cart\u00f3rio de um relat\u00f3rio de antecedentes de verifica\u00e7\u00e3o de funcion\u00e1rio\u201d, diz a declara\u00e7\u00e3o da campanha de Amesty. \u201cA deputada Amesty pede um julgamento r\u00e1pido, aguarda seu dia no tribunal e est\u00e1 confiante em sua vindica\u00e7\u00e3o p\u00fablica.\u201d<\/p>\n<p>Eleito pela primeira vez para a C\u00e2mara da Fl\u00f3rida em 2022, <a href=\"https:\/\/ballotpedia.org\/Carolina_Amesty\">Amestia<\/a> se autointitulou uma empres\u00e1ria de sucesso e uma firme apoiadora do ex-presidente Donald Trump e do governador da Fl\u00f3rida, Ron DeSantis, vencendo um distrito competitivo que representa partes dos condados de Orange e Osceola, incluindo o Walt Disney World.<\/p>\n<p>Ap\u00f3s a acusa\u00e7\u00e3o, o Partido Democrata da Fl\u00f3rida pediu que Amesty renunciasse.<\/p>\n<p>\u201cCarolina Amesty n\u00e3o pode representar efetivamente o povo do Distrito 45 da C\u00e2mara enquanto se defende de acusa\u00e7\u00f5es criminais\u201d, disse a presidente do partido, Nikki Fried. \u201cEla deve renunciar ao cargo imediatamente e, se ela se recusar a assumir a responsabilidade por suas a\u00e7\u00f5es, exigimos que a C\u00e2mara dos Representantes da Fl\u00f3rida a expulse da filia\u00e7\u00e3o.\u201d<\/p>\n<p>Um porta-voz do presidente da C\u00e2mara da Fl\u00f3rida n\u00e3o respondeu a um pedido de coment\u00e1rio at\u00e9 o prazo final.<\/p>\n<p><em>Copyright 2024 The Associated Press. Todos os direitos reservados. Este material n\u00e3o pode ser publicado, transmitido, reescrito ou redistribu\u00eddo.<\/em><\/p>\n<div class=\"wp-block-newsletter\">\n\t<strong class=\"wp-block-newsletter__title\">Inscreva-se em nossa Newsletter para receber as \u00faltimas not\u00edcias diretamente na sua caixa de entrada<\/strong><\/p>\n<\/div><\/div>\n<p><br \/>\n<br \/><a href=\"https:\/\/wsvn.com\/news\/local\/florida\/florida-state-lawmaker-indicted-on-felony-charges-related-to-private-school\/\">Source link <\/a><\/p>","protected":false},"excerpt":{"rendered":"<p>TALLAHASSEE, Fl\u00f3rida (AP) \u2014 Uma representante estadual republicana na Fl\u00f3rida central foi indiciada por acusa\u00e7\u00f5es de falsifica\u00e7\u00e3o de documentos relacionadas \u00e0 administra\u00e7\u00e3o de uma escola crist\u00e3 particular que ela ajudou&hellip;<\/p>","protected":false},"author":1,"featured_media":30194,"comment_status":"closed","ping_status":"open","sticky":false,"template":"","format":"standard","meta":{"content-type":"","footnotes":""},"categories":[1],"tags":[],"class_list":["post-30193","post","type-post","status-publish","format-standard","has-post-thumbnail","hentry","category-uncategorized"],"_links":{"self":[{"href":"https:\/\/tvbrazilusa.com\/pt\/wp-json\/wp\/v2\/posts\/30193","targetHints":{"allow":["GET"]}}],"collection":[{"href":"https:\/\/tvbrazilusa.com\/pt\/wp-json\/wp\/v2\/posts"}],"about":[{"href":"https:\/\/tvbrazilusa.com\/pt\/wp-json\/wp\/v2\/types\/post"}],"author":[{"embeddable":true,"href":"https:\/\/tvbrazilusa.com\/pt\/wp-json\/wp\/v2\/users\/1"}],"replies":[{"embeddable":true,"href":"https:\/\/tvbrazilusa.com\/pt\/wp-json\/wp\/v2\/comments?post=30193"}],"version-history":[{"count":1,"href":"https:\/\/tvbrazilusa.com\/pt\/wp-json\/wp\/v2\/posts\/30193\/revisions"}],"predecessor-version":[{"id":30195,"href":"https:\/\/tvbrazilusa.com\/pt\/wp-json\/wp\/v2\/posts\/30193\/revisions\/30195"}],"wp:featuredmedia":[{"embeddable":true,"href":"https:\/\/tvbrazilusa.com\/pt\/wp-json\/wp\/v2\/media\/30194"}],"wp:attachment":[{"href":"https:\/\/tvbrazilusa.com\/pt\/wp-json\/wp\/v2\/media?parent=30193"}],"wp:term":[{"taxonomy":"category","embeddable":true,"href":"https:\/\/tvbrazilusa.com\/pt\/wp-json\/wp\/v2\/categories?post=30193"},{"taxonomy":"post_tag","embeddable":true,"href":"https:\/\/tvbrazilusa.com\/pt\/wp-json\/wp\/v2\/tags?post=30193"}],"curies":[{"name":"wp","href":"https:\/\/api.w.org\/{rel}","templated":true}]}}