{"id":30249,"date":"2024-08-30T22:39:37","date_gmt":"2024-08-30T22:39:37","guid":{"rendered":"https:\/\/tvbrazilusa.com\/2024\/08\/30\/escola-primaria-thurgood-marshall-celebra-lider-dos-direitos-civis-que-lhe-deu-o-nome-legado-na-suprema-corte-wsvn-7news-noticias-de-miami-clima-esportes-fort-lauderdale\/"},"modified":"2024-08-30T22:48:14","modified_gmt":"2024-08-30T22:48:14","slug":"escola-primaria-thurgood-marshall-celebra-lider-dos-direitos-civis-que-lhe-deu-o-nome-legado-na-suprema-corte-wsvn-7news-noticias-de-miami-clima-esportes-fort-lauderdale","status":"publish","type":"post","link":"https:\/\/tvbrazilusa.com\/pt\/2024\/08\/30\/escola-primaria-thurgood-marshall-celebra-lider-dos-direitos-civis-que-lhe-deu-o-nome-legado-na-suprema-corte-wsvn-7news-noticias-de-miami-clima-esportes-fort-lauderdale\/","title":{"rendered":"Escola Prim\u00e1ria Thurgood Marshall celebra l\u00edder dos direitos civis que lhe deu o nome, legado na Suprema Corte &#8211; WSVN 7News | Not\u00edcias de Miami, Clima, Esportes | Fort Lauderdale"},"content":{"rendered":"<p> <script async src=\"https:\/\/pagead2.googlesyndication.com\/pagead\/js\/adsbygoogle.js?client=ca-pub-8864793242727901\"\r\n     crossorigin=\"anonymous\"><\/script><br \/>\n<\/p>\n<div itemprop=\"articleBody\">\n<p>FORT LAUDERDALE, FL\u00d3RIDA (WSVN) &#8211; Uma escola do sul da Fl\u00f3rida homenageou o \u00edcone dos direitos civis e pioneiro que deu seu nome.<\/p>\n<p>A Escola Elementar Thurgood Marshall em Fort Lauderdale homenageou o l\u00edder dos direitos civis na tarde de sexta-feira.<\/p>\n<p>Na sexta-feira, h\u00e1 cinquenta e sete anos, Marshall fez hist\u00f3ria ao se tornar o primeiro juiz negro da Suprema Corte.<\/p>\n<p>Os alunos apresentaram projetos de pesquisa sobre sua vida e obra. Foi uma oportunidade para eles aprenderem sobre perseveran\u00e7a, justi\u00e7a e o poder da educa\u00e7\u00e3o.<\/p>\n<p>\u201c\u00c9 uma honra para n\u00f3s fazer uma pausa para que, \u00e0 medida que nossos alunos crescem neste ano letivo, imitemos as cren\u00e7as do Juiz Marshall, que acreditava na justi\u00e7a e na igualdade para todos os alunos\u201d, disse Angeline Flowers, diretora da escola.<\/p>\n<p>L\u00edderes comunit\u00e1rios tamb\u00e9m compartilharam suas opini\u00f5es sobre o impacto de Marshall.<\/p>\n<p><em>Copyright 2024 Sunbeam Television Corp. Todos os direitos reservados. Este material n\u00e3o pode ser publicado, transmitido, reescrito ou redistribu\u00eddo.<\/em><\/p>\n<div class=\"wp-block-newsletter\">\n\t<strong class=\"wp-block-newsletter__title\">Inscreva-se em nossa Newsletter para receber as \u00faltimas not\u00edcias diretamente na sua caixa de entrada<\/strong><\/p>\n<\/div><\/div>\n<p><br \/>\n<br \/><a href=\"https:\/\/wsvn.com\/news\/local\/broward\/thurgood-marshall-elementary-celebrates-civil-rights-leader-it-was-named-after-legacy-on-supreme-court\/\">Source link <\/a><\/p>","protected":false},"excerpt":{"rendered":"<p>FORT LAUDERDALE, FL\u00d3RIDA (WSVN) &#8211; Uma escola do sul da Fl\u00f3rida homenageou o \u00edcone dos direitos civis e pioneiro que deu seu nome. A Escola Elementar Thurgood Marshall em Fort&hellip;<\/p>","protected":false},"author":1,"featured_media":30250,"comment_status":"closed","ping_status":"open","sticky":false,"template":"","format":"standard","meta":{"content-type":"","footnotes":""},"categories":[1],"tags":[],"class_list":["post-30249","post","type-post","status-publish","format-standard","has-post-thumbnail","hentry","category-uncategorized"],"_links":{"self":[{"href":"https:\/\/tvbrazilusa.com\/pt\/wp-json\/wp\/v2\/posts\/30249","targetHints":{"allow":["GET"]}}],"collection":[{"href":"https:\/\/tvbrazilusa.com\/pt\/wp-json\/wp\/v2\/posts"}],"about":[{"href":"https:\/\/tvbrazilusa.com\/pt\/wp-json\/wp\/v2\/types\/post"}],"author":[{"embeddable":true,"href":"https:\/\/tvbrazilusa.com\/pt\/wp-json\/wp\/v2\/users\/1"}],"replies":[{"embeddable":true,"href":"https:\/\/tvbrazilusa.com\/pt\/wp-json\/wp\/v2\/comments?post=30249"}],"version-history":[{"count":1,"href":"https:\/\/tvbrazilusa.com\/pt\/wp-json\/wp\/v2\/posts\/30249\/revisions"}],"predecessor-version":[{"id":30251,"href":"https:\/\/tvbrazilusa.com\/pt\/wp-json\/wp\/v2\/posts\/30249\/revisions\/30251"}],"wp:featuredmedia":[{"embeddable":true,"href":"https:\/\/tvbrazilusa.com\/pt\/wp-json\/wp\/v2\/media\/30250"}],"wp:attachment":[{"href":"https:\/\/tvbrazilusa.com\/pt\/wp-json\/wp\/v2\/media?parent=30249"}],"wp:term":[{"taxonomy":"category","embeddable":true,"href":"https:\/\/tvbrazilusa.com\/pt\/wp-json\/wp\/v2\/categories?post=30249"},{"taxonomy":"post_tag","embeddable":true,"href":"https:\/\/tvbrazilusa.com\/pt\/wp-json\/wp\/v2\/tags?post=30249"}],"curies":[{"name":"wp","href":"https:\/\/api.w.org\/{rel}","templated":true}]}}