{"id":30252,"date":"2024-08-30T20:27:39","date_gmt":"2024-08-30T20:27:39","guid":{"rendered":"https:\/\/tvbrazilusa.com\/2024\/08\/30\/acusacao-de-invasao-de-propriedade-retirada-na-prisao-do-rapper-travis-scott-em-miami-beach-wsvn-7news-noticias-de-miami-clima-esportes-fort-lauderdale-2\/"},"modified":"2024-08-30T23:06:29","modified_gmt":"2024-08-30T23:06:29","slug":"acusacao-de-invasao-de-propriedade-retirada-na-prisao-do-rapper-travis-scott-em-miami-beach-wsvn-7news-noticias-de-miami-clima-esportes-fort-lauderdale-2","status":"publish","type":"post","link":"https:\/\/tvbrazilusa.com\/pt\/2024\/08\/30\/acusacao-de-invasao-de-propriedade-retirada-na-prisao-do-rapper-travis-scott-em-miami-beach-wsvn-7news-noticias-de-miami-clima-esportes-fort-lauderdale-2\/","title":{"rendered":"Acusa\u00e7\u00e3o de invas\u00e3o de propriedade retirada na pris\u00e3o do rapper Travis Scott em Miami Beach &#8211; WSVN 7News | Not\u00edcias de Miami, Clima, Esportes | Fort Lauderdale"},"content":{"rendered":"<p> <script async src=\"https:\/\/pagead2.googlesyndication.com\/pagead\/js\/adsbygoogle.js?client=ca-pub-8864793242727901\"\r\n     crossorigin=\"anonymous\"><\/script><br \/>\n<\/p>\n<div itemprop=\"articleBody\">\n<p>MIAMI BEACH, FLA. (WSVN) &#8211; O Gabinete do Procurador do Estado de Miami-Dade retirou uma acusa\u00e7\u00e3o de invas\u00e3o de propriedade contra o rapper Travis Scott, que foi <a href=\"https:\/\/wsvn.com\/entertainment\/rapper-travis-scott-arrested-in-miami-beach-for-trespassing-and-disorderly-intoxication\/\" data-type=\"link\" data-id=\"https:\/\/wsvn.com\/entertainment\/rapper-travis-scott-arrested-in-miami-beach-for-trespassing-and-disorderly-intoxication\/\">preso em 20 de junho na Marina de Miami Beach<\/a>de acordo com registros judiciais.<\/p>\n<p>Scott, cujo nome verdadeiro \u00e9 Jaques Webster, foi inicialmente acusado de invas\u00e3o de propriedade e intoxica\u00e7\u00e3o desordeira ap\u00f3s um incidente na marina, onde foi acusado de ficar mais tempo em um iate alugado e se tornar agressivo com os funcion\u00e1rios. <\/p>\n<p><a href=\"https:\/\/wsvn.com\/entertainment\/bodycam-footage-shows-arrest-of-travis-scott-in-miami-beach-as-prosecutors-drop-charge-against-him\/\" data-type=\"link\" data-id=\"https:\/\/wsvn.com\/entertainment\/bodycam-footage-shows-arrest-of-travis-scott-in-miami-beach-as-prosecutors-drop-charge-against-him\/\">C\u00e2mera corporal policial<\/a> As imagens mostraram o artista resistindo \u00e0s tentativas dos policiais de acalm\u00e1-lo, o que levou \u00e0 sua pris\u00e3o.<\/p>\n<p>A acusa\u00e7\u00e3o de intoxica\u00e7\u00e3o desordeira foi rejeitada anteriormente, deixando Scott enfrentando apenas a acusa\u00e7\u00e3o de invas\u00e3o de propriedade, que foi retirada na sexta-feira.<\/p>\n<p><em>Copyright 2024 Sunbeam Television Corp. Todos os direitos reservados. Este material n\u00e3o pode ser publicado, transmitido, reescrito ou redistribu\u00eddo.<\/em><\/p>\n<div class=\"wp-block-newsletter\">\n\t<strong class=\"wp-block-newsletter__title\">Inscreva-se em nossa Newsletter para receber as \u00faltimas not\u00edcias diretamente na sua caixa de entrada<\/strong><\/p>\n<\/div><\/div>\n<p><br \/>\n<br \/><a href=\"https:\/\/wsvn.com\/entertainment\/trespassing-charge-dropped-in-rapper-travis-scotts-miami-beach-arrest\/\">Source link <\/a><\/p>","protected":false},"excerpt":{"rendered":"<p>MIAMI BEACH, FLA. (WSVN) &#8211; O Gabinete do Procurador do Estado de Miami-Dade retirou uma acusa\u00e7\u00e3o de invas\u00e3o de propriedade contra o rapper Travis Scott, que foi preso em 20&hellip;<\/p>","protected":false},"author":1,"featured_media":30226,"comment_status":"closed","ping_status":"open","sticky":false,"template":"","format":"standard","meta":{"content-type":"","footnotes":""},"categories":[1],"tags":[],"class_list":["post-30252","post","type-post","status-publish","format-standard","has-post-thumbnail","hentry","category-uncategorized"],"_links":{"self":[{"href":"https:\/\/tvbrazilusa.com\/pt\/wp-json\/wp\/v2\/posts\/30252","targetHints":{"allow":["GET"]}}],"collection":[{"href":"https:\/\/tvbrazilusa.com\/pt\/wp-json\/wp\/v2\/posts"}],"about":[{"href":"https:\/\/tvbrazilusa.com\/pt\/wp-json\/wp\/v2\/types\/post"}],"author":[{"embeddable":true,"href":"https:\/\/tvbrazilusa.com\/pt\/wp-json\/wp\/v2\/users\/1"}],"replies":[{"embeddable":true,"href":"https:\/\/tvbrazilusa.com\/pt\/wp-json\/wp\/v2\/comments?post=30252"}],"version-history":[{"count":1,"href":"https:\/\/tvbrazilusa.com\/pt\/wp-json\/wp\/v2\/posts\/30252\/revisions"}],"predecessor-version":[{"id":30253,"href":"https:\/\/tvbrazilusa.com\/pt\/wp-json\/wp\/v2\/posts\/30252\/revisions\/30253"}],"wp:featuredmedia":[{"embeddable":true,"href":"https:\/\/tvbrazilusa.com\/pt\/wp-json\/wp\/v2\/media\/30226"}],"wp:attachment":[{"href":"https:\/\/tvbrazilusa.com\/pt\/wp-json\/wp\/v2\/media?parent=30252"}],"wp:term":[{"taxonomy":"category","embeddable":true,"href":"https:\/\/tvbrazilusa.com\/pt\/wp-json\/wp\/v2\/categories?post=30252"},{"taxonomy":"post_tag","embeddable":true,"href":"https:\/\/tvbrazilusa.com\/pt\/wp-json\/wp\/v2\/tags?post=30252"}],"curies":[{"name":"wp","href":"https:\/\/api.w.org\/{rel}","templated":true}]}}