{"id":30391,"date":"2024-08-31T14:46:16","date_gmt":"2024-08-31T14:46:16","guid":{"rendered":"https:\/\/tvbrazilusa.com\/2024\/08\/31\/morre-a-bailarina-e-coreografa-carlota-portella-tv-florida-usa-a-sua-tv-brasileira-nos-estados-unidos\/"},"modified":"2024-08-31T16:48:53","modified_gmt":"2024-08-31T16:48:53","slug":"morre-a-bailarina-e-coreografa-carlota-portella-tv-florida-usa-a-sua-tv-brasileira-nos-estados-unidos","status":"publish","type":"post","link":"https:\/\/tvbrazilusa.com\/pt\/2024\/08\/31\/morre-a-bailarina-e-coreografa-carlota-portella-tv-florida-usa-a-sua-tv-brasileira-nos-estados-unidos\/","title":{"rendered":"Morre a bailarina e core\u00f3grafa Carlota Portella \u2013 TV Florida USA \u2013 A sua TV Brasileira nos Estados Unidos"},"content":{"rendered":"<p> <script async src=\"https:\/\/pagead2.googlesyndication.com\/pagead\/js\/adsbygoogle.js?client=ca-pub-8864793242727901\"\r\n     crossorigin=\"anonymous\"><\/script><br \/>\n<\/p>\n<div>\n<p>Foto: Reprodu\u00e7\u00e3o\/TV Globo.<\/p>\n<p>Morreu aos 74 anos, na madrugada deste s\u00e1bado (31\/8), a renomada core\u00f3grafa Carlota Portella. A not\u00edcia foi inicialmente divulgada pela Coluna F\u00e1bia Oliveira. A causa do \u00f3bito ainda n\u00e3o foi confirmada pelas autoridades.<\/p>\n<p>O vel\u00f3rio ainda n\u00e3o tem data e hor\u00e1rio confirmados, mas ser\u00e1 realizado na escola de dan\u00e7a The Jazz, localizada no Jardim Bot\u00e2nico, zona sul do Rio de Janeiro. Carlota Portella era s\u00f3cia dessa institui\u00e7\u00e3o. O sepultamento ocorrer\u00e1 no domingo (1\u00ba\/9), mas outros detalhes ainda est\u00e3o sendo mantidos em sigilo.<\/p>\n<figure class=\"wp-block-image size-large\"><picture decoding=\"async\" class=\"wp-image-183019\"><source type=\"image\/webp\" srcset=\"https:\/\/terrabrasilnoticias.com\/wp-content\/uploads\/2024\/08\/image-605-1024x615.png.webp 1024w, https:\/\/terrabrasilnoticias.com\/wp-content\/uploads\/2024\/08\/image-605-300x180.png.webp 300w, https:\/\/terrabrasilnoticias.com\/wp-content\/uploads\/2024\/08\/image-605-768x461.png.webp 768w, https:\/\/terrabrasilnoticias.com\/wp-content\/uploads\/2024\/08\/image-605-750x451.png.webp 750w, https:\/\/terrabrasilnoticias.com\/wp-content\/uploads\/2024\/08\/image-605-1140x685.png.webp 1140w, https:\/\/terrabrasilnoticias.com\/wp-content\/uploads\/2024\/08\/image-605.png.webp 1265w\" sizes=\"(max-width: 1024px) 100vw, 1024px\"\/><\/picture>\n<\/figure>\n<h2 class=\"wp-block-heading\">Carlota Portella: Uma vida dedicada \u00e0 dan\u00e7a<\/h2>\n<p>Desde cedo, Carlota Portella demonstrou um grande amor pela dan\u00e7a. Aos 6 anos, come\u00e7ou seus estudos em bal\u00e9 cl\u00e1ssico. Mais tarde, ela se apaixonou pelo jazz, ganhando significativa experi\u00eancia internacional ao passar um ano em Paris, na Fran\u00e7a, onde estudou na renomada Academie Internacionale de Dance.<\/p>\n<p>A trajet\u00f3ria acad\u00eamica de Carlota Portella \u00e9 rica e variada. Depois de retornar ao Brasil, concluiu sua forma\u00e7\u00e3o em dan\u00e7a no Ballet Dalal Achar, localizado na G\u00e1vea, zona sul do Rio de Janeiro. Essa forma\u00e7\u00e3o em bal\u00e9 cl\u00e1ssico e jazz solidificou sua base t\u00e9cnica, permitindo que ela se tornasse uma professora de dan\u00e7a de renome internacional.<\/p>\n<h2 class=\"wp-block-heading\">Reconhecimento e contribui\u00e7\u00f5es<\/h2>\n<p>Em 1976, Carlota Portella ganhou uma bolsa de estudos da Unesco para cursar Anima\u00e7\u00e3o e Administra\u00e7\u00e3o Cultural de Ballet na \u00d3pera de Paris. Este marco em sua carreira n\u00e3o s\u00f3 evidenciou seu talento, mas tamb\u00e9m abriu portas para que ela pudesse compartilhar seu vasto conhecimento com novos bailarinos e core\u00f3grafos em forma\u00e7\u00e3o.<\/p>\n<figure class=\"wp-block-image size-full\"><picture decoding=\"async\" class=\"wp-image-183020\"><source type=\"image\/webp\" srcset=\"https:\/\/terrabrasilnoticias.com\/wp-content\/uploads\/2024\/08\/image-606.png.webp 667w, https:\/\/terrabrasilnoticias.com\/wp-content\/uploads\/2024\/08\/image-606-238x300.png.webp 238w\" sizes=\"(max-width: 667px) 100vw, 667px\"\/><\/picture>\n<\/figure>\n<h2 class=\"wp-block-heading\">Agradecimento e despedida<\/h2>\n<p>No perfil oficial do Instagram da escola The Jazz, os administradores confirmaram a not\u00edcia do falecimento e prestaram uma homenagem \u00e0 core\u00f3grafa: <strong>\u201cGratid\u00e3o pelos 40 anos de parceria\u201d<\/strong>. Essas palavras refletem a enorme contribui\u00e7\u00e3o que Carlota Portella fez para a comunidade da dan\u00e7a no Brasil.<\/p>\n<figure class=\"wp-block-image size-full\"><picture loading=\"lazy\" decoding=\"async\" class=\"wp-image-183018\"><source type=\"image\/webp\" srcset=\"https:\/\/terrabrasilnoticias.com\/wp-content\/uploads\/2024\/08\/image-604.png.webp 480w, https:\/\/terrabrasilnoticias.com\/wp-content\/uploads\/2024\/08\/image-604-169x300.png.webp 169w\" sizes=\"(max-width: 480px) 100vw, 480px\"\/><img loading=\"lazy\" decoding=\"async\" width=\"480\" height=\"852\" src=\"https:\/\/terrabrasilnoticias.com\/wp-content\/uploads\/2024\/08\/image-604.png\" alt=\"\" srcset=\"https:\/\/terrabrasilnoticias.com\/wp-content\/uploads\/2024\/08\/image-604.png 480w, https:\/\/terrabrasilnoticias.com\/wp-content\/uploads\/2024\/08\/image-604-169x300.png 169w\" sizes=\"auto, (max-width: 480px) 100vw, 480px\"\/>\n<\/picture>\n<\/figure>\n<h2 class=\"wp-block-heading\">Legado de Carlota Portella<\/h2>\n<p>A influ\u00eancia de Carlota Portella no mundo da dan\u00e7a \u00e9 ineg\u00e1vel. Seus alunos, muitos dos quais se tornaram dan\u00e7arinos e core\u00f3grafos de destaque, s\u00e3o um testemunho de sua paix\u00e3o e dedica\u00e7\u00e3o. Seu legado viver\u00e1 n\u00e3o apenas nas mem\u00f3rias dos que tiveram a oportunidade de aprender com ela, mas tamb\u00e9m nas futuras gera\u00e7\u00f5es de bailarinos que continuar\u00e3o a se inspirar em sua obra.<\/p>\n<ul class=\"wp-block-list\">\n<li>Come\u00e7ou a estudar bal\u00e9 cl\u00e1ssico aos 6 anos.<\/li>\n<li>Passou um ano em Paris, na Academie Internacionale de Dance, estudando jazz.<\/li>\n<li>Concluiu sua forma\u00e7\u00e3o em dan\u00e7a no Ballet Dalal Achar na G\u00e1vea, Rio de Janeiro.<\/li>\n<li>Recebeu uma bolsa da Unesco para cursar Anima\u00e7\u00e3o e Administra\u00e7\u00e3o Cultural de Ballet na \u00d3pera de Paris em 1976.<\/li>\n<\/ul>\n<p>O Brasil perdeu uma gigante da dan\u00e7a, mas a mem\u00f3ria e a influ\u00eancia de Carlota Portella perdurar\u00e3o atrav\u00e9s daqueles que tiveram o privil\u00e9gio de conhecer e aprender com ela. Seus passos agora dan\u00e7am nas estrelas, deixando uma trilha luminosa de inspira\u00e7\u00e3o e arte.<\/p>\n<figure class=\"wp-block-embed is-type-video is-provider-youtube wp-block-embed-youtube wp-embed-aspect-4-3 wp-has-aspect-ratio\">\n<div class=\"wp-block-embed__wrapper\">\n<div class=\"jeg_video_container jeg_video_content\"><noscript><\/p>\n<div class=\"arve\" data-mode=\"normal\" data-oembed=\"1\" data-provider=\"youtube\" id=\"arve-youtube-kktsh_jusam\">\n<div class=\"arve-inner\">\n<p>\n<span class=\"arve-ar\" style=\"padding-top:75.042735%\"\/><iframe credentialless=\"\" referrerpolicy=\"strict-origin-when-cross-origin\" allow=\"accelerometer 'none';ambient-light-sensor 'none';autoplay 'none';battery 'none';bluetooth 'none';browsing-topics 'none';camera 'none';ch-ua 'none';clipboard-read 'none';clipboard-write;display-capture 'none';document-domain 'none';domain-agent 'none';encrypted-media 'none';execution-while-not-rendered 'none';execution-while-out-of-viewport 'none';gamepad 'none';geolocation 'none';gyroscope 'none';hid 'none';identity-credentials-get 'none';idle-detection 'none';keyboard-map 'none';local-fonts 'none';magnetometer 'none';microphone 'none';midi 'none';navigation-override 'none';otp-credentials 'none';payment 'none';picture-in-picture;publickey-credentials-create 'none';publickey-credentials-get 'none';screen-wake-lock 'none';serial 'none';speaker-selection;sync-xhr 'none';usb 'none';web-share;window-management 'none';xr-spatial-tracking 'none';\" allowfullscreen=\"\" class=\"arve-iframe fitvidsignore\" data-arve=\"arve-youtube-kktsh_jusam\" data-src-no-ap=\"https:\/\/www.youtube-nocookie.com\/embed\/kKtSh_jUsaM?feature=oembed&#038;iv_load_policy=3&#038;modestbranding=1&#038;rel=0&#038;autohide=1&#038;playsinline=0&#038;autoplay=0\" frameborder=\"0\" height=\"0\" name=\"\" sandbox=\"allow-scripts allow-same-origin allow-presentation allow-popups allow-popups-to-escape-sandbox\" scrolling=\"no\" src=\"https:\/\/www.youtube-nocookie.com\/embed\/kKtSh_jUsaM?feature=oembed&#038;iv_load_policy=3&#038;modestbranding=1&#038;rel=0&#038;autohide=1&#038;playsinline=0&#038;autoplay=0\" width=\"0\" title=\"\" loading=\"lazy\"><\/iframe>\n<\/p>\n<\/div>\n<\/div>\n<p><\/noscript><\/div>\n<\/div>\n<\/figure>\n<\/div>\n<p><br \/>\n<br \/><a href=\"https:\/\/tvfloridausa.com\/2024\/08\/31\/morre-a-bailarina-e-coreografa-carlota-portella\/\">Source link <\/a><\/p>","protected":false},"excerpt":{"rendered":"<p>Foto: Reprodu\u00e7\u00e3o\/TV Globo. Morreu aos 74 anos, na madrugada deste s\u00e1bado (31\/8), a renomada core\u00f3grafa Carlota Portella. A not\u00edcia foi inicialmente divulgada pela Coluna F\u00e1bia Oliveira. A causa do \u00f3bito&hellip;<\/p>","protected":false},"author":1,"featured_media":30392,"comment_status":"closed","ping_status":"open","sticky":false,"template":"","format":"standard","meta":{"content-type":"","footnotes":""},"categories":[22],"tags":[],"class_list":["post-30391","post","type-post","status-publish","format-standard","has-post-thumbnail","hentry","category-tv-florida-usa"],"_links":{"self":[{"href":"https:\/\/tvbrazilusa.com\/pt\/wp-json\/wp\/v2\/posts\/30391","targetHints":{"allow":["GET"]}}],"collection":[{"href":"https:\/\/tvbrazilusa.com\/pt\/wp-json\/wp\/v2\/posts"}],"about":[{"href":"https:\/\/tvbrazilusa.com\/pt\/wp-json\/wp\/v2\/types\/post"}],"author":[{"embeddable":true,"href":"https:\/\/tvbrazilusa.com\/pt\/wp-json\/wp\/v2\/users\/1"}],"replies":[{"embeddable":true,"href":"https:\/\/tvbrazilusa.com\/pt\/wp-json\/wp\/v2\/comments?post=30391"}],"version-history":[{"count":1,"href":"https:\/\/tvbrazilusa.com\/pt\/wp-json\/wp\/v2\/posts\/30391\/revisions"}],"predecessor-version":[{"id":30393,"href":"https:\/\/tvbrazilusa.com\/pt\/wp-json\/wp\/v2\/posts\/30391\/revisions\/30393"}],"wp:featuredmedia":[{"embeddable":true,"href":"https:\/\/tvbrazilusa.com\/pt\/wp-json\/wp\/v2\/media\/30392"}],"wp:attachment":[{"href":"https:\/\/tvbrazilusa.com\/pt\/wp-json\/wp\/v2\/media?parent=30391"}],"wp:term":[{"taxonomy":"category","embeddable":true,"href":"https:\/\/tvbrazilusa.com\/pt\/wp-json\/wp\/v2\/categories?post=30391"},{"taxonomy":"post_tag","embeddable":true,"href":"https:\/\/tvbrazilusa.com\/pt\/wp-json\/wp\/v2\/tags?post=30391"}],"curies":[{"name":"wp","href":"https:\/\/api.w.org\/{rel}","templated":true}]}}