{"id":30413,"date":"2024-08-31T20:03:00","date_gmt":"2024-08-31T20:03:00","guid":{"rendered":"https:\/\/tvbrazilusa.com\/2024\/08\/31\/nj-apresenta-mais-argumentos-contra-a-taxa-de-us-15-para-entrar-em-nyc-apos-o-governador-hochul-sugerir-seu-retorno\/"},"modified":"2024-08-31T20:17:56","modified_gmt":"2024-08-31T20:17:56","slug":"nj-apresenta-mais-argumentos-contra-a-taxa-de-us-15-para-entrar-em-nyc-apos-o-governador-hochul-sugerir-seu-retorno","status":"publish","type":"post","link":"https:\/\/tvbrazilusa.com\/pt\/2024\/08\/31\/nj-apresenta-mais-argumentos-contra-a-taxa-de-us-15-para-entrar-em-nyc-apos-o-governador-hochul-sugerir-seu-retorno\/","title":{"rendered":"NJ apresenta mais argumentos contra a taxa de US$ 15 para entrar em NYC, ap\u00f3s o governador Hochul sugerir seu retorno"},"content":{"rendered":"<p> <script async src=\"https:\/\/pagead2.googlesyndication.com\/pagead\/js\/adsbygoogle.js?client=ca-pub-8864793242727901\"\r\n     crossorigin=\"anonymous\"><\/script><br \/>\n<\/p>\n<p>A equipe jur\u00eddica que lidera a oposi\u00e7\u00e3o de Nova Jersey ao plano de precifica\u00e7\u00e3o de congestionamento da cidade de Nova York apresentou mais argumentos na esperan\u00e7a de convencer um juiz a anular as aprova\u00e7\u00f5es federais da taxa de US$ 15 para entrar no baixo Manhattan.<\/p>\n<p><br \/>\n<br \/><a href=\"https:\/\/www.nj.com\/news\/2024\/08\/nj-makes-more-arguments-against-15-fee-to-enter-nyc-after-gov-hochul-hints-at-its-return.html\">Source link <\/a><\/p>","protected":false},"excerpt":{"rendered":"<p>A equipe jur\u00eddica que lidera a oposi\u00e7\u00e3o de Nova Jersey ao plano de precifica\u00e7\u00e3o de congestionamento da cidade de Nova York apresentou mais argumentos na esperan\u00e7a de convencer um juiz&hellip;<\/p>","protected":false},"author":1,"featured_media":30414,"comment_status":"closed","ping_status":"open","sticky":false,"template":"","format":"standard","meta":{"content-type":"","footnotes":""},"categories":[1],"tags":[],"class_list":["post-30413","post","type-post","status-publish","format-standard","has-post-thumbnail","hentry","category-uncategorized"],"_links":{"self":[{"href":"https:\/\/tvbrazilusa.com\/pt\/wp-json\/wp\/v2\/posts\/30413","targetHints":{"allow":["GET"]}}],"collection":[{"href":"https:\/\/tvbrazilusa.com\/pt\/wp-json\/wp\/v2\/posts"}],"about":[{"href":"https:\/\/tvbrazilusa.com\/pt\/wp-json\/wp\/v2\/types\/post"}],"author":[{"embeddable":true,"href":"https:\/\/tvbrazilusa.com\/pt\/wp-json\/wp\/v2\/users\/1"}],"replies":[{"embeddable":true,"href":"https:\/\/tvbrazilusa.com\/pt\/wp-json\/wp\/v2\/comments?post=30413"}],"version-history":[{"count":1,"href":"https:\/\/tvbrazilusa.com\/pt\/wp-json\/wp\/v2\/posts\/30413\/revisions"}],"predecessor-version":[{"id":30415,"href":"https:\/\/tvbrazilusa.com\/pt\/wp-json\/wp\/v2\/posts\/30413\/revisions\/30415"}],"wp:featuredmedia":[{"embeddable":true,"href":"https:\/\/tvbrazilusa.com\/pt\/wp-json\/wp\/v2\/media\/30414"}],"wp:attachment":[{"href":"https:\/\/tvbrazilusa.com\/pt\/wp-json\/wp\/v2\/media?parent=30413"}],"wp:term":[{"taxonomy":"category","embeddable":true,"href":"https:\/\/tvbrazilusa.com\/pt\/wp-json\/wp\/v2\/categories?post=30413"},{"taxonomy":"post_tag","embeddable":true,"href":"https:\/\/tvbrazilusa.com\/pt\/wp-json\/wp\/v2\/tags?post=30413"}],"curies":[{"name":"wp","href":"https:\/\/api.w.org\/{rel}","templated":true}]}}