{"id":30416,"date":"2024-08-31T20:14:00","date_gmt":"2024-08-31T20:14:00","guid":{"rendered":"https:\/\/tvbrazilusa.com\/2024\/08\/31\/a-derrota-de-novak-djokovic-no-us-open-faz-de-2024-o-primeiro-ano-desde-2002-sem-um-titulo-de-grand-slam-para-os-tres-grandes\/"},"modified":"2024-08-31T20:30:51","modified_gmt":"2024-08-31T20:30:51","slug":"a-derrota-de-novak-djokovic-no-us-open-faz-de-2024-o-primeiro-ano-desde-2002-sem-um-titulo-de-grand-slam-para-os-tres-grandes","status":"publish","type":"post","link":"https:\/\/tvbrazilusa.com\/pt\/2024\/08\/31\/a-derrota-de-novak-djokovic-no-us-open-faz-de-2024-o-primeiro-ano-desde-2002-sem-um-titulo-de-grand-slam-para-os-tres-grandes\/","title":{"rendered":"A derrota de Novak Djokovic no US Open faz de 2024 o primeiro ano desde 2002 sem um t\u00edtulo de Grand Slam para os Tr\u00eas Grandes"},"content":{"rendered":"<p> <script async src=\"https:\/\/pagead2.googlesyndication.com\/pagead\/js\/adsbygoogle.js?client=ca-pub-8864793242727901\"\r\n     crossorigin=\"anonymous\"><\/script><br \/>\n<\/p>\n<div id=\"\">\n<header class=\"m-article-header m-article-header--standard\">\n\t\t\t\t\t\t\t\t\t\t\t\t<span id=\"article-header-primary-term\"><br \/>\n\t\t\t\t\t\t\t\t<a class=\"a-term a-term--primary\" href=\"https:\/\/www.boston.com\/tag\/sports\/\"><\/p>\n<p>\t\t\t\t\t\t\t\tEsportes\t\t\t\t\t\t\t\t<\/a><br \/>\n\t\t\t\t\t\t\t<\/span><\/p>\n<h2 class=\"m-article-header__sub-headline\">&#8220;Eles levaram isso a um n\u00edvel totalmente diferente e mostraram que tudo \u00e9 poss\u00edvel.&#8221;<\/h2>\n<figure class=\"a-photo m-article-header__photo\"><figcaption class=\"a-photo__caption\">\n<p>\tO s\u00e9rvio Novak Djokovic faz uma devolu\u00e7\u00e3o de backhand contra o australiano Alexei Popyrin.<em> Angela Weiss\/AFP via Getty Images<\/em>\t<\/figcaption><\/figure>\n<div class=\"m-article-header__meta\">\n<div class=\"m-article-header__byline\">\n<p class=\"m-article-header__author\">\n<p>\t\t\t\t\t\t\t\tPor HOWARD FENDRICH, Associated Press\t\t\t\t\t\t\t<\/p>\n<p>\t\t\t\t\t\t    \t\t\t\t\t\t\t<time class=\"m-article-header__date\"><\/p>\n<p>        \t\t\t\t\t\t\t31 de agosto de 2024 | 16h14    \t\t\t\t\t\t\t<\/time><\/p><\/div>\n<\/p><\/div>\n<\/header>\n<p>NOVA YORK (AP) \u2014 Novak Djokovic tentou fazer cara de feliz, mesmo que brevemente, ap\u00f3s sua surpreendente derrota na terceira rodada do US Open. Ele levantou os bra\u00e7os, fez dois polegares para cima e sorriu um pouco antes de seguir em dire\u00e7\u00e3o ao vesti\u00e1rio do Arthur Ashe Stadium.<\/p>\n<p>A derrota por 6-4, 6-4, 2-6, 6-4 para Alexei Popyrin, que terminou pouco antes da meia-noite quando sexta-feira virou s\u00e1bado, encerrou a temporada do Grand Slam para Djokovic, marcando o primeiro ano desde 2017 em que ele n\u00e3o ganhou pelo menos um campeonato importante.<\/p>\n<p>Para um cara com 24 t\u00edtulos como esse, mais do que qualquer outro homem na hist\u00f3ria do t\u00eanis, talvez isso n\u00e3o seja grande coisa.<\/p>\n<p>Por outro lado, para algu\u00e9m que deixa claro que sua ambi\u00e7\u00e3o \u00e9 acumular o m\u00e1ximo poss\u00edvel desses trof\u00e9us \u2014 e para algu\u00e9m que tem 37 anos, n\u00e3o se esque\u00e7a \u2014 talvez seja.<\/p>\n<p>\u201c\u00c9 dif\u00edcil ver a grande perspectiva agora. Voc\u00ea est\u00e1 apenas bravo e chateado por ter perdido e pela maneira como jogou, e \u00e9 isso\u201d, disse Djokovic, que era o atual campe\u00e3o, nunca saiu do US Open antes da terceira rodada e saiu pela \u00faltima vez t\u00e3o cedo em 2006.<\/p>\n<p>\u201cMas amanh\u00e3 \u00e9 um novo dia\u201d, ele continuou, \u201ce obviamente pensarei no que fazer a seguir\u201d.<\/p>\n<p>Olhando para o panorama geral, h\u00e1 esta estat\u00edstica significativa: 2024 ficar\u00e1 registrado como a primeira temporada desde 2002 sem um t\u00edtulo de Grand Slam para qualquer membro do chamado Big Three do t\u00eanis masculino \u2014 Djokovic, Rafael Nadal e Roger Federer.<\/p>\n<p>Federer, que agora est\u00e1 aposentado, ganhou seu primeiro major em Wimbledon em 2003, come\u00e7ando uma not\u00e1vel sequ\u00eancia de magnific\u00eancia para o trio. O total combinado deles \u00e9 de 66 Grand Slams.<\/p>\n<p>Nenhum homem havia conquistado mais do que os 14 de Pete Sampras nos quatro eventos mais importantes do esporte at\u00e9 que Federer terminou com 20. Nadal ent\u00e3o elevou a fasquia para 22. E ent\u00e3o Djokovic o ultrapassou.<\/p>\n<p>\u201cEles levaram isso a um n\u00edvel totalmente diferente\u201d, disse Casper Ruud quando Federer se aposentou em 2022, \u201ce mostraram que tudo \u00e9 poss\u00edvel\u201d.<\/p>\n<p>Mas com Federer, 43, fora do jogo, e Nadal, 38, em terreno incerto devido a uma s\u00e9rie recente de les\u00f5es, incluindo uma cirurgia no quadril h\u00e1 pouco mais de um ano, agora a verdadeira quest\u00e3o \u00e9 como as coisas est\u00e3o para Djokovic.<\/p>\n<p>Ele perdeu nas semifinais do Aberto da Austr\u00e1lia, desistiu antes das quartas de final do Aberto da Fran\u00e7a porque precisou de uma opera\u00e7\u00e3o no joelho direito e foi derrotado por Carlos Alcaraz na final em Wimbledon. O que mais importava neste ano para Djokovic, no entanto, era ganhar sua primeira medalha de ouro ol\u00edmpica para a S\u00e9rvia \u2014 e ele fez exatamente isso, derrotando Alcaraz na final em Paris.<\/p>\n<p>Djokovic disse que pode haver alguma verdade na ideia de que o desgaste f\u00edsico e mental dos Jogos Ol\u00edmpicos de Ver\u00e3o contribuiu para sua exibi\u00e7\u00e3o em Nova York, que ele chamou de &#8220;um dos piores t\u00eanis que j\u00e1 joguei&#8221;, apontando em parte para 32 duplas faltas em tr\u00eas partidas, 14 contra Popyrin.<\/p>\n<p>\u201cEu simplesmente me senti sem g\u00e1s\u201d, disse Djokovic.<\/p>\n<p>A troca incomum de superf\u00edcies nesta temporada, do saibro do Aberto da Fran\u00e7a para a grama de Wimbledon, para o saibro dos Jogos de Ver\u00e3o e para as quadras duras do Aberto dos EUA, n\u00e3o torna as coisas mais f\u00e1ceis. Talvez isso esteja afetando outros jogadores que estavam nas Olimp\u00edadas tamb\u00e9m, notavelmente Alcaraz.<\/p>\n<p>\u00c9 a primeira vez desde 2000 \u2014 e apenas a segunda vez na era Open, que data de 1968 \u2014 que dois dos tr\u00eas principais cabe\u00e7as-de-chave masculinos foram embora durante a Semana 1 em Nova York. Entrando no s\u00e1bado, apenas um campe\u00e3o masculino anterior permaneceu na chave, o vencedor de 2021 Daniil Medvedev.<\/p>\n<p>Uma noite antes da sa\u00edda de Djokovic, a sequ\u00eancia de 15 vit\u00f3rias consecutivas do campe\u00e3o de 2022 Alcaraz em Grand Slams terminou quando ele foi eliminado do US Open em dois sets por Botic van de Zandschulp, 74\u00ba colocado no ranking.<\/p>\n<p>\u201cResultados como esse acontecem\u201d, disse Popyrin. \u201cPensei comigo mesmo: Por que n\u00e3o eu hoje?\u201d<\/p>\n<div class=\"m-block m-generic-cta\t m-generic-cta--post-content\t m-generic-cta--dark\t m-generic-cta--homepage\t m-generic-cta--email-signup\t\t m-generic-cta-block-style--default \tt-amp__generic-cta\"><\/p>\n<div class=\"m-generic-cta__wrap\">\n<div class=\"m-generic-cta__content\">\n<h3 class=\"m-generic-cta__title\">Receba as \u00faltimas not\u00edcias esportivas de Boston<\/h3>\n<p class=\"m-generic-cta__subtitle\">Receba atualiza\u00e7\u00f5es sobre seus times favoritos de Boston, diretamente da nossa reda\u00e7\u00e3o para sua caixa de entrada.<\/p>\n<\/p><\/div>\n<\/p><\/div>\n<\/div><\/div>\n<p><script>\n\t\tvar consent=\"grant\";\n\t\t\/* The above code is parsing the JSON data from the local storage and storing it in a variable. *\/\n\t\t\t\t\tconst onetrustStorageConsent = JSON.parse(localStorage.getItem( 'consent_one_trust_bdc' ) );\n\t\t\tif ( ( onetrustStorageConsent !== null ) ) {\n\t\t\t\t\/* Checking to see if the user has consented to the use of cookies.\n\t\t\t\t* If they have not, it is deleting the cookie.\n\t\t\t\t* This will comment for now, until further notice.\n\t\t\t\t*\/\n\t\t\t\t\/\/if ( onetrustStorageConsent.C0002 === false ) {\n\t\t\t\t\/\/\tdocument.cookie=\"_fbp=;expires=Thu, 01 Jan 2010 00:00:00 UTC; path=\/; domain=.boston.com\";\n\t\t\t\t\/\/}\n\t\t\t\t\/* Checking if the user has given consent for the cookie C0002.\n\t\t\t\t* If the user has given consent, the variable consent will be set to 'grant'.\n\t\t\t\t* If the user has not given consent,the variable consent will be set to 'revoke'.\n\t\t\t\t* Documentation https:\/\/developers.facebook.com\/docs\/meta-pixel\/implementation\/gdpr\n\t\t\t\t*\/\n\t\t\t\tif ( onetrustStorageConsent.C0002 !== true ) {\n\t\t\t\t\tconsent=\"revoke\";\n\t\t\t\t}\n\t\t\t}\n\t\t\t\t!function(f,b,e,v,n,t,s)\n\t\t{if(f.fbq)return;n=f.fbq=function(){n.callMethod?\n\t\tn.callMethod.apply(n,arguments):n.queue.push(arguments)};\n\t\tif(!f._fbq)f._fbq=n;n.push=n;n.loaded=!0;n.version='2.0';\n\t\tn.queue=[];t=b.createElement(e);t.async=!0;\n\t\tt.src=v;s=b.getElementsByTagName(e)[0];\n\t\ts.parentNode.insertBefore(t,s)}(window, document,'script',\n\t\t'https:\/\/connect.facebook.net\/en_US\/fbevents.js');\n\t\tfbq('consent', consent);\n\t\tfbq('init', '989222871864976');\n\t\tfbq('track', 'PageView');\n\t<\/script><script type=\"module\">\n\t\tvar consent=\"grant\";\n\t\t\/* The above code is parsing the JSON data from the local storage and storing it in a variable. *\/\n\t\t\tconst onetrustStorageConsent = JSON.parse(localStorage.getItem( 'consent_one_trust_bdc' ) );\n\t\t\t\/* Checking to see if the user has consented to the use of cookies.\n\t\t\t* If they have not, it is deleting the cookie.\n\t\t\t* This will comment for now, until further notice.\n\t\t\t*\/\n\t\t\t\/\/if ( onetrustStorageConsent.C0002 === false ) {\n\t\t\t\/\/\tdocument.cookie=\"_fbp=;expires=Thu, 01 Jan 2010 00:00:00 UTC; path=\/; domain=.boston.com\";\n\t\t\t\/\/}\n\t\t\t\/* Checking if the user has given consent for the cookie C0002.\n\t\t\t* If the user has given consent, the variable consent will be set to 'grant'.\n\t\t\t* If the user has not given consent,the variable consent will be set to 'revoke'.\n\t\t\t* Documentation https:\/\/developers.facebook.com\/docs\/meta-pixel\/implementation\/gdpr\n\t\t\t*\/\n\t\t\tif ( ( onetrustStorageConsent !== null ) && (onetrustStorageConsent.C0002 !== true ) ) {\n\t\t\t\tconsent=\"revoke\";\n\t\t\t}\n\t\t\t\t!function(f,b,e,v,n,t,s){if(f.fbq)return;n=f.fbq=function()\n\t\t{n.callMethod? n.callMethod.apply(n,arguments):n.queue.push(arguments)}\n\t\t;if(!f._fbq)f._fbq=n;\n\t\tn.push=n;n.loaded=!0;n.version='2.0';n.queue=[];t=b.createElement(e);t.async=!0;\n\t\tt.src=v;s=b.getElementsByTagName(e)[0];s.parentNode.insertBefore(t,s)}(window,\n\t\tdocument,'script','https:\/\/connect.facebook.net\/en_US\/fbevents.js');\n\t\tfbq('consent', consent);\n\t\tfbq('init', '813236348753005');\n\t\tfbq('track', \"PageView\");\n\t<\/script><br \/>\n<br \/><br \/>\n<br \/><a href=\"https:\/\/www.boston.com\/sports\/sports\/2024\/08\/31\/novak-djokovic-us-open-loss-first-year-since-2002-without-slam-title-big-three\/\">Source link <\/a><\/p>","protected":false},"excerpt":{"rendered":"<p>Esportes &#8220;Eles levaram isso a um n\u00edvel totalmente diferente e mostraram que tudo \u00e9 poss\u00edvel.&#8221; O s\u00e9rvio Novak Djokovic faz uma devolu\u00e7\u00e3o de backhand contra o australiano Alexei Popyrin. Angela&hellip;<\/p>","protected":false},"author":1,"featured_media":30417,"comment_status":"closed","ping_status":"open","sticky":false,"template":"","format":"standard","meta":{"content-type":"","footnotes":""},"categories":[1],"tags":[],"class_list":["post-30416","post","type-post","status-publish","format-standard","has-post-thumbnail","hentry","category-uncategorized"],"_links":{"self":[{"href":"https:\/\/tvbrazilusa.com\/pt\/wp-json\/wp\/v2\/posts\/30416","targetHints":{"allow":["GET"]}}],"collection":[{"href":"https:\/\/tvbrazilusa.com\/pt\/wp-json\/wp\/v2\/posts"}],"about":[{"href":"https:\/\/tvbrazilusa.com\/pt\/wp-json\/wp\/v2\/types\/post"}],"author":[{"embeddable":true,"href":"https:\/\/tvbrazilusa.com\/pt\/wp-json\/wp\/v2\/users\/1"}],"replies":[{"embeddable":true,"href":"https:\/\/tvbrazilusa.com\/pt\/wp-json\/wp\/v2\/comments?post=30416"}],"version-history":[{"count":1,"href":"https:\/\/tvbrazilusa.com\/pt\/wp-json\/wp\/v2\/posts\/30416\/revisions"}],"predecessor-version":[{"id":30418,"href":"https:\/\/tvbrazilusa.com\/pt\/wp-json\/wp\/v2\/posts\/30416\/revisions\/30418"}],"wp:featuredmedia":[{"embeddable":true,"href":"https:\/\/tvbrazilusa.com\/pt\/wp-json\/wp\/v2\/media\/30417"}],"wp:attachment":[{"href":"https:\/\/tvbrazilusa.com\/pt\/wp-json\/wp\/v2\/media?parent=30416"}],"wp:term":[{"taxonomy":"category","embeddable":true,"href":"https:\/\/tvbrazilusa.com\/pt\/wp-json\/wp\/v2\/categories?post=30416"},{"taxonomy":"post_tag","embeddable":true,"href":"https:\/\/tvbrazilusa.com\/pt\/wp-json\/wp\/v2\/tags?post=30416"}],"curies":[{"name":"wp","href":"https:\/\/api.w.org\/{rel}","templated":true}]}}