{"id":30443,"date":"2024-08-31T23:19:06","date_gmt":"2024-08-31T23:19:06","guid":{"rendered":"https:\/\/tvbrazilusa.com\/2024\/08\/31\/acidente-na-i-91-sul-fere-gravemente-motorista-e-fecha-saida-35a\/"},"modified":"2024-08-31T23:37:36","modified_gmt":"2024-08-31T23:37:36","slug":"acidente-na-i-91-sul-fere-gravemente-motorista-e-fecha-saida-35a","status":"publish","type":"post","link":"https:\/\/tvbrazilusa.com\/pt\/2024\/08\/31\/acidente-na-i-91-sul-fere-gravemente-motorista-e-fecha-saida-35a\/","title":{"rendered":"Acidente na I-91 Sul fere gravemente motorista e fecha sa\u00edda 35A"},"content":{"rendered":"<script async src=\"https:\/\/pagead2.googlesyndication.com\/pagead\/js\/adsbygoogle.js?client=ca-pub-8864793242727901\"\r\n     crossorigin=\"anonymous\"><\/script>\n<p>WINDSOR, Connecticut (WTNH) \u2013 O condutor de uma motocicleta ficou gravemente ferido em um acidente na I-91 Sul na noite de s\u00e1bado, de acordo com a Pol\u00edcia Estadual. <\/p>\n<p>A Tropa H respondeu ao acidente \u00e0s 17h08, onde o motorista da motocicleta foi encontrado gravemente ferido. <\/p>\n<p>A sa\u00edda 35A da I-91 sul foi fechada. Esta \u00e9 uma investiga\u00e7\u00e3o em andamento. <strong><em>Volte para conferir as novidades no News 8.<\/em><\/strong><\/p>\n<p><br \/>\n<br \/><a href=\"https:\/\/www.wtnh.com\/news\/connecticut\/hartford\/crash-on-i-91-south-seriously-injures-driver-and-closes-exit-35a\/\">Source link <\/a><\/p>","protected":false},"excerpt":{"rendered":"<p>WINDSOR, Connecticut (WTNH) \u2013 O condutor de uma motocicleta ficou gravemente ferido em um acidente na I-91 Sul na noite de s\u00e1bado, de acordo com a Pol\u00edcia Estadual. A Tropa&hellip;<\/p>","protected":false},"author":1,"featured_media":21761,"comment_status":"closed","ping_status":"open","sticky":false,"template":"","format":"standard","meta":{"content-type":"","footnotes":""},"categories":[1],"tags":[],"class_list":["post-30443","post","type-post","status-publish","format-standard","has-post-thumbnail","hentry","category-uncategorized"],"_links":{"self":[{"href":"https:\/\/tvbrazilusa.com\/pt\/wp-json\/wp\/v2\/posts\/30443","targetHints":{"allow":["GET"]}}],"collection":[{"href":"https:\/\/tvbrazilusa.com\/pt\/wp-json\/wp\/v2\/posts"}],"about":[{"href":"https:\/\/tvbrazilusa.com\/pt\/wp-json\/wp\/v2\/types\/post"}],"author":[{"embeddable":true,"href":"https:\/\/tvbrazilusa.com\/pt\/wp-json\/wp\/v2\/users\/1"}],"replies":[{"embeddable":true,"href":"https:\/\/tvbrazilusa.com\/pt\/wp-json\/wp\/v2\/comments?post=30443"}],"version-history":[{"count":1,"href":"https:\/\/tvbrazilusa.com\/pt\/wp-json\/wp\/v2\/posts\/30443\/revisions"}],"predecessor-version":[{"id":30444,"href":"https:\/\/tvbrazilusa.com\/pt\/wp-json\/wp\/v2\/posts\/30443\/revisions\/30444"}],"wp:featuredmedia":[{"embeddable":true,"href":"https:\/\/tvbrazilusa.com\/pt\/wp-json\/wp\/v2\/media\/21761"}],"wp:attachment":[{"href":"https:\/\/tvbrazilusa.com\/pt\/wp-json\/wp\/v2\/media?parent=30443"}],"wp:term":[{"taxonomy":"category","embeddable":true,"href":"https:\/\/tvbrazilusa.com\/pt\/wp-json\/wp\/v2\/categories?post=30443"},{"taxonomy":"post_tag","embeddable":true,"href":"https:\/\/tvbrazilusa.com\/pt\/wp-json\/wp\/v2\/tags?post=30443"}],"curies":[{"name":"wp","href":"https:\/\/api.w.org\/{rel}","templated":true}]}}