{"id":30485,"date":"2024-09-01T02:41:11","date_gmt":"2024-09-01T02:41:11","guid":{"rendered":"https:\/\/tvbrazilusa.com\/2024\/09\/01\/o-wide-receiver-do-49ers-ricky-pearsall-foi-baleado-durante-uma-tentativa-de-assalto-em-sao-francisco-dizem-autoridades\/"},"modified":"2024-09-01T02:51:39","modified_gmt":"2024-09-01T02:51:39","slug":"o-wide-receiver-do-49ers-ricky-pearsall-foi-baleado-durante-uma-tentativa-de-assalto-em-sao-francisco-dizem-autoridades","status":"publish","type":"post","link":"https:\/\/tvbrazilusa.com\/pt\/2024\/09\/01\/o-wide-receiver-do-49ers-ricky-pearsall-foi-baleado-durante-uma-tentativa-de-assalto-em-sao-francisco-dizem-autoridades\/","title":{"rendered":"O wide receiver do 49ers Ricky Pearsall foi baleado durante uma tentativa de assalto em S\u00e3o Francisco, dizem autoridades"},"content":{"rendered":"<p> <script async src=\"https:\/\/pagead2.googlesyndication.com\/pagead\/js\/adsbygoogle.js?client=ca-pub-8864793242727901\"\r\n     crossorigin=\"anonymous\"><\/script><br \/>\n<\/p>\n<div id=\"\">\n<header class=\"m-article-header m-article-header--standard\">\n\t\t\t\t\t\t\t\t\t\t\t\t<span id=\"article-header-primary-term\"><br \/>\n\t\t\t\t\t\t\t\t<a class=\"a-term a-term--primary\" href=\"https:\/\/www.boston.com\/tag\/nfl\/\"><\/p>\n<p>\t\t\t\t\t\t\t\tNFL\t\t\t\t\t\t\t\t<\/a><br \/>\n\t\t\t\t\t\t\t<\/span><\/p>\n<h2 class=\"m-article-header__sub-headline\">O wide receiver do 49ers, Deebo Samuel, postou nas redes sociais que Pearsall est\u00e1 bem.<\/h2>\n<figure class=\"a-photo m-article-header__photo\"><figcaption class=\"a-photo__caption\">\n<p>\tEspera-se que Ricky Pearsall fique bem, de acordo com uma publica\u00e7\u00e3o nas redes sociais do companheiro de equipe Deebo Samuel.<em> (Foto AP\/Jeff Chiu, Arquivo)<\/em>\t<\/figcaption><\/figure>\n<div class=\"m-article-header__meta\">\n<div class=\"m-article-header__byline\">\n<p class=\"m-article-header__author\">\n<p>\t\t\t\t\t\t\t\tPor Associated Press\t\t\t\t\t\t\t<\/p>\n<p>\t\t\t\t\t\t    \t\t\t\t\t\t\t<time class=\"m-article-header__date\"><\/p>\n<p>        \t\t\t\t\t\t\t31 de agosto de 2024    \t\t\t\t\t\t\t<\/time><\/p><\/div>\n<\/p><\/div>\n<\/header>\n<p>S\u00c3O FRANCISCO (AP) \u2014 O wide receiver do 49ers, Ricky Pearsall, foi baleado no s\u00e1bado durante uma tentativa de assalto no centro de S\u00e3o Francisco, disseram autoridades da cidade.<\/p>\n<p>A prefeita London Breed disse em uma publica\u00e7\u00e3o na plataforma social X que Pearsall foi baleado na Union Square. Ela n\u00e3o forneceu imediatamente detalhes sobre sua condi\u00e7\u00e3o.<\/p>\n<p>\u201cMeus pensamentos est\u00e3o com Ricky e sua fam\u00edlia neste momento\u201d, disse Breed.<\/p>\n<p>A pol\u00edcia de S\u00e3o Francisco disse em um comunicado que Pearsall ficou ferido enquanto era roubado, assim como o suspeito. Ambos foram levados ao hospital, disse o comunicado. A pol\u00edcia n\u00e3o retornou liga\u00e7\u00f5es buscando mais informa\u00e7\u00f5es.<\/p>\n<p>Uma mensagem foi deixada para um porta-voz da equipe. \u201cEle est\u00e1 bem\u201d, disse o companheiro de equipe do 49ers, Deebo Samuel <a href=\"https:\/\/x.com\/19problemz\/status\/1830035787255332995\" target=\"_blank\" rel=\"noreferrer noopener\">postado em X.<\/a> &#8220;Gra\u00e7as a Deus!!!!&#8221;<\/p>\n<p>Pearsall, 23, foi convocado na primeira rodada em abril pelos 49ers com a 31\u00aa escolha geral, mas tem sido prejudicado por les\u00f5es desde que se juntou ao time.<\/p>\n<p>Ele perdeu tempo durante o treinamento devido a problemas no tend\u00e3o e no ombro, antes de retornar aos treinos na semana passada com uma camisa azul sem contato enquanto seu ombro se recupera.<\/p>\n<p>Pearsall come\u00e7ou sua carreira universit\u00e1ria na Arizona State e se transferiu para a Fl\u00f3rida para suas duas \u00faltimas temporadas. Ele teve 65 recep\u00e7\u00f5es para 965 jardas e quatro touchdowns na temporada passada para os Gators e terminou sua carreira universit\u00e1ria com 159 recep\u00e7\u00f5es para 2.420 jardas e 14 TDs.<\/p>\n<p>Os Niners esperavam que Pearsall pudesse contribuir como novato como reserva dos titulares Brandon Aiyuk e Samuel.<\/p>\n<div class=\"m-block m-generic-cta\t m-generic-cta--post-content\t m-generic-cta--dark\t m-generic-cta--homepage\t m-generic-cta--email-signup\t\t m-generic-cta-block-style--default \tt-amp__generic-cta\"><\/p>\n<div class=\"m-generic-cta__wrap\">\n<div class=\"m-generic-cta__content\">\n<h3 class=\"m-generic-cta__title\">Receba as \u00faltimas not\u00edcias esportivas de Boston<\/h3>\n<p class=\"m-generic-cta__subtitle\">Receba atualiza\u00e7\u00f5es sobre seus times favoritos de Boston, diretamente da nossa reda\u00e7\u00e3o para sua caixa de entrada.<\/p>\n<\/p><\/div>\n<\/p><\/div>\n<\/div><\/div>\n<p><script>\n\t\tvar consent=\"grant\";\n\t\t\/* The above code is parsing the JSON data from the local storage and storing it in a variable. *\/\n\t\t\t\t\tconst onetrustStorageConsent = JSON.parse(localStorage.getItem( 'consent_one_trust_bdc' ) );\n\t\t\tif ( ( onetrustStorageConsent !== null ) ) {\n\t\t\t\t\/* Checking to see if the user has consented to the use of cookies.\n\t\t\t\t* If they have not, it is deleting the cookie.\n\t\t\t\t* This will comment for now, until further notice.\n\t\t\t\t*\/\n\t\t\t\t\/\/if ( onetrustStorageConsent.C0002 === false ) {\n\t\t\t\t\/\/\tdocument.cookie=\"_fbp=;expires=Thu, 01 Jan 2010 00:00:00 UTC; path=\/; domain=.boston.com\";\n\t\t\t\t\/\/}\n\t\t\t\t\/* Checking if the user has given consent for the cookie C0002.\n\t\t\t\t* If the user has given consent, the variable consent will be set to 'grant'.\n\t\t\t\t* If the user has not given consent,the variable consent will be set to 'revoke'.\n\t\t\t\t* Documentation https:\/\/developers.facebook.com\/docs\/meta-pixel\/implementation\/gdpr\n\t\t\t\t*\/\n\t\t\t\tif ( onetrustStorageConsent.C0002 !== true ) {\n\t\t\t\t\tconsent=\"revoke\";\n\t\t\t\t}\n\t\t\t}\n\t\t\t\t!function(f,b,e,v,n,t,s)\n\t\t{if(f.fbq)return;n=f.fbq=function(){n.callMethod?\n\t\tn.callMethod.apply(n,arguments):n.queue.push(arguments)};\n\t\tif(!f._fbq)f._fbq=n;n.push=n;n.loaded=!0;n.version='2.0';\n\t\tn.queue=[];t=b.createElement(e);t.async=!0;\n\t\tt.src=v;s=b.getElementsByTagName(e)[0];\n\t\ts.parentNode.insertBefore(t,s)}(window, document,'script',\n\t\t'https:\/\/connect.facebook.net\/en_US\/fbevents.js');\n\t\tfbq('consent', consent);\n\t\tfbq('init', '989222871864976');\n\t\tfbq('track', 'PageView');\n\t<\/script><script type=\"module\">\n\t\tvar consent=\"grant\";\n\t\t\/* The above code is parsing the JSON data from the local storage and storing it in a variable. *\/\n\t\t\tconst onetrustStorageConsent = JSON.parse(localStorage.getItem( 'consent_one_trust_bdc' ) );\n\t\t\t\/* Checking to see if the user has consented to the use of cookies.\n\t\t\t* If they have not, it is deleting the cookie.\n\t\t\t* This will comment for now, until further notice.\n\t\t\t*\/\n\t\t\t\/\/if ( onetrustStorageConsent.C0002 === false ) {\n\t\t\t\/\/\tdocument.cookie=\"_fbp=;expires=Thu, 01 Jan 2010 00:00:00 UTC; path=\/; domain=.boston.com\";\n\t\t\t\/\/}\n\t\t\t\/* Checking if the user has given consent for the cookie C0002.\n\t\t\t* If the user has given consent, the variable consent will be set to 'grant'.\n\t\t\t* If the user has not given consent,the variable consent will be set to 'revoke'.\n\t\t\t* Documentation https:\/\/developers.facebook.com\/docs\/meta-pixel\/implementation\/gdpr\n\t\t\t*\/\n\t\t\tif ( ( onetrustStorageConsent !== null ) && (onetrustStorageConsent.C0002 !== true ) ) {\n\t\t\t\tconsent=\"revoke\";\n\t\t\t}\n\t\t\t\t!function(f,b,e,v,n,t,s){if(f.fbq)return;n=f.fbq=function()\n\t\t{n.callMethod? n.callMethod.apply(n,arguments):n.queue.push(arguments)}\n\t\t;if(!f._fbq)f._fbq=n;\n\t\tn.push=n;n.loaded=!0;n.version='2.0';n.queue=[];t=b.createElement(e);t.async=!0;\n\t\tt.src=v;s=b.getElementsByTagName(e)[0];s.parentNode.insertBefore(t,s)}(window,\n\t\tdocument,'script','https:\/\/connect.facebook.net\/en_US\/fbevents.js');\n\t\tfbq('consent', consent);\n\t\tfbq('init', '813236348753005');\n\t\tfbq('track', \"PageView\");\n\t<\/script><br \/>\n<br \/><br \/>\n<br \/><a href=\"https:\/\/www.boston.com\/sports\/nfl\/2024\/08\/31\/nfl-49ers-ricky-pearsall-shot-attempted-robbery-mayor-comments\/\">Source link <\/a><\/p>","protected":false},"excerpt":{"rendered":"<p>NFL O wide receiver do 49ers, Deebo Samuel, postou nas redes sociais que Pearsall est\u00e1 bem. Espera-se que Ricky Pearsall fique bem, de acordo com uma publica\u00e7\u00e3o nas redes sociais&hellip;<\/p>","protected":false},"author":1,"featured_media":30486,"comment_status":"closed","ping_status":"open","sticky":false,"template":"","format":"standard","meta":{"content-type":"","footnotes":""},"categories":[1],"tags":[],"class_list":["post-30485","post","type-post","status-publish","format-standard","has-post-thumbnail","hentry","category-uncategorized"],"_links":{"self":[{"href":"https:\/\/tvbrazilusa.com\/pt\/wp-json\/wp\/v2\/posts\/30485","targetHints":{"allow":["GET"]}}],"collection":[{"href":"https:\/\/tvbrazilusa.com\/pt\/wp-json\/wp\/v2\/posts"}],"about":[{"href":"https:\/\/tvbrazilusa.com\/pt\/wp-json\/wp\/v2\/types\/post"}],"author":[{"embeddable":true,"href":"https:\/\/tvbrazilusa.com\/pt\/wp-json\/wp\/v2\/users\/1"}],"replies":[{"embeddable":true,"href":"https:\/\/tvbrazilusa.com\/pt\/wp-json\/wp\/v2\/comments?post=30485"}],"version-history":[{"count":1,"href":"https:\/\/tvbrazilusa.com\/pt\/wp-json\/wp\/v2\/posts\/30485\/revisions"}],"predecessor-version":[{"id":30487,"href":"https:\/\/tvbrazilusa.com\/pt\/wp-json\/wp\/v2\/posts\/30485\/revisions\/30487"}],"wp:featuredmedia":[{"embeddable":true,"href":"https:\/\/tvbrazilusa.com\/pt\/wp-json\/wp\/v2\/media\/30486"}],"wp:attachment":[{"href":"https:\/\/tvbrazilusa.com\/pt\/wp-json\/wp\/v2\/media?parent=30485"}],"wp:term":[{"taxonomy":"category","embeddable":true,"href":"https:\/\/tvbrazilusa.com\/pt\/wp-json\/wp\/v2\/categories?post=30485"},{"taxonomy":"post_tag","embeddable":true,"href":"https:\/\/tvbrazilusa.com\/pt\/wp-json\/wp\/v2\/tags?post=30485"}],"curies":[{"name":"wp","href":"https:\/\/api.w.org\/{rel}","templated":true}]}}