{"id":30550,"date":"2024-08-29T20:26:30","date_gmt":"2024-08-29T20:26:30","guid":{"rendered":"https:\/\/tvbrazilusa.com\/2024\/08\/29\/dia-do-trabalho-2024-5-coisas-que-voce-precisa-saber-sobre-o-feriado-em-homenagem-aos-trabalhadores-dos-eua\/"},"modified":"2024-09-01T09:26:02","modified_gmt":"2024-09-01T09:26:02","slug":"dia-do-trabalho-2024-5-coisas-que-voce-precisa-saber-sobre-o-feriado-em-homenagem-aos-trabalhadores-dos-eua","status":"publish","type":"post","link":"https:\/\/tvbrazilusa.com\/pt\/2024\/08\/29\/dia-do-trabalho-2024-5-coisas-que-voce-precisa-saber-sobre-o-feriado-em-homenagem-aos-trabalhadores-dos-eua\/","title":{"rendered":"Dia do Trabalho 2024: 5 coisas que voc\u00ea precisa saber sobre o feriado em homenagem aos trabalhadores dos EUA"},"content":{"rendered":"<p> <script async src=\"https:\/\/pagead2.googlesyndication.com\/pagead\/js\/adsbygoogle.js?client=ca-pub-8864793242727901\"\r\n     crossorigin=\"anonymous\"><\/script><br \/>\n<\/p>\n<div id=\"\">\n<div class=\"styles_HTMLContent__LDG2k\">\n<p>EM TODA A AM\u00c9RICA \u2014 Milh\u00f5es de trabalhadores americanos ter\u00e3o folga na segunda-feira, 2 de setembro, no Dia do Trabalho, um feriado federal criado h\u00e1 130 anos para homenage\u00e1-los.<\/p>\n<\/div>\n<div class=\"styles_HTMLContent__LDG2k\">\n<p>Comemorado com desfiles, com\u00edcios, piqueniques e reuni\u00f5es familiares, o Dia do Trabalho tamb\u00e9m \u00e9 considerado o \u00faltimo grito do ver\u00e3o.<\/p>\n<p>O feriado surgiu do movimento trabalhista organizado do final do s\u00e9culo XIX, no auge da Revolu\u00e7\u00e3o Industrial, quando o americano m\u00e9dio trabalhava 12 horas por dia, sete dias por semana.<\/p>\n<\/div>\n<div class=\"ContentBlocks_CardDetail__SubscribeBlock__4zBcQ ContentBlocks_CardDetail__SubscribeBlock--mobile__18tT_\">\n<section class=\"styles_SubscribeForm__0dj5n\">\n<h2 class=\"styles_SubscribeForm__title__F_olP\">Descubra o que est\u00e1 acontecendo em Across America<span class=\"styles_SubscribeForm__title--nextLine__FTO3K\">com atualiza\u00e7\u00f5es gratuitas e em tempo real do Patch.<\/span><\/h2>\n<\/section>\n<\/div>\n<div class=\"styles_HTMLContent__LDG2k\">\n<h3>Quando foi o primeiro Dia do Trabalho?<\/h3>\n<p>A primeira observ\u00e2ncia n\u00e3o oficial do Dia do Trabalho foi em setembro de 1882, quando um desfile na cidade de Nova York atraiu cerca de 20.000 espectadores em apoio aos sindicatos. Muitos trabalhadores abriram m\u00e3o de um dia de pagamento para comparecer. O desfile inspirou mais sindicatos e, em 1887, Oregon, Massachusetts, Nova York, Nova Jersey e Colorado estabeleceram o Dia do Trabalho como feriado estadual.<\/p>\n<p>Em 1894, ap\u00f3s violentas disputas trabalhistas em Chicago, o presidente Grover Cleveland assinou uma lei estabelecendo o Dia do Trabalho como feriado nacional a ser observado na primeira segunda-feira de setembro.<\/p>\n<\/div>\n<div class=\"ContentBlocks_CardDetail__SubscribeBlock__4zBcQ ContentBlocks_CardDetail__SubscribeBlock--desktop__oN6vv\">\n<section class=\"styles_SubscribeForm__0dj5n\">\n<h2 class=\"styles_SubscribeForm__title__F_olP\">Descubra o que est\u00e1 acontecendo em Across America<span class=\"styles_SubscribeForm__title--nextLine__FTO3K\">com atualiza\u00e7\u00f5es gratuitas e em tempo real do Patch.<\/span><\/h2>\n<\/section>\n<\/div>\n<div class=\"styles_HTMLContent__LDG2k\">\n<h3>O que aconteceu em Chicago?<\/h3>\n<p>O &#8220;<a href=\"https:\/\/time.com\/vault\/issue\/1938-05-09\/page\/77\/\" rel=\"nofollow noopener\" target=\"_blank\">Caso Haymarket<\/a>\u201d em 4 de maio de 1886, \u00e9 considerado um momento decisivo no movimento trabalhista dos EUA. Sete policiais, quatro manifestantes e muitos outros foram mortos em um confronto com a pol\u00edcia que irrompeu depois que uma bomba foi jogada em uma multid\u00e3o de manifestantes desarmados reunidos na Haymarket Square em Chicago para pedir a\u00e7\u00e3o ap\u00f3s as mortes de seis trabalhadores na f\u00e1brica McCormick Reaper Works.<\/p>\n<p>Conforme a Time recordou o incidente, o \u00faltimo orador do dia tinha acabado de terminar quando cerca de 180 pol\u00edcias ordenaram que a multid\u00e3o se dispersasse.<\/p>\n<\/div>\n<div class=\"styles_HTMLContent__LDG2k\">\n<p>\u201cQuando um capit\u00e3o ordenou que a reuni\u00e3o se dispersasse, e o orador gritou que era uma reuni\u00e3o pac\u00edfica, uma bomba explodiu nas fileiras da pol\u00edcia. Ela feriu 67 policiais, dos quais sete morreram\u201d, dizia o relato. \u201cA pol\u00edcia abriu fogo, matando v\u00e1rios homens e ferindo 200, e a Trag\u00e9dia de Haymarket se tornou parte da hist\u00f3ria dos EUA.\u201d<\/p>\n<p>Oito homens foram presos e condenados por acusa\u00e7\u00f5es de assassinato em um julgamento sensacional e controverso no qual nenhuma evid\u00eancia ligando diretamente os manifestantes ao homem-bomba foi oferecida. Todos foram condenados; quatro foram enforcados, um cometeu suic\u00eddio e outros tr\u00eas foram perdoados seis anos depois.<\/p>\n<\/div>\n<div class=\"styles_HTMLContent__LDG2k\">\n<p>A greve da Pullman, que interrompeu o tr\u00e1fego ferrovi\u00e1rio no Centro-Oeste dos EUA e em outros lugares, foi outro momento decisivo na luta pelos direitos dos trabalhadores.<\/p>\n<p>Trabalhadores da Pullman Palace Car Co. em Chicago entraram em greve em maio de 1894 para protestar contra demiss\u00f5es, cortes de sal\u00e1rios e demiss\u00f5es, eventualmente ganhando o apoio de cerca de 250.000 trabalhadores ferrovi\u00e1rios em 27 estados em uma disputa trabalhista que durou tr\u00eas meses e interrompeu o tr\u00e1fego ferrovi\u00e1rio em todo o pa\u00eds.<\/p>\n<p>O <a href=\"https:\/\/www.history.com\/news\/labor-day-pullman-railway-strike-origins\" rel=\"nofollow noopener\" target=\"_blank\">Greve Pullman<\/a> foi considerada uma viola\u00e7\u00e3o da Lei Antitruste Sherman, dando ao presidente Cleveland a autoridade para enviar tropas federais a Chicago para reprimir a greve, resultando em um confronto violento que deixou cerca de 30 mortos.<\/p>\n<p>Em julho de 1894, quando a greve de Pullman estava chegando ao fim sangrento em Chicago, Cleveland assinou a legisla\u00e7\u00e3o tornando o Dia do Trabalho um feriado legal federal.<\/p>\n<h3>Como os sindicatos evolu\u00edram?<\/h3>\n<p>Quando o Dia do Trabalho se tornou um feriado federal em 1894, os sindicatos foram amplamente contestados e os tribunais frequentemente consideravam as greves ilegais, levando a disputas violentas, disse Todd Vachon, professor assistente na Rutgers School of Management and Labor Relations, \u00e0 The Associated Press. Foi somente com o National Labor Relations Act de 1935 que os funcion\u00e1rios do setor privado receberam o direito de se filiar a sindicatos.<\/p>\n<\/div>\n<div class=\"styles_HTMLContent__LDG2k\">\n<p>Mais tarde, no s\u00e9culo XX, os estados tamb\u00e9m come\u00e7aram a aprovar leis para permitir a sindicaliza\u00e7\u00e3o no setor p\u00fablico. Mas, mesmo hoje, nem todos os estados permitem a negocia\u00e7\u00e3o coletiva para trabalhadores p\u00fablicos.<\/p>\n<p>Nos \u00faltimos anos, disse Vachon, houve um ressurgimento na organiza\u00e7\u00e3o trabalhista, no ativismo, no interesse e no apoio.<\/p>\n<p>\u201cMuitas pessoas da gera\u00e7\u00e3o Y e da gera\u00e7\u00e3o Z est\u00e3o entrando no mercado de trabalho em um per\u00edodo que n\u00e3o \u00e9 muito diferente daquele per\u00edodo da d\u00e9cada de 1880, quando havia muita agita\u00e7\u00e3o trabalhista\u201d, disse Vachon. \u201cOs empregos simplesmente n\u00e3o pagam o suficiente para que as pessoas alcancem o sonho americano.\u201d<\/p>\n<h3>Quantos americanos est\u00e3o sindicalizados?<\/h3>\n<p>Da Guerra Civil at\u00e9 a Primeira Guerra Mundial, os sindicatos trabalhistas ficaram mais fortes, representando mais ind\u00fastrias e tendo influ\u00eancia aumentada. No entanto, seu poder declinou na d\u00e9cada de 1920, apenas para se recuperar durante a Grande Depress\u00e3o, quando os sindicatos viram um crescimento exponencial para incluir mais ind\u00fastrias e oferecer mais prote\u00e7\u00f5es.<\/p>\n<p>A filia\u00e7\u00e3o sindical atingiu o pico em 1979, com 21 milh\u00f5es, mas come\u00e7ou a diminuir \u00e0 medida que os trabalhadores passaram a depender de leis para proteg\u00ea-los, incluindo aquelas que proibiam o trabalho infantil e exigiam pagamento igual para trabalho igual, independentemente de ra\u00e7a ou g\u00eanero.<\/p>\n<\/div>\n<div class=\"styles_HTMLContent__LDG2k\">\n<p>Cerca de 14,4 milh\u00f5es de pessoas, cerca de 10 por cento dos trabalhadores dos EUA, eram membros de <a href=\"https:\/\/www.bls.gov\/news.release\/pdf\/union2.pdf\" rel=\"nofollow noopener\" target=\"_blank\">sindicatos em 2023<\/a>quase o mesmo n\u00famero do ano anterior, de acordo com o Departamento do Trabalho. Cerca de 7 milh\u00f5es desses trabalhadores pertencem a sindicatos do setor p\u00fablico, em compara\u00e7\u00e3o com 77,4 milh\u00f5es de trabalhadores em sindicatos do setor privado. Al\u00e9m disso, o relat\u00f3rio do in\u00edcio deste ano disse que os trabalhadores do setor p\u00fablico tinham cerca de cinco vezes mais probabilidade do que seus colegas do setor privado de se filiar a sindicatos.<\/p>\n<p>No ano passado, os membros assalariados e assalariados do sindicato tiveram ganhos semanais m\u00e9dios de US$ 1.263, em compara\u00e7\u00e3o com US$ 1.090 entre os trabalhadores n\u00e3o sindicalizados, de acordo com o relat\u00f3rio do Bureau of Labor Statistics.<\/p>\n<h3>Os sindicatos ainda t\u00eam for\u00e7a pol\u00edtica?<\/h3>\n<p>\u00c0 medida que a filia\u00e7\u00e3o sindical aumentava, tamb\u00e9m aumentava sua influ\u00eancia na pol\u00edtica \u2014 um passo necess\u00e1rio para alcan\u00e7ar prote\u00e7\u00f5es trabalhistas permanentes e antidiscrimina\u00e7\u00e3o, mas, paradoxalmente, um passo que contribuiu para seu decl\u00ednio, de acordo com alguns estudiosos do direito.<\/p>\n<p>Tr\u00eas disputas trabalhistas de alto n\u00edvel no ano passado \u2014 a United Autoworkers, a greve dos roteiristas de Hollywood e a greve dos atores \u2014 criaram um aumento modesto nas taxas de aprova\u00e7\u00e3o dos sindicatos em 2023, com a maioria dos &#8220;americanos apoiando os trabalhadores em uma <a href=\"https:\/\/www.gallup.com\/workplace\/608672\/unions-experiencing-renaissance-not-quite.aspx\" rel=\"nofollow noopener\" target=\"_blank\">Pesquisa Gallup <\/a>lan\u00e7ado no in\u00edcio deste ano. Outras descobertas:<\/p>\n<ul>\n<li>61% disseram que os sindicatos ajudam em vez de prejudicar a economia dos EUA (um recorde); <\/li>\n<li>43% disseram que querem que os sindicatos tenham mais influ\u00eancia no pa\u00eds (outro recorde); <\/li>\n<li>34% achavam que os sindicatos se tornariam mais fortes do que s\u00e3o hoje (um aumento recente ap\u00f3s duas d\u00e9cadas oscilando em torno de 20%). <\/li>\n<\/ul>\n<p>Ainda assim, a filia\u00e7\u00e3o sindical continua em decl\u00ednio h\u00e1 d\u00e9cadas e n\u00e3o \u00e9 afetada pelos aumentos na opini\u00e3o p\u00fablica sobre o valor dos sindicatos.<\/p>\n<\/div>\n<div class=\"styles_HTMLContent__LDG2k\">\n<p>O poder pol\u00edtico dos sindicatos \u00e9 geograficamente centralizado. Dos 15 principais estados com mais membros sindicais, tr\u00eas \u2014 Michigan, Nevada e Pensilv\u00e2nia \u2014 devem ser estados de batalha na elei\u00e7\u00e3o presidencial de 5 de novembro.<\/p>\n<p>Os sindicatos apoiam principalmente os democratas, embora o chefe dos Teamsters, Sean O&#8217;Brien, tenha feito uma apari\u00e7\u00e3o sem precedentes na Conven\u00e7\u00e3o Nacional Republicana no in\u00edcio deste ver\u00e3o, deixando claro que o sindicato n\u00e3o \u00e9 vinculado ao Partido Democrata e est\u00e1 interessado apenas em uma coisa: &#8220;O que voc\u00eas est\u00e3o fazendo para ajudar os trabalhadores americanos?&#8221;<\/p>\n<p>A for\u00e7a pol\u00edtica dos sindicatos \u00e9 mais frequentemente exercida em seu poder de organiza\u00e7\u00e3o e capacidade de arrecadar fundos, especialmente em estados-chave como Pensilv\u00e2nia, Michigan e Nevada, onde a filia\u00e7\u00e3o sindical \u00e9 alta.<\/p>\n<p><em>A Associated Press contribuiu para esta reportagem.<\/em><\/p>\n<\/div>\n<hr\/>\n<p>Receba mais not\u00edcias locais diretamente na sua caixa de entrada.<!-- --> <a target=\"_blank\" href=\"http:\/\/patch.com\/subscribe\" class=\"\" rel=\"noopener\">Cadastre-se para receber gratuitamente boletins informativos e alertas sobre o Patch.<\/a><\/div>\n<p><br \/>\n<br \/><a href=\"http:\/\/patch.com\/us\/across-america\/labor-day-2024-5-things-know-holiday-honoring-u-s-workers?utm_source=article-mostrecent&#038;utm_medium=rss&#038;utm_term=seasonal%20%26%20holidays&#038;utm_campaign=recirc&#038;utm_content=aol\">Source link <\/a><\/p>","protected":false},"excerpt":{"rendered":"<p>EM TODA A AM\u00c9RICA \u2014 Milh\u00f5es de trabalhadores americanos ter\u00e3o folga na segunda-feira, 2 de setembro, no Dia do Trabalho, um feriado federal criado h\u00e1 130 anos para homenage\u00e1-los. Comemorado&hellip;<\/p>","protected":false},"author":1,"featured_media":30551,"comment_status":"closed","ping_status":"open","sticky":false,"template":"","format":"standard","meta":{"content-type":"","footnotes":""},"categories":[1],"tags":[],"class_list":["post-30550","post","type-post","status-publish","format-standard","has-post-thumbnail","hentry","category-uncategorized"],"_links":{"self":[{"href":"https:\/\/tvbrazilusa.com\/pt\/wp-json\/wp\/v2\/posts\/30550","targetHints":{"allow":["GET"]}}],"collection":[{"href":"https:\/\/tvbrazilusa.com\/pt\/wp-json\/wp\/v2\/posts"}],"about":[{"href":"https:\/\/tvbrazilusa.com\/pt\/wp-json\/wp\/v2\/types\/post"}],"author":[{"embeddable":true,"href":"https:\/\/tvbrazilusa.com\/pt\/wp-json\/wp\/v2\/users\/1"}],"replies":[{"embeddable":true,"href":"https:\/\/tvbrazilusa.com\/pt\/wp-json\/wp\/v2\/comments?post=30550"}],"version-history":[{"count":1,"href":"https:\/\/tvbrazilusa.com\/pt\/wp-json\/wp\/v2\/posts\/30550\/revisions"}],"predecessor-version":[{"id":30552,"href":"https:\/\/tvbrazilusa.com\/pt\/wp-json\/wp\/v2\/posts\/30550\/revisions\/30552"}],"wp:featuredmedia":[{"embeddable":true,"href":"https:\/\/tvbrazilusa.com\/pt\/wp-json\/wp\/v2\/media\/30551"}],"wp:attachment":[{"href":"https:\/\/tvbrazilusa.com\/pt\/wp-json\/wp\/v2\/media?parent=30550"}],"wp:term":[{"taxonomy":"category","embeddable":true,"href":"https:\/\/tvbrazilusa.com\/pt\/wp-json\/wp\/v2\/categories?post=30550"},{"taxonomy":"post_tag","embeddable":true,"href":"https:\/\/tvbrazilusa.com\/pt\/wp-json\/wp\/v2\/tags?post=30550"}],"curies":[{"name":"wp","href":"https:\/\/api.w.org\/{rel}","templated":true}]}}