{"id":30608,"date":"2024-09-01T19:20:14","date_gmt":"2024-09-01T19:20:14","guid":{"rendered":"https:\/\/tvbrazilusa.com\/2024\/09\/01\/assaltante-em-serie-e-preso-em-bridgeport\/"},"modified":"2024-09-01T19:22:59","modified_gmt":"2024-09-01T19:22:59","slug":"assaltante-em-serie-e-preso-em-bridgeport","status":"publish","type":"post","link":"https:\/\/tvbrazilusa.com\/pt\/2024\/09\/01\/assaltante-em-serie-e-preso-em-bridgeport\/","title":{"rendered":"Assaltante em s\u00e9rie \u00e9 preso em Bridgeport"},"content":{"rendered":"<script async src=\"https:\/\/pagead2.googlesyndication.com\/pagead\/js\/adsbygoogle.js?client=ca-pub-8864793242727901\"\r\n     crossorigin=\"anonymous\"><\/script>\n<p>BRIDGEPORT, Connecticut (WTNH) \u2013 Um homem ligado a uma s\u00e9rie de roubos no condado de Fairfield foi preso na sexta-feira em Bridgeport. <\/p>\n<p>A pol\u00edcia de Bridgeport foi chamada para um assalto em andamento, onde prenderam Ismael Padilla. Padilla tinha v\u00e1rios mandados em Bridgeport e Fairfield e acredita-se que ele esteja envolvido em uma s\u00e9rie de assaltos que afetam a comunidade de Bridgeport. <\/p>\n<p>Padilla foi acusado de m\u00faltiplas acusa\u00e7\u00f5es de Roubo, Furto e Dano Criminal, com mais acusa\u00e7\u00f5es esperadas. Sua fian\u00e7a foi fixada em $160.000. <\/p>\n<p><br \/>\n<br \/><a href=\"https:\/\/www.wtnh.com\/news\/connecticut\/fairfield\/serial-burglar-arrested-in-bridgeport\/\">Source link <\/a><\/p>","protected":false},"excerpt":{"rendered":"<p>BRIDGEPORT, Connecticut (WTNH) \u2013 Um homem ligado a uma s\u00e9rie de roubos no condado de Fairfield foi preso na sexta-feira em Bridgeport. A pol\u00edcia de Bridgeport foi chamada para um&hellip;<\/p>","protected":false},"author":1,"featured_media":30609,"comment_status":"closed","ping_status":"open","sticky":false,"template":"","format":"standard","meta":{"content-type":"","footnotes":""},"categories":[1],"tags":[],"class_list":["post-30608","post","type-post","status-publish","format-standard","has-post-thumbnail","hentry","category-uncategorized"],"_links":{"self":[{"href":"https:\/\/tvbrazilusa.com\/pt\/wp-json\/wp\/v2\/posts\/30608","targetHints":{"allow":["GET"]}}],"collection":[{"href":"https:\/\/tvbrazilusa.com\/pt\/wp-json\/wp\/v2\/posts"}],"about":[{"href":"https:\/\/tvbrazilusa.com\/pt\/wp-json\/wp\/v2\/types\/post"}],"author":[{"embeddable":true,"href":"https:\/\/tvbrazilusa.com\/pt\/wp-json\/wp\/v2\/users\/1"}],"replies":[{"embeddable":true,"href":"https:\/\/tvbrazilusa.com\/pt\/wp-json\/wp\/v2\/comments?post=30608"}],"version-history":[{"count":1,"href":"https:\/\/tvbrazilusa.com\/pt\/wp-json\/wp\/v2\/posts\/30608\/revisions"}],"predecessor-version":[{"id":30610,"href":"https:\/\/tvbrazilusa.com\/pt\/wp-json\/wp\/v2\/posts\/30608\/revisions\/30610"}],"wp:featuredmedia":[{"embeddable":true,"href":"https:\/\/tvbrazilusa.com\/pt\/wp-json\/wp\/v2\/media\/30609"}],"wp:attachment":[{"href":"https:\/\/tvbrazilusa.com\/pt\/wp-json\/wp\/v2\/media?parent=30608"}],"wp:term":[{"taxonomy":"category","embeddable":true,"href":"https:\/\/tvbrazilusa.com\/pt\/wp-json\/wp\/v2\/categories?post=30608"},{"taxonomy":"post_tag","embeddable":true,"href":"https:\/\/tvbrazilusa.com\/pt\/wp-json\/wp\/v2\/tags?post=30608"}],"curies":[{"name":"wp","href":"https:\/\/api.w.org\/{rel}","templated":true}]}}