{"id":30657,"date":"2024-09-01T18:19:52","date_gmt":"2024-09-01T18:19:52","guid":{"rendered":"https:\/\/tvbrazilusa.com\/2024\/09\/01\/incendio-fere-membro-da-tripulacao-e-desloca-familia-em-bridgeport\/"},"modified":"2024-09-01T23:15:43","modified_gmt":"2024-09-01T23:15:43","slug":"incendio-fere-membro-da-tripulacao-e-desloca-familia-em-bridgeport","status":"publish","type":"post","link":"https:\/\/tvbrazilusa.com\/pt\/2024\/09\/01\/incendio-fere-membro-da-tripulacao-e-desloca-familia-em-bridgeport\/","title":{"rendered":"Inc\u00eandio fere membro da tripula\u00e7\u00e3o e desloca fam\u00edlia em Bridgeport"},"content":{"rendered":"<p> <script async src=\"https:\/\/pagead2.googlesyndication.com\/pagead\/js\/adsbygoogle.js?client=ca-pub-8864793242727901\"\r\n     crossorigin=\"anonymous\"><\/script><br \/>\n<\/p>\n<p>BRIDGEPORT, Connecticut (WTNH) \u2014 Um bombeiro est\u00e1 se recuperando e uma fam\u00edlia est\u00e1 desabrigada ap\u00f3s um inc\u00eandio estrutural ter come\u00e7ado na noite de s\u00e1bado em Bridgeport.<\/p>\n<p>O Corpo de Bombeiros de Bridgeport foi chamado para 48 Alpine St. ontem \u00e0 noite \u00e0s 8:20 para um inc\u00eandio estrutural pesado. No local, as equipes testemunharam o fogo vindo dos tr\u00eas andares da estrutura e rapidamente come\u00e7aram uma ampla reforma, extinguindo todas as chamas vis\u00edveis. <\/p>\n<div class=\"wp-block-jetpack-slideshow\" data-effect=\"slide\">\n<div class=\"wp-block-jetpack-slideshow_container swiper-container\">\n<ul class=\"wp-block-jetpack-slideshow_swiper-wrapper swiper-wrapper\">\n<li class=\"wp-block-jetpack-slideshow_slide swiper-slide\">\n<figure><figcaption class=\"wp-block-jetpack-slideshow_caption gallery-caption\">Foto fornecida pelo Corpo de Bombeiros de Bridgeport.<\/figcaption><\/figure>\n<\/li>\n<li class=\"wp-block-jetpack-slideshow_slide swiper-slide\">\n<figure><img loading=\"lazy\" decoding=\"async\" width=\"720\" height=\"960\" alt=\"\" class=\"wp-block-jetpack-slideshow_image wp-image-1948047\" data-id=\"1948047\" src=\"https:\/\/www.wtnh.com\/wp-content\/uploads\/sites\/100\/2024\/09\/Alpine-Fire-2.jpg?w=540\" \/><figcaption class=\"wp-block-jetpack-slideshow_caption gallery-caption\">Foto fornecida pelo Corpo de Bombeiros de Bridgeport.<\/figcaption><\/figure>\n<\/li>\n<li class=\"wp-block-jetpack-slideshow_slide swiper-slide\">\n<figure><img loading=\"lazy\" decoding=\"async\" width=\"1536\" height=\"2048\" alt=\"\" class=\"wp-block-jetpack-slideshow_image wp-image-1948045\" data-id=\"1948045\" src=\"https:\/\/www.wtnh.com\/wp-content\/uploads\/sites\/100\/2024\/09\/Alpine-Fire-4.jpg?w=540\" \/><figcaption class=\"wp-block-jetpack-slideshow_caption gallery-caption\">Foto fornecida pelo Corpo de Bombeiros de Bridgeport.<\/figcaption><\/figure>\n<\/li>\n<li class=\"wp-block-jetpack-slideshow_slide swiper-slide\">\n<figure><img loading=\"lazy\" decoding=\"async\" width=\"720\" height=\"960\" alt=\"\" class=\"wp-block-jetpack-slideshow_image wp-image-1948044\" data-id=\"1948044\" src=\"https:\/\/www.wtnh.com\/wp-content\/uploads\/sites\/100\/2024\/09\/Alpine-Fire-5.jpg?w=540\" \/><figcaption class=\"wp-block-jetpack-slideshow_caption gallery-caption\">Foto fornecida pelo Corpo de Bombeiros de Bridgeport.<\/figcaption><\/figure>\n<\/li>\n<li class=\"wp-block-jetpack-slideshow_slide swiper-slide\">\n<figure><img loading=\"lazy\" decoding=\"async\" width=\"720\" height=\"960\" alt=\"\" class=\"wp-block-jetpack-slideshow_image wp-image-1948046\" data-id=\"1948046\" src=\"https:\/\/www.wtnh.com\/wp-content\/uploads\/sites\/100\/2024\/09\/Alpine-Fire-3.jpg?w=540\" \/><figcaption class=\"wp-block-jetpack-slideshow_caption gallery-caption\">Foto fornecida pelo Corpo de Bombeiros de Bridgeport.<\/figcaption><\/figure>\n<\/li>\n<\/ul>\n<p><a class=\"wp-block-jetpack-slideshow_button-prev swiper-button-prev swiper-button-white\" role=\"button\"><\/a><a class=\"wp-block-jetpack-slideshow_button-next swiper-button-next swiper-button-white\" role=\"button\"><\/a><a aria-label=\"Pause Slideshow\" class=\"wp-block-jetpack-slideshow_button-pause\" role=\"button\"><\/a><\/p>\n<div class=\"wp-block-jetpack-slideshow_pagination swiper-pagination swiper-pagination-white\"><\/div>\n<\/div>\n<\/div>\n<p>Mais de tr\u00eas horas depois, \u00e0s 23h35, o inc\u00eandio foi controlado. <\/p>\n<p>Um bombeiro de Bridgeport sofreu ferimentos sem risco de vida e foi levado ao hospital para avalia\u00e7\u00e3o.<\/p>\n<p>A Cruz Vermelha Americana tamb\u00e9m foi chamada para ajudar dois adultos e tr\u00eas crian\u00e7as que agora est\u00e3o desabrigados.<\/p>\n<p>O Corpo de Bombeiros de Bridgeport est\u00e1 investigando o inc\u00eandio.<\/p>\n<p><br \/>\n<br \/><a href=\"https:\/\/www.wtnh.com\/news\/connecticut\/fairfield\/fire-injuries-crew-member-and-displaces-family-in-bridgeport\/\">Source link <\/a><\/p>","protected":false},"excerpt":{"rendered":"<p>BRIDGEPORT, Connecticut (WTNH) \u2014 Um bombeiro est\u00e1 se recuperando e uma fam\u00edlia est\u00e1 desabrigada ap\u00f3s um inc\u00eandio estrutural ter come\u00e7ado na noite de s\u00e1bado em Bridgeport. O Corpo de Bombeiros&hellip;<\/p>","protected":false},"author":1,"featured_media":30658,"comment_status":"closed","ping_status":"open","sticky":false,"template":"","format":"standard","meta":{"content-type":"","footnotes":""},"categories":[1],"tags":[],"class_list":["post-30657","post","type-post","status-publish","format-standard","has-post-thumbnail","hentry","category-uncategorized"],"_links":{"self":[{"href":"https:\/\/tvbrazilusa.com\/pt\/wp-json\/wp\/v2\/posts\/30657","targetHints":{"allow":["GET"]}}],"collection":[{"href":"https:\/\/tvbrazilusa.com\/pt\/wp-json\/wp\/v2\/posts"}],"about":[{"href":"https:\/\/tvbrazilusa.com\/pt\/wp-json\/wp\/v2\/types\/post"}],"author":[{"embeddable":true,"href":"https:\/\/tvbrazilusa.com\/pt\/wp-json\/wp\/v2\/users\/1"}],"replies":[{"embeddable":true,"href":"https:\/\/tvbrazilusa.com\/pt\/wp-json\/wp\/v2\/comments?post=30657"}],"version-history":[{"count":1,"href":"https:\/\/tvbrazilusa.com\/pt\/wp-json\/wp\/v2\/posts\/30657\/revisions"}],"predecessor-version":[{"id":30659,"href":"https:\/\/tvbrazilusa.com\/pt\/wp-json\/wp\/v2\/posts\/30657\/revisions\/30659"}],"wp:featuredmedia":[{"embeddable":true,"href":"https:\/\/tvbrazilusa.com\/pt\/wp-json\/wp\/v2\/media\/30658"}],"wp:attachment":[{"href":"https:\/\/tvbrazilusa.com\/pt\/wp-json\/wp\/v2\/media?parent=30657"}],"wp:term":[{"taxonomy":"category","embeddable":true,"href":"https:\/\/tvbrazilusa.com\/pt\/wp-json\/wp\/v2\/categories?post=30657"},{"taxonomy":"post_tag","embeddable":true,"href":"https:\/\/tvbrazilusa.com\/pt\/wp-json\/wp\/v2\/tags?post=30657"}],"curies":[{"name":"wp","href":"https:\/\/api.w.org\/{rel}","templated":true}]}}