{"id":30727,"date":"2024-08-30T18:04:39","date_gmt":"2024-08-30T18:04:39","guid":{"rendered":"https:\/\/tvbrazilusa.com\/2024\/08\/30\/seu-codigo-postal-na-florida-pode-afetar-a-capacidade-de-obter-o-diagnostico-de-alzheimer\/"},"modified":"2024-09-02T07:59:08","modified_gmt":"2024-09-02T07:59:08","slug":"seu-codigo-postal-na-florida-pode-afetar-a-capacidade-de-obter-o-diagnostico-de-alzheimer","status":"publish","type":"post","link":"https:\/\/tvbrazilusa.com\/pt\/2024\/08\/30\/seu-codigo-postal-na-florida-pode-afetar-a-capacidade-de-obter-o-diagnostico-de-alzheimer\/","title":{"rendered":"Seu c\u00f3digo postal na Fl\u00f3rida pode afetar a capacidade de obter o diagn\u00f3stico de Alzheimer"},"content":{"rendered":"<p> <script async src=\"https:\/\/pagead2.googlesyndication.com\/pagead\/js\/adsbygoogle.js?client=ca-pub-8864793242727901\"\r\n     crossorigin=\"anonymous\"><\/script><br \/>\n<\/p>\n<div>\n<p>FL\u00d3RIDA \u2014 Pessoas que vivem na \u00e1rea da Ba\u00eda de Tampa t\u00eam menos probabilidade do que seus vizinhos da Fl\u00f3rida de receber um diagn\u00f3stico precoce de dem\u00eancia ou doen\u00e7a de Alzheimer, de acordo com um novo estudo que avalia as disparidades regionais em servi\u00e7os de diagn\u00f3stico.<\/p>\n<\/div>\n<div>\n<p>Os resultados do estudo, publicados em <a href=\"https:\/\/alz-journals.onlinelibrary.wiley.com\/doi\/10.1002\/alz.14092\" rel=\"nofollow noopener\" target=\"_blank\">Alzheimer e Dem\u00eancia: O Jornal da Associa\u00e7\u00e3o de Alzheimer<\/a>sugerem que a chance de ser diagnosticado pode estar mais relacionada ao sistema de sa\u00fade do que a fatores individuais que afetam o risco de dem\u00eancia.<\/p>\n<p>Na verdade, os pesquisadores descobriram que a mesma pessoa teria at\u00e9 o dobro de chances de receber um diagn\u00f3stico de dem\u00eancia em algumas \u00e1reas do pa\u00eds do que em outras. <\/p>\n<\/div>\n<div>\n<p>\u201cA mensagem \u00e9 clara: de um lugar para outro, a <a href=\"https:\/\/ihpi.umich.edu\/news\/same-person-different-place-twice-odds-dementia-diagnosis\" rel=\"nofollow noopener\" target=\"_blank\">probabilidade de ter sua dem\u00eancia diagnosticada <\/a>varia, e isso pode acontecer por causa de tudo, desde normas de pr\u00e1tica para provedores de cuidados de sa\u00fade at\u00e9 o conhecimento de pacientes individuais e comportamento de busca de cuidados\u201d, disse a Dra. Julie Bynum, professora de medicina interna e medicina geri\u00e1trica e paliativa na Faculdade de Medicina da Universidade de Michigan, em um comunicado \u00e0 imprensa.<\/p>\n<p>\u201cMas a boa not\u00edcia \u00e9\u201d, continuou Bynum, \u201cque essas s\u00e3o coisas nas quais podemos agir quando sabemos onde procurar\u201d.<\/p>\n<\/div>\n<div>\n<p><a href=\"https:\/\/www.cnn.com\/2024\/08\/26\/health\/dementia-zip-code-wellness\/index.html\" rel=\"nofollow noopener\" target=\"_blank\">Uma an\u00e1lise da CNN sobre dados de reivindica\u00e7\u00f5es do Medicare<\/a> para 4,8 milh\u00f5es de adultos mais velhos em 306 regi\u00f5es de refer\u00eancia hospitalar mostra diferen\u00e7as em n\u00edvel de CEP dentro de um \u00fanico estado. Os pesquisadores desenvolveram uma nova medida chamada \u201cintensidade de diagn\u00f3stico espec\u00edfica de ADRD\u201d para comparar as taxas de diagn\u00f3stico reais em cada regi\u00e3o com o que seria esperado com base em fatores de risco da popula\u00e7\u00e3o.<\/p>\n<p>Na Fl\u00f3rida, os moradores da \u00e1rea da Ba\u00eda de Tampa t\u00eam menos probabilidade de receber um diagn\u00f3stico precoce de dem\u00eancia ou doen\u00e7a de Alzheimer do que seus vizinhos em condados vizinhos. Na verdade, o risco na Ba\u00eda de Tampa \u00e9 menor do que em qualquer outra \u00e1rea do estado. <\/p>\n<\/div>\n<div>\n<p>Os pesquisadores disseram que n\u00e3o apenas a porcentagem de pessoas que recebem um novo diagn\u00f3stico de dem\u00eancia a cada ano varia muito entre as regi\u00f5es do pa\u00eds, mas as disparidades s\u00e3o ainda maiores para pessoas na extremidade mais jovem da faixa et\u00e1ria de risco de dem\u00eancia, entre 66 e 74 anos, e para aqueles que s\u00e3o negros ou hisp\u00e2nicos.<\/p>\n<p>Bynum e seus colegas da UM e da Escola de Medicina Geisel do Dartmouth College estudaram dados de reivindica\u00e7\u00f5es do Medicare de 4,8 milh\u00f5es de pessoas com mais de 66 anos em 2019. Os pesquisadores disseram que, embora quase 7 milh\u00f5es de americanos tenham atualmente um diagn\u00f3stico de dem\u00eancia, milh\u00f5es a mais provavelmente apresentam sintomas, mas nenhum diagn\u00f3stico formal, disseram os pesquisadores.<\/p>\n<\/div>\n<div>\n<p>O novo estudo demonstra pela primeira vez que as diferen\u00e7as regionais de diagn\u00f3stico n\u00e3o s\u00e3o explicadas por varia\u00e7\u00f5es nos n\u00edveis de risco de dem\u00eancia de diferentes popula\u00e7\u00f5es. <\/p>\n<p>Os pesquisadores tamb\u00e9m observaram que a varia\u00e7\u00e3o pode resultar de diferen\u00e7as culturais ou pessoais na probabilidade de uma pessoa procurar assist\u00eancia m\u00e9dica de qualquer tipo, marcar uma consulta especificamente para problemas de mem\u00f3ria, mencionar problemas de mem\u00f3ria ou pensar proativamente sobre assist\u00eancia m\u00e9dica sem ser solicitada durante uma consulta existente.<\/p>\n<p>Os pesquisadores n\u00e3o podem afirmar com certeza se a varia\u00e7\u00e3o reflete um subdiagn\u00f3stico ou um superdiagn\u00f3stico de dem\u00eancia.<\/p>\n<p>No entanto, eles disseram que \u00e1reas com taxas de diagn\u00f3stico de dem\u00eancia menores do que o esperado poderiam usar as novas descobertas para identificar barreiras que podem dificultar o diagn\u00f3stico precoce. <\/p>\n<p>Por exemplo, Bynum explicou que mudan\u00e7as nas pr\u00e1ticas cl\u00ednicas poderiam aumentar o n\u00famero de vezes que as pessoas s\u00e3o examinadas por seus m\u00e9dicos de aten\u00e7\u00e3o prim\u00e1ria em busca de sinais precoces de dem\u00eancia, ou a disponibilidade de especialistas para fazer um diagn\u00f3stico confirmado.<\/p>\n<\/div>\n<div>\n<p>\u201cO objetivo hoje em dia deve ser identificar pessoas com problemas cognitivos mais cedo, mas nossos dados mostram que a faixa et\u00e1ria mais jovem de participantes do Medicare \u00e9 a que tem mais varia\u00e7\u00e3o\u201d, disse Bynum no comunicado \u00e0 imprensa. \u201cPara comunidades e sistemas de sa\u00fade, isso deve ser um chamado \u00e0 a\u00e7\u00e3o para disseminar conhecimento e aumentar esfor\u00e7os para disponibilizar servi\u00e7os \u00e0s pessoas. E para indiv\u00edduos, a mensagem \u00e9 que voc\u00ea pode precisar advogar por si mesmo para obter o que precisa, incluindo verifica\u00e7\u00f5es cognitivas.\u201d<\/p>\n<\/div>\n<p><br \/>\n<br \/><a href=\"http:\/\/patch.com\/florida\/across-fl\/your-zip-code-fl-may-affect-ability-get-alzheimer-s-diagnosis?utm_source=article-mostrecent&#038;utm_medium=rss&#038;utm_term=health%20%26%20fitness&#038;utm_campaign=recirc&#038;utm_content=aol\">Source link <\/a><\/p>","protected":false},"excerpt":{"rendered":"<p>FL\u00d3RIDA \u2014 Pessoas que vivem na \u00e1rea da Ba\u00eda de Tampa t\u00eam menos probabilidade do que seus vizinhos da Fl\u00f3rida de receber um diagn\u00f3stico precoce de dem\u00eancia ou doen\u00e7a de&hellip;<\/p>","protected":false},"author":1,"featured_media":30728,"comment_status":"closed","ping_status":"open","sticky":false,"template":"","format":"standard","meta":{"content-type":"","footnotes":""},"categories":[1],"tags":[],"class_list":["post-30727","post","type-post","status-publish","format-standard","has-post-thumbnail","hentry","category-uncategorized"],"_links":{"self":[{"href":"https:\/\/tvbrazilusa.com\/pt\/wp-json\/wp\/v2\/posts\/30727","targetHints":{"allow":["GET"]}}],"collection":[{"href":"https:\/\/tvbrazilusa.com\/pt\/wp-json\/wp\/v2\/posts"}],"about":[{"href":"https:\/\/tvbrazilusa.com\/pt\/wp-json\/wp\/v2\/types\/post"}],"author":[{"embeddable":true,"href":"https:\/\/tvbrazilusa.com\/pt\/wp-json\/wp\/v2\/users\/1"}],"replies":[{"embeddable":true,"href":"https:\/\/tvbrazilusa.com\/pt\/wp-json\/wp\/v2\/comments?post=30727"}],"version-history":[{"count":1,"href":"https:\/\/tvbrazilusa.com\/pt\/wp-json\/wp\/v2\/posts\/30727\/revisions"}],"predecessor-version":[{"id":30729,"href":"https:\/\/tvbrazilusa.com\/pt\/wp-json\/wp\/v2\/posts\/30727\/revisions\/30729"}],"wp:featuredmedia":[{"embeddable":true,"href":"https:\/\/tvbrazilusa.com\/pt\/wp-json\/wp\/v2\/media\/30728"}],"wp:attachment":[{"href":"https:\/\/tvbrazilusa.com\/pt\/wp-json\/wp\/v2\/media?parent=30727"}],"wp:term":[{"taxonomy":"category","embeddable":true,"href":"https:\/\/tvbrazilusa.com\/pt\/wp-json\/wp\/v2\/categories?post=30727"},{"taxonomy":"post_tag","embeddable":true,"href":"https:\/\/tvbrazilusa.com\/pt\/wp-json\/wp\/v2\/tags?post=30727"}],"curies":[{"name":"wp","href":"https:\/\/api.w.org\/{rel}","templated":true}]}}