{"id":30808,"date":"2024-09-02T14:32:53","date_gmt":"2024-09-02T14:32:53","guid":{"rendered":"https:\/\/tvbrazilusa.com\/2024\/09\/02\/ginasta-da-universidade-de-wisconsin-whitewater-foi-morta-em-tiroteio-em-apartamento-fora-do-campus-um-suspeito-esta-sob-custodia-wsvn-7news-noticias-de-miami-clima-esportes-fort-lauderdale\/"},"modified":"2024-09-02T15:12:37","modified_gmt":"2024-09-02T15:12:37","slug":"ginasta-da-universidade-de-wisconsin-whitewater-foi-morta-em-tiroteio-em-apartamento-fora-do-campus-um-suspeito-esta-sob-custodia-wsvn-7news-noticias-de-miami-clima-esportes-fort-lauderdale","status":"publish","type":"post","link":"https:\/\/tvbrazilusa.com\/pt\/2024\/09\/02\/ginasta-da-universidade-de-wisconsin-whitewater-foi-morta-em-tiroteio-em-apartamento-fora-do-campus-um-suspeito-esta-sob-custodia-wsvn-7news-noticias-de-miami-clima-esportes-fort-lauderdale\/","title":{"rendered":"Ginasta da Universidade de Wisconsin-Whitewater foi morta em tiroteio em apartamento fora do campus. Um suspeito est\u00e1 sob cust\u00f3dia &#8211; WSVN 7News | Not\u00edcias de Miami, Clima, Esportes | Fort Lauderdale"},"content":{"rendered":"<p> <script async src=\"https:\/\/pagead2.googlesyndication.com\/pagead\/js\/adsbygoogle.js?client=ca-pub-8864793242727901\"\r\n     crossorigin=\"anonymous\"><\/script><br \/>\n<\/p>\n<div itemprop=\"articleBody\">\n<p><strong>(CNN) \u2014 <\/strong>Um homem foi preso em conex\u00e3o com o tiro fatal contra Kara Welsh, uma ginasta da Universidade de Wisconsin-Whitewater, morta neste fim de semana em um apartamento fora do campus, dias antes do in\u00edcio do semestre de outono.<\/p>\n<p>O chanceler da UW-Whitewater, Corey King, confirmou a morte de Welsh na sexta-feira <a href=\"https:\/\/announcements.uww.edu\/Announcement\/Details\/18454\">em uma mensagem<\/a> para a comunidade escolar, descrevendo-a como um \u201cmembro destacado da equipe de gin\u00e1stica Warhawk\u201d. A veterana de 21 anos de Plainfield, Illinois, ganhou o t\u00edtulo nacional no salto no ano passado no Campeonato da National Collegiate Gymnastics Association e estava se formando em administra\u00e7\u00e3o de empresas, de acordo com a escola <a href=\"https:\/\/uwwsports.com\/news\/2024\/9\/1\/gymnastics-uw-whitewater-mourns-the-loss-of-gymnast-kara-welsh.aspx\">departamento de atletismo<\/a>.<\/p>\n<p>\u201cSabemos que a not\u00edcia da morte de Kara \u00e9 de partir o cora\u00e7\u00e3o para nossa comunidade universit\u00e1ria unida\u201d, escreveu King em sua mensagem no s\u00e1bado, tr\u00eas dias antes do primeiro dia de aula. \u201c\u00c9 um momento em que todos somos chamados a apoiar uns aos outros, a processar e a lamentar.\u201d<\/p>\n<p>Os policiais responderam pouco antes da meia-noite de sexta-feira a um apartamento na Main Street em Whitewater, cerca de 50 milhas a oeste de Milwaukee, ap\u00f3s receberem um relato de uma pessoa que havia sido baleada, disse a pol\u00edcia de Whitewater em <a href=\"https:\/\/www.whitewater-wi.gov\/CivicAlerts.aspx?AID=653\">um comunicado de imprensa<\/a>. L\u00e1, eles encontraram uma mulher, <a href=\"https:\/\/www.whitewater-wi.gov\/CivicAlerts.aspx?AID=654\">mais tarde identificado como gal\u00eas<\/a>com v\u00e1rios ferimentos de bala. Um homem de 23 anos, \u201cque era conhecido\u201d por Welsh, tamb\u00e9m estava no apartamento, disse a pol\u00edcia.<\/p>\n<p>\u201cPor meio de investiga\u00e7\u00e3o, foi determinado que, antes do tiroteio, uma alterca\u00e7\u00e3o ocorreu entre os dois\u201d, disse a pol\u00edcia. O comunicado n\u00e3o descreveu o relacionamento entre Welsh e o rapaz de 23 anos.<\/p>\n<p>O suspeito, que n\u00e3o foi identificado publicamente, foi preso e est\u00e1 detido na Cadeia do Condado de Walworth, disse a pol\u00edcia. A pol\u00edcia recomendou acusa\u00e7\u00f5es de homic\u00eddio de primeiro grau, risco \u00e0 seguran\u00e7a pelo uso de arma perigosa e conduta desordeira enquanto armado, ao Gabinete do Promotor P\u00fablico do Condado de Walworth.<\/p>\n<p>O departamento de atletismo da universidade chamou Welsh de &#8220;fen\u00f4meno no salto&#8221; que &#8220;se destacou&#8221; em &#8220;situa\u00e7\u00f5es de alta press\u00e3o&#8221;, observando que ela det\u00e9m quatro das oito maiores pontua\u00e7\u00f5es registradas no salto na hist\u00f3ria do programa de gin\u00e1stica da escola.<\/p>\n<p>\u201cColocar em palavras o impacto que Kara teve na comunidade de Warhawk \u00e9 imposs\u00edvel\u201d, disse Jennifer Regan, a treinadora principal de gin\u00e1stica feminina da UW-Whitewater. \u201cUma atleta poderosa, companheira de equipe dedicada e a luz nos dias sombrios de todos, Kara realmente elevou cada um de n\u00f3s em seu tempo como ginasta de Warhawk. N\u00e3o h\u00e1 palavras para descrever o vazio que todos sentimos em nossos cora\u00e7\u00f5es, mas o legado de Kara viver\u00e1 atrav\u00e9s da gin\u00e1stica de Warhawk para sempre.\u201d<\/p>\n<p>Uma postagem em <a href=\"https:\/\/www.gofundme.com\/f\/honor-kara-welsh-support-her-loved-ones?lang=en_US&#038;utm_campaign=fp_sharesheet&#038;utm_content=amp9c&#038;utm_medium=customer&#038;utm_source=copy_link\">uma campanha GoFundMe<\/a> uma p\u00e1gina organizada em nome da fam\u00edlia de Welsh chamou a ginasta de \u201cfilha, irm\u00e3, querida amiga e companheira de equipe\u201d que estava ansiosa por seu \u00faltimo ano.<\/p>\n<p>\u201cKara tinha uma habilidade \u00fanica de levar alegria a qualquer pessoa que cruzasse seu caminho, sempre colocando um sorriso no rosto das pessoas com seu senso de humor, apoio inabal\u00e1vel e disposi\u00e7\u00e3o doce\u201d, dizia a campanha.<\/p>\n<p>A bandeira da universidade ser\u00e1 hasteada a meio mastro em mem\u00f3ria de Welsh na ter\u00e7a-feira, disse King, o chanceler da UW-Whitewater. A universidade disponibilizou servi\u00e7os de aconselhamento para alunos, corpo docente e funcion\u00e1rios, e suporte e flexibilidade extras ser\u00e3o fornecidos aos alunos que precisarem.<\/p>\n<p><em>The-CNN-Wire\u2122 &#038; \u00a9 2024 Cable News Network, Inc., uma empresa Time Warner. Todos os direitos reservados.<\/em><\/p>\n<div class=\"wp-block-newsletter\">\n\t<strong class=\"wp-block-newsletter__title\">Inscreva-se em nossa Newsletter para receber as \u00faltimas not\u00edcias diretamente na sua caixa de entrada<\/strong><\/p>\n<\/div><\/div>\n<p><br \/>\n<br \/><a href=\"https:\/\/wsvn.com\/sports\/university-of-wisconsin-whitewater-gymnast-was-killed-in-shooting-at-off-campus-apartment-a-suspect-is-in-custody\/\">Source link <\/a><\/p>","protected":false},"excerpt":{"rendered":"<p>(CNN) \u2014 Um homem foi preso em conex\u00e3o com o tiro fatal contra Kara Welsh, uma ginasta da Universidade de Wisconsin-Whitewater, morta neste fim de semana em um apartamento fora&hellip;<\/p>","protected":false},"author":1,"featured_media":30809,"comment_status":"closed","ping_status":"open","sticky":false,"template":"","format":"standard","meta":{"content-type":"","footnotes":""},"categories":[1],"tags":[],"class_list":["post-30808","post","type-post","status-publish","format-standard","has-post-thumbnail","hentry","category-uncategorized"],"_links":{"self":[{"href":"https:\/\/tvbrazilusa.com\/pt\/wp-json\/wp\/v2\/posts\/30808","targetHints":{"allow":["GET"]}}],"collection":[{"href":"https:\/\/tvbrazilusa.com\/pt\/wp-json\/wp\/v2\/posts"}],"about":[{"href":"https:\/\/tvbrazilusa.com\/pt\/wp-json\/wp\/v2\/types\/post"}],"author":[{"embeddable":true,"href":"https:\/\/tvbrazilusa.com\/pt\/wp-json\/wp\/v2\/users\/1"}],"replies":[{"embeddable":true,"href":"https:\/\/tvbrazilusa.com\/pt\/wp-json\/wp\/v2\/comments?post=30808"}],"version-history":[{"count":1,"href":"https:\/\/tvbrazilusa.com\/pt\/wp-json\/wp\/v2\/posts\/30808\/revisions"}],"predecessor-version":[{"id":30810,"href":"https:\/\/tvbrazilusa.com\/pt\/wp-json\/wp\/v2\/posts\/30808\/revisions\/30810"}],"wp:featuredmedia":[{"embeddable":true,"href":"https:\/\/tvbrazilusa.com\/pt\/wp-json\/wp\/v2\/media\/30809"}],"wp:attachment":[{"href":"https:\/\/tvbrazilusa.com\/pt\/wp-json\/wp\/v2\/media?parent=30808"}],"wp:term":[{"taxonomy":"category","embeddable":true,"href":"https:\/\/tvbrazilusa.com\/pt\/wp-json\/wp\/v2\/categories?post=30808"},{"taxonomy":"post_tag","embeddable":true,"href":"https:\/\/tvbrazilusa.com\/pt\/wp-json\/wp\/v2\/tags?post=30808"}],"curies":[{"name":"wp","href":"https:\/\/api.w.org\/{rel}","templated":true}]}}