{"id":31043,"date":"2024-09-03T10:58:00","date_gmt":"2024-09-03T10:58:00","guid":{"rendered":"https:\/\/tvbrazilusa.com\/2024\/09\/03\/dias-mais-secos-voltam-nesta-semana-wsvn-7news-noticias-de-miami-clima-esportes-fort-lauderdale\/"},"modified":"2024-09-03T11:01:18","modified_gmt":"2024-09-03T11:01:18","slug":"dias-mais-secos-voltam-nesta-semana-wsvn-7news-noticias-de-miami-clima-esportes-fort-lauderdale","status":"publish","type":"post","link":"https:\/\/tvbrazilusa.com\/pt\/2024\/09\/03\/dias-mais-secos-voltam-nesta-semana-wsvn-7news-noticias-de-miami-clima-esportes-fort-lauderdale\/","title":{"rendered":"DIAS MAIS SECOS VOLTAM NESTA SEMANA &#8211; WSVN 7News | Not\u00edcias de Miami, Clima, Esportes | Fort Lauderdale"},"content":{"rendered":"<p> <script async src=\"https:\/\/pagead2.googlesyndication.com\/pagead\/js\/adsbygoogle.js?client=ca-pub-8864793242727901\"\r\n     crossorigin=\"anonymous\"><\/script><br \/>\n<\/p>\n<div itemprop=\"articleBody\">\n<p>Feliz ter\u00e7a-feira, sul da Fl\u00f3rida!<\/p>\n<p class=\"has-text-align-center is-style-larger\"><strong>Espero que todos tenham tido um \u00f3timo final de semana. O sul da Fl\u00f3rida est\u00e1 preso em um padr\u00e3o do tipo &#8220;enxaguar e repetir&#8221; com chances di\u00e1rias de chuva no limite superior desde o final da semana passada. E durante o fim de semana prolongado, o sul da Fl\u00f3rida lidou com chuvas intermitentes e, \u00e0s vezes, algumas tempestades, avan\u00e7ando pela \u00e1rea. Esta manh\u00e3, o sul da Fl\u00f3rida viu algumas pancadas de chuva e tempestades se levantarem do sul para o norte. E ent\u00e3o se dissipou da \u00e1rea, parecia que tudo come\u00e7ou de novo. Muitos pontos do sul da Fl\u00f3rida acordaram com rel\u00e2mpagos e estrondos de trov\u00e3o!<\/strong><\/p>\n<figure class=\"wp-block-image size-large is-resized\"><\/figure>\n<p class=\"has-text-align-center is-style-larger\"><strong>Chuvas esparsas e algumas tempestades permanecem na previs\u00e3o mais uma vez hoje, pois ainda haver\u00e1 bastante umidade dispon\u00edvel para chuva em toda a regi\u00e3o. \u00c0s vezes, nossa brisa de leste a sudeste estar\u00e1 mais forte. T\u00e3o ventosa \u00e0s vezes e muito \u00famida com chuvas ocasionais ou tempestades no in\u00edcio da tarde. Depois que as temperaturas foram reduzidas para 70 graus esta manh\u00e3, nossas altas temperaturas da tarde chegar\u00e3o a 90 graus hoje. Chuvas e tempestades devem passar do meio para o final da tarde, pois a maioria das atividades se desloca para o interior.<\/strong><\/p>\n<figure class=\"wp-block-image size-large is-resized\"><img fetchpriority=\"high\" decoding=\"async\" width=\"1920\" height=\"1080\" src=\"https:\/\/wsvn.com\/wp-content\/uploads\/sites\/2\/2024\/09\/Blog-2.png?w=1024\" alt=\"\" class=\"wp-image-1480585\" style=\"width:866px;height:auto\" srcset=\"https:\/\/wsvn.com\/wp-content\/uploads\/sites\/2\/2024\/09\/Blog-2.png 1920w, https:\/\/wsvn.com\/wp-content\/uploads\/sites\/2\/2024\/09\/Blog-2.png?resize=300,169 300w, https:\/\/wsvn.com\/wp-content\/uploads\/sites\/2\/2024\/09\/Blog-2.png?resize=768,432 768w, https:\/\/wsvn.com\/wp-content\/uploads\/sites\/2\/2024\/09\/Blog-2.png?resize=1024,576 1024w, https:\/\/wsvn.com\/wp-content\/uploads\/sites\/2\/2024\/09\/Blog-2.png?resize=1536,864 1536w\" sizes=\"(max-width: 1920px) 100vw, 1920px\"\/><\/figure>\n<p class=\"has-text-align-center is-style-larger\"><strong>Olhando para o futuro, h\u00e1 algumas mudan\u00e7as na previs\u00e3o para o sul da Fl\u00f3rida. Uma fina camada de poeira do Saara chegar\u00e1 ao sul da Fl\u00f3rida no meio da semana e isso deve ajudar a diminuir nossas chances de chuva. Algumas pancadas de chuva isoladas ainda ser\u00e3o poss\u00edveis. Ent\u00e3o parece que a umidade tropical sai da regi\u00e3o e permite que o ar mais seco entre no final da semana. Isso reduzir\u00e1 nossas chances de chuva e tempestade para irregular ou isolada at\u00e9 o final da semana! A melhor not\u00edcia \u00e9 que esse ar um pouco mais seco pode at\u00e9 permanecer no in\u00edcio do fim de semana. Depois de ver condi\u00e7\u00f5es encharcadas e tempestuosas nos \u00faltimos 2 fins de semana, o sul da Fl\u00f3rida ficar\u00e1 feliz em ver uma pausa na chuva.<\/strong><\/p>\n<figure class=\"wp-block-image size-large is-resized\"><img decoding=\"async\" width=\"1920\" height=\"1080\" src=\"https:\/\/wsvn.com\/wp-content\/uploads\/sites\/2\/2024\/09\/Blog-3.png?w=1024\" alt=\"\" class=\"wp-image-1480586\" style=\"width:867px;height:auto\" srcset=\"https:\/\/wsvn.com\/wp-content\/uploads\/sites\/2\/2024\/09\/Blog-3.png 1920w, https:\/\/wsvn.com\/wp-content\/uploads\/sites\/2\/2024\/09\/Blog-3.png?resize=300,169 300w, https:\/\/wsvn.com\/wp-content\/uploads\/sites\/2\/2024\/09\/Blog-3.png?resize=768,432 768w, https:\/\/wsvn.com\/wp-content\/uploads\/sites\/2\/2024\/09\/Blog-3.png?resize=1024,576 1024w, https:\/\/wsvn.com\/wp-content\/uploads\/sites\/2\/2024\/09\/Blog-3.png?resize=1536,864 1536w\" sizes=\"(max-width: 1920px) 100vw, 1920px\"\/><\/figure>\n<p class=\"has-text-align-center is-style-larger\"><strong>Ao darmos uma olhada r\u00e1pida nos Tr\u00f3picos, estamos observando duas \u00e1reas diferentes para poss\u00edvel desenvolvimento. Uma onda tropical no Caribe Oriental tem lutado para se organizar, mas as condi\u00e7\u00f5es n\u00e3o t\u00eam sido favor\u00e1veis \u200b\u200bpara que qualquer desenvolvimento ocorra. Esta \u00e9 a \u00e1rea que estamos observando desde o in\u00edcio da semana passada! No entanto, no final desta semana ou neste fim de semana, pode se tornar uma depress\u00e3o tropical quando se mover para o Caribe Ocidental e perto da Pen\u00ednsula de Yucat\u00e1n. Outra onda tropical no extremo leste do Atl\u00e2ntico tropical est\u00e1 produzindo chuvas e ventos fortes perto das Ilhas de Cabo Verde. Esta onda estar\u00e1 se movendo para condi\u00e7\u00f5es mais favor\u00e1veis \u200b\u200bpara o desenvolvimento e uma depress\u00e3o tropical pode se formar nos pr\u00f3ximos dias \u00e0 medida que se move para W\/NW. Nenhum dos sistemas representa qualquer amea\u00e7a ao sul da Fl\u00f3rida.<\/strong><\/p>\n<figure class=\"wp-block-image size-large is-resized\"><img loading=\"lazy\" decoding=\"async\" width=\"1920\" height=\"1080\" src=\"https:\/\/wsvn.com\/wp-content\/uploads\/sites\/2\/2024\/09\/Blog-4.png?w=1024\" alt=\"\" class=\"wp-image-1480587\" style=\"width:875px;height:auto\" srcset=\"https:\/\/wsvn.com\/wp-content\/uploads\/sites\/2\/2024\/09\/Blog-4.png 1920w, https:\/\/wsvn.com\/wp-content\/uploads\/sites\/2\/2024\/09\/Blog-4.png?resize=300,169 300w, https:\/\/wsvn.com\/wp-content\/uploads\/sites\/2\/2024\/09\/Blog-4.png?resize=768,432 768w, https:\/\/wsvn.com\/wp-content\/uploads\/sites\/2\/2024\/09\/Blog-4.png?resize=1024,576 1024w, https:\/\/wsvn.com\/wp-content\/uploads\/sites\/2\/2024\/09\/Blog-4.png?resize=1536,864 1536w\" sizes=\"auto, (max-width: 1920px) 100vw, 1920px\"\/><\/figure>\n<p class=\"has-text-align-center is-style-larger\"><strong>Tenha um \u00f3timo dia!<\/strong><\/p>\n<p><strong>Erika Delgado \/ Meteorologista<br \/>WSVN \/ Canal 7 Not\u00edcias<\/strong><\/p>\n<p><em>Copyright 2024 Sunbeam Television Corp. Todos os direitos reservados. Este material n\u00e3o pode ser publicado, transmitido, reescrito ou redistribu\u00eddo.<\/em><\/p>\n<div class=\"wp-block-newsletter\">\n\t<strong class=\"wp-block-newsletter__title\">Inscreva-se em nossa Newsletter para receber as \u00faltimas not\u00edcias diretamente na sua caixa de entrada<\/strong><\/p>\n<\/div><\/div>\n<p><br \/>\n<br \/><a href=\"https:\/\/wsvn.com\/weather-blog\/drier-days-return-this-week\/\">Source link <\/a><\/p>","protected":false},"excerpt":{"rendered":"<p>Feliz ter\u00e7a-feira, sul da Fl\u00f3rida! Espero que todos tenham tido um \u00f3timo final de semana. O sul da Fl\u00f3rida est\u00e1 preso em um padr\u00e3o do tipo &#8220;enxaguar e repetir&#8221; com&hellip;<\/p>","protected":false},"author":1,"featured_media":31044,"comment_status":"closed","ping_status":"open","sticky":false,"template":"","format":"standard","meta":{"content-type":"","footnotes":""},"categories":[1],"tags":[],"class_list":["post-31043","post","type-post","status-publish","format-standard","has-post-thumbnail","hentry","category-uncategorized"],"_links":{"self":[{"href":"https:\/\/tvbrazilusa.com\/pt\/wp-json\/wp\/v2\/posts\/31043","targetHints":{"allow":["GET"]}}],"collection":[{"href":"https:\/\/tvbrazilusa.com\/pt\/wp-json\/wp\/v2\/posts"}],"about":[{"href":"https:\/\/tvbrazilusa.com\/pt\/wp-json\/wp\/v2\/types\/post"}],"author":[{"embeddable":true,"href":"https:\/\/tvbrazilusa.com\/pt\/wp-json\/wp\/v2\/users\/1"}],"replies":[{"embeddable":true,"href":"https:\/\/tvbrazilusa.com\/pt\/wp-json\/wp\/v2\/comments?post=31043"}],"version-history":[{"count":1,"href":"https:\/\/tvbrazilusa.com\/pt\/wp-json\/wp\/v2\/posts\/31043\/revisions"}],"predecessor-version":[{"id":31045,"href":"https:\/\/tvbrazilusa.com\/pt\/wp-json\/wp\/v2\/posts\/31043\/revisions\/31045"}],"wp:featuredmedia":[{"embeddable":true,"href":"https:\/\/tvbrazilusa.com\/pt\/wp-json\/wp\/v2\/media\/31044"}],"wp:attachment":[{"href":"https:\/\/tvbrazilusa.com\/pt\/wp-json\/wp\/v2\/media?parent=31043"}],"wp:term":[{"taxonomy":"category","embeddable":true,"href":"https:\/\/tvbrazilusa.com\/pt\/wp-json\/wp\/v2\/categories?post=31043"},{"taxonomy":"post_tag","embeddable":true,"href":"https:\/\/tvbrazilusa.com\/pt\/wp-json\/wp\/v2\/tags?post=31043"}],"curies":[{"name":"wp","href":"https:\/\/api.w.org\/{rel}","templated":true}]}}