{"id":31058,"date":"2024-09-03T11:33:18","date_gmt":"2024-09-03T11:33:18","guid":{"rendered":"https:\/\/tvbrazilusa.com\/2024\/09\/03\/turquia-detem-15-membros-de-grupo-de-jovens-antiamericanos-por-agredir-2-militares-dos-eua-wsvn-7news-noticias-de-miami-clima-esportes-fort-lauderdale\/"},"modified":"2024-09-03T11:58:23","modified_gmt":"2024-09-03T11:58:23","slug":"turquia-detem-15-membros-de-grupo-de-jovens-antiamericanos-por-agredir-2-militares-dos-eua-wsvn-7news-noticias-de-miami-clima-esportes-fort-lauderdale","status":"publish","type":"post","link":"https:\/\/tvbrazilusa.com\/pt\/2024\/09\/03\/turquia-detem-15-membros-de-grupo-de-jovens-antiamericanos-por-agredir-2-militares-dos-eua-wsvn-7news-noticias-de-miami-clima-esportes-fort-lauderdale\/","title":{"rendered":"Turquia det\u00e9m 15 membros de grupo de jovens antiamericanos por agredir 2 militares dos EUA &#8211; WSVN 7News | Not\u00edcias de Miami, Clima, Esportes | Fort Lauderdale"},"content":{"rendered":"<p> <script async src=\"https:\/\/pagead2.googlesyndication.com\/pagead\/js\/adsbygoogle.js?client=ca-pub-8864793242727901\"\r\n     crossorigin=\"anonymous\"><\/script><br \/>\n<\/p>\n<div itemprop=\"articleBody\">\n<p>ANCARA, Turquia (AP) \u2014 Autoridades turcas detiveram na segunda-feira 15 membros de uma organiza\u00e7\u00e3o juvenil antiamericana que agrediram fisicamente dois militares dos EUA na cidade de Izmir, informou a ag\u00eancia de not\u00edcias estatal Anadolu.<\/p>\n<p>A ag\u00eancia disse que membros da Uni\u00e3o da Juventude Turca, que \u00e9 filiada ao Partido Patri\u00f3tico \u2014 um pequeno partido pol\u00edtico nacionalista sem assentos no parlamento \u2014 foram detidos por ordem de um promotor.<\/p>\n<p>A Embaixada dos EUA confirmou o incidente, dizendo que os militares a bordo do USS Wasp estavam \u201cagora seguros\u201d.<\/p>\n<p>\u201cEstamos preocupados com este ataque aos militares dos EUA e apreciamos que a pol\u00edcia turca esteja levando este assunto a s\u00e9rio e responsabilizando os respons\u00e1veis\u201d, disse o porta-voz do Conselho de Seguran\u00e7a Nacional, Sean Savett.<\/p>\n<p>O grupo postou um v\u00eddeo do incidente na plataforma de m\u00eddia social X e disse que colocou sacos sobre as cabe\u00e7as dos soldados que desembarcaram do navio de assalto anf\u00edbio USS Wasp da Marinha dos EUA.<\/p>\n<p>O v\u00eddeo mostra um grupo de homens gritando: &#8220;Yankee, v\u00e1 para casa!&#8221; enquanto seguram um homem e tentam colocar um saco em sua cabe\u00e7a.<\/p>\n<p>\u201cOs soldados americanos que carregam o sangue de nossos soldados e de milhares de palestinos em suas m\u00e3os n\u00e3o podem poluir nosso pa\u00eds\u201d, disse o grupo no X.<\/p>\n<p>O USS Wasp chegou a Izmir no domingo ap\u00f3s realizar treinamento conjunto com navios de assalto turcos no Mediterr\u00e2neo.<\/p>\n<p><em>Copyright 2024 The Associated Press. Todos os direitos reservados. Este material n\u00e3o pode ser publicado, transmitido, reescrito ou redistribu\u00eddo.<\/em><\/p>\n<div class=\"wp-block-newsletter\">\n\t<strong class=\"wp-block-newsletter__title\">Inscreva-se em nossa Newsletter para receber as \u00faltimas not\u00edcias diretamente na sua caixa de entrada<\/strong><\/p>\n<\/div><\/div>\n<p><br \/>\n<br \/><a href=\"https:\/\/wsvn.com\/news\/us-world\/turkey-detains-15-members-of-anti-american-youth-group-for-assaulting-2-us-servicemen\/\">Source link <\/a><\/p>","protected":false},"excerpt":{"rendered":"<p>ANCARA, Turquia (AP) \u2014 Autoridades turcas detiveram na segunda-feira 15 membros de uma organiza\u00e7\u00e3o juvenil antiamericana que agrediram fisicamente dois militares dos EUA na cidade de Izmir, informou a ag\u00eancia&hellip;<\/p>","protected":false},"author":1,"featured_media":31059,"comment_status":"closed","ping_status":"open","sticky":false,"template":"","format":"standard","meta":{"content-type":"","footnotes":""},"categories":[1],"tags":[],"class_list":["post-31058","post","type-post","status-publish","format-standard","has-post-thumbnail","hentry","category-uncategorized"],"_links":{"self":[{"href":"https:\/\/tvbrazilusa.com\/pt\/wp-json\/wp\/v2\/posts\/31058","targetHints":{"allow":["GET"]}}],"collection":[{"href":"https:\/\/tvbrazilusa.com\/pt\/wp-json\/wp\/v2\/posts"}],"about":[{"href":"https:\/\/tvbrazilusa.com\/pt\/wp-json\/wp\/v2\/types\/post"}],"author":[{"embeddable":true,"href":"https:\/\/tvbrazilusa.com\/pt\/wp-json\/wp\/v2\/users\/1"}],"replies":[{"embeddable":true,"href":"https:\/\/tvbrazilusa.com\/pt\/wp-json\/wp\/v2\/comments?post=31058"}],"version-history":[{"count":1,"href":"https:\/\/tvbrazilusa.com\/pt\/wp-json\/wp\/v2\/posts\/31058\/revisions"}],"predecessor-version":[{"id":31060,"href":"https:\/\/tvbrazilusa.com\/pt\/wp-json\/wp\/v2\/posts\/31058\/revisions\/31060"}],"wp:featuredmedia":[{"embeddable":true,"href":"https:\/\/tvbrazilusa.com\/pt\/wp-json\/wp\/v2\/media\/31059"}],"wp:attachment":[{"href":"https:\/\/tvbrazilusa.com\/pt\/wp-json\/wp\/v2\/media?parent=31058"}],"wp:term":[{"taxonomy":"category","embeddable":true,"href":"https:\/\/tvbrazilusa.com\/pt\/wp-json\/wp\/v2\/categories?post=31058"},{"taxonomy":"post_tag","embeddable":true,"href":"https:\/\/tvbrazilusa.com\/pt\/wp-json\/wp\/v2\/tags?post=31058"}],"curies":[{"name":"wp","href":"https:\/\/api.w.org\/{rel}","templated":true}]}}