{"id":31090,"date":"2024-09-03T14:47:12","date_gmt":"2024-09-03T14:47:12","guid":{"rendered":"https:\/\/tvbrazilusa.com\/2024\/09\/03\/mulher-de-nj-presa-por-engano-por-2-semanas-nao-pode-processar-policiais-decide-tribunal-de-apelacoes\/"},"modified":"2024-09-03T14:52:45","modified_gmt":"2024-09-03T14:52:45","slug":"mulher-de-nj-presa-por-engano-por-2-semanas-nao-pode-processar-policiais-decide-tribunal-de-apelacoes","status":"publish","type":"post","link":"https:\/\/tvbrazilusa.com\/pt\/2024\/09\/03\/mulher-de-nj-presa-por-engano-por-2-semanas-nao-pode-processar-policiais-decide-tribunal-de-apelacoes\/","title":{"rendered":"Mulher de NJ presa por engano por 2 semanas n\u00e3o pode processar policiais, decide tribunal de apela\u00e7\u00f5es"},"content":{"rendered":"<script async src=\"https:\/\/pagead2.googlesyndication.com\/pagead\/js\/adsbygoogle.js?client=ca-pub-8864793242727901\"\r\n     crossorigin=\"anonymous\"><\/script>\n<div>\n<p class=\"article__paragraph article__paragraph--left\" id=\"MCDBCPYKXVF2TKREOD26WS3QXE\">Uma mulher de Nova Jersey que foi presa sob a mira de uma arma e passou duas semanas na pris\u00e3o por violar a liberdade condicional de outra pessoa n\u00e3o pode processar os agentes federais e policiais que a detiveram, decidiu um tribunal de apela\u00e7\u00f5es na semana passada.<\/p>\n<p class=\"article__paragraph article__paragraph--left\" id=\"MJEVBS6E7JBW7NIOXYUFPJIE5Y\">Judith Maureen Henry, agora com 74 anos, foi detida h\u00e1 cinco anos na pris\u00e3o do Condado de Essex e em duas pris\u00f5es na Pensilv\u00e2nia, por uma viola\u00e7\u00e3o de liberdade condicional de d\u00e9cadas, de acordo com um processo federal aberto por Henry em 2020.<\/p>\n<p class=\"article__paragraph article__paragraph--left\" id=\"KYKJHJWIW5EZ3EXCIGN2FRNGU4\">O mandado, que inclu\u00eda o endere\u00e7o residencial de Henry e a foto da carteira de motorista, foi encaminhado \u00e0s autoridades em Nova Jersey e ela foi presa em sua casa em Newark em 22 de agosto de 2019 por policiais locais e membros do Servi\u00e7o de Delegados dos EUA.<\/p>\n<p class=\"article__paragraph article__paragraph--left\" id=\"QFUAXCPE6JD2XB7JGCWXY37WHQ\">A pris\u00e3o era destinada a uma mulher diferente, com o mesmo nome de Henry, que escapou da liberdade condicional por condena\u00e7\u00f5es por drogas na Pensilv\u00e2nia em 1993, de acordo com documentos judiciais.<\/p>\n<p class=\"article__paragraph article__paragraph--left\" id=\"GGF6Z4OUEBBFJMYHIA2IEP2BSI\">Apesar de seus repetidos protestos de inoc\u00eancia, Henry foi detido por mais de duas semanas antes de ser libertado de uma pris\u00e3o em Muncy, Pensilv\u00e2nia, de acordo com documentos judiciais.<\/p>\n<p class=\"article__paragraph article__paragraph--left\" id=\"FWZDZLJYUNBCLPTXATIZ7FEYKQ\">Henry insistiu com os agentes de pris\u00e3o e carcereiros de ambas as unidades que eles tinham pegado a pessoa errada e pediu repetidamente que verificassem suas impress\u00f5es digitais.<\/p>\n<p class=\"article__paragraph article__paragraph--left\" id=\"RLDPP4CNSNDGTFWIUQP6JL7M44\">Mas sua identidade n\u00e3o foi confirmada at\u00e9 que ela foi transferida para a Pensilv\u00e2nia e mais de duas semanas se passaram, de acordo com o processo. Tamb\u00e9m levou mais alguns dias para os carcereiros libert\u00e1-la, de acordo com os documentos do tribunal.<\/p>\n<p class=\"article__paragraph article__paragraph--left\" id=\"JFHJBE44QRDTRNF5UQHD4UTHMA\">Henry processou v\u00e1rios oficiais federais e estaduais, incluindo seis delegados dos US Marshals por seus pap\u00e9is em sua deten\u00e7\u00e3o injusta. Ao todo, 30 r\u00e9us foram nomeados no processo.<\/p>\n<p class=\"article__paragraph article__paragraph--left\" id=\"ER2D4PTL2JATTBPHO464D3SXDE\">O processo afirma que policiais do xerife do Condado de Essex entraram na casa de Henry com armas em punho por volta das 7h do dia 22 de agosto de 2019, a prenderam e a colocaram no banco de tr\u00e1s de um dos 12 carros de pol\u00edcia estacionados do lado de fora de sua casa.<\/p>\n<p class=\"article__paragraph article__paragraph--left\" id=\"AFGVYVBFSZEDVLLJOQXOKMJGXE\">\u201cHenry teve suas impress\u00f5es digitais coletadas aproximadamente quatro vezes enquanto ela estava sob cust\u00f3dia em v\u00e1rias unidades correcionais. Henry foi mantido sob cust\u00f3dia sem o benef\u00edcio de seus tr\u00eas medicamentos prescritos para press\u00e3o arterial\u201d, afirmou o processo original.<\/p>\n<p class=\"article__paragraph article__paragraph--left\" id=\"BHL56V62IBC3DHCJABUZ7OARIE\">\u201cHenry tamb\u00e9m sofria de claustrofobia e, como consequ\u00eancia dessa prova\u00e7\u00e3o, ela sofreu de ansiedade e transtorno de estresse p\u00f3s-traum\u00e1tico\u201d, diz o processo.<\/p>\n<p class=\"article__paragraph article__paragraph--left\" id=\"6GFIMXOWUVFW5NNQIVNRJTIT5E\">O processo de Henry alegou abuso de processo, pris\u00e3o e pris\u00e3o falsas, infli\u00e7\u00e3o intencional de sofrimento emocional, falhas em treinar e supervisionar e conspira\u00e7\u00e3o.<\/p>\n<p class=\"article__paragraph article__paragraph--left\" id=\"TPR5FQTCANFEDHN4PLYHMZNUCA\">Henry tamb\u00e9m afirmou que ela foi tratada de forma desigual por ser negra, jamaicana e de \u201cn\u00edvel econ\u00f4mico mais baixo\u201d.<\/p>\n<p class=\"article__paragraph article__paragraph--left\" id=\"H76UFHOFI5CSTBCX6GHF2J7NII\">Mas um tribunal de apela\u00e7\u00f5es decidiu em 29 de agosto que a Quarta Emenda concedeu aos marechais e outros oficiais imunidade qualificada, uma prote\u00e7\u00e3o legal que os protege de responsabilidade.<\/p>\n<p class=\"article__paragraph article__paragraph--left\" id=\"ZBOHEUJZ2VA3JFE3ZJ5EVA36SM\">\u201cA pris\u00e3o de Henry com base em informa\u00e7\u00f5es anexadas ao mandado foi um erro razo\u00e1vel e, portanto, sua pris\u00e3o n\u00e3o violou a Quarta Emenda\u201d, escreveu o juiz Thomas Ambro do Tribunal de Apela\u00e7\u00f5es do Terceiro Circuito dos EUA na decis\u00e3o.<a href=\"https:\/\/newjerseymonitor.com\/2024\/08\/30\/judges-toss-false-arrest-claims-against-federal-marshals-in-mistaken-identity-case\/\" target=\"_blank\" rel=\"noopener\"> relatado pela primeira vez pelo New Jersey Monitor<\/a>.<\/p>\n<p class=\"article__paragraph article__paragraph--left\" id=\"XLUZTKOS2NBRXKWS34M22JYTZA\">Ambro tamb\u00e9m escreveu que Henry n\u00e3o apresentou nenhuma alega\u00e7\u00e3o para apoiar as alega\u00e7\u00f5es de que preconceito racial e seu status econ\u00f4mico mais baixo contribu\u00edram para sua pris\u00e3o.<\/p>\n<p class=\"article__paragraph article__paragraph--left\" id=\"QOKRH7GWIBHA5EH7LEV36ZXBNM\">O advogado de Henry n\u00e3o retornou imediatamente as liga\u00e7\u00f5es para comentar o assunto na ter\u00e7a-feira.<\/p>\n<section class=\"Stories-By-Author-module_wrapper__ezbcK Stories-By-Author-module_nj__Ap1-Y\"\/>\n<p class=\"article__paragraph article__paragraph--left\" id=\"6ELLXWHU75DR7AM5DLEZ2MGXIY\"><i>Obrigado por confiar em n\u00f3s para fornecer o jornalismo em que voc\u00ea pode confiar. Por favor, considere apoiar <\/i><a href=\"http:\/\/nj.com\/\"><i>NJ.com<\/i><\/a><i>  com uma assinatura.<\/i><\/p>\n<p class=\"article__paragraph article__paragraph--left\" id=\"ZTSQXGAUIBHBPCFFXVUZZY7QAY\"><a href=\"http:\/\/connect.nj.com\/user\/AAttrino\/posts.html\"><i>Anthony G. Attrino<\/i><\/a><i>  pode ser alcan\u00e7ado em <\/i><a href=\"https:\/\/www.nj.com\/essex\/2024\/09\/mailto:tattrino@njadvancemedia.com\"><i>tattrino@njadvancemedia.com<\/i><\/a><i>. Siga-o no X <\/i><a href=\"https:\/\/twitter.com\/TonyAttrino\"><i>@TonyAttrino<\/i><\/a><i>. Encontrar <\/i><a href=\"https:\/\/https\/\/www.facebook.com\/BergenCountyNJ\/\"><i>NJ.com no Facebook<\/i><\/a><i>.<\/i><\/p>\n<\/div>\n<p><script async src=\"\/\/platform.twitter.com\/widgets.js\" charset=\"utf-8\"><\/script><br \/>\n<br \/><br \/>\n<br \/><a href=\"https:\/\/www.nj.com\/essex\/2024\/09\/nj-woman-mistakenly-jailed-for-2-weeks-cant-sue-cops-appeals-court-rules.html\">Source link <\/a><\/p>","protected":false},"excerpt":{"rendered":"<p>Uma mulher de Nova Jersey que foi presa sob a mira de uma arma e passou duas semanas na pris\u00e3o por violar a liberdade condicional de outra pessoa n\u00e3o pode&hellip;<\/p>","protected":false},"author":1,"featured_media":31091,"comment_status":"closed","ping_status":"open","sticky":false,"template":"","format":"standard","meta":{"content-type":"","footnotes":""},"categories":[1],"tags":[17447,17452,17448,17449,17456,17451,17458,17450,17457,17455,17453,17454,4454,17459],"class_list":["post-31090","post","type-post","status-publish","format-standard","has-post-thumbnail","hentry","category-uncategorized","tag-adultocb2","tag-agente-penitenciariocb2","tag-autoridadecb2","tag-barreiracb2","tag-bloqueiocb2","tag-controlecb2","tag-desbloqueiocb2","tag-etnia-caucasianacb2","tag-grades-da-prisaocb2","tag-justicacb2","tag-maoscb2","tag-prisaocb2","tag-uma-pessoacb1","tag-vista-de-baixocb1"],"_links":{"self":[{"href":"https:\/\/tvbrazilusa.com\/pt\/wp-json\/wp\/v2\/posts\/31090","targetHints":{"allow":["GET"]}}],"collection":[{"href":"https:\/\/tvbrazilusa.com\/pt\/wp-json\/wp\/v2\/posts"}],"about":[{"href":"https:\/\/tvbrazilusa.com\/pt\/wp-json\/wp\/v2\/types\/post"}],"author":[{"embeddable":true,"href":"https:\/\/tvbrazilusa.com\/pt\/wp-json\/wp\/v2\/users\/1"}],"replies":[{"embeddable":true,"href":"https:\/\/tvbrazilusa.com\/pt\/wp-json\/wp\/v2\/comments?post=31090"}],"version-history":[{"count":1,"href":"https:\/\/tvbrazilusa.com\/pt\/wp-json\/wp\/v2\/posts\/31090\/revisions"}],"predecessor-version":[{"id":31092,"href":"https:\/\/tvbrazilusa.com\/pt\/wp-json\/wp\/v2\/posts\/31090\/revisions\/31092"}],"wp:featuredmedia":[{"embeddable":true,"href":"https:\/\/tvbrazilusa.com\/pt\/wp-json\/wp\/v2\/media\/31091"}],"wp:attachment":[{"href":"https:\/\/tvbrazilusa.com\/pt\/wp-json\/wp\/v2\/media?parent=31090"}],"wp:term":[{"taxonomy":"category","embeddable":true,"href":"https:\/\/tvbrazilusa.com\/pt\/wp-json\/wp\/v2\/categories?post=31090"},{"taxonomy":"post_tag","embeddable":true,"href":"https:\/\/tvbrazilusa.com\/pt\/wp-json\/wp\/v2\/tags?post=31090"}],"curies":[{"name":"wp","href":"https:\/\/api.w.org\/{rel}","templated":true}]}}