{"id":31113,"date":"2024-09-03T14:39:22","date_gmt":"2024-09-03T14:39:22","guid":{"rendered":"https:\/\/tvbrazilusa.com\/2024\/09\/03\/scheila-carvalho-desabafa-apos-reverter-procedimento-estetico-e-fala-sobre-resultado-chocada\/"},"modified":"2024-09-03T15:15:56","modified_gmt":"2024-09-03T15:15:56","slug":"scheila-carvalho-desabafa-apos-reverter-procedimento-estetico-e-fala-sobre-resultado-chocada","status":"publish","type":"post","link":"https:\/\/tvbrazilusa.com\/pt\/2024\/09\/03\/scheila-carvalho-desabafa-apos-reverter-procedimento-estetico-e-fala-sobre-resultado-chocada\/","title":{"rendered":"Scheila Carvalho desabafa ap\u00f3s reverter procedimento est\u00e9tico e fala sobre resultado: \u201cChocada\u201d"},"content":{"rendered":"<p> <script async src=\"https:\/\/pagead2.googlesyndication.com\/pagead\/js\/adsbygoogle.js?client=ca-pub-8864793242727901\"\r\n     crossorigin=\"anonymous\"><\/script><br \/>\n<\/p>\n<div>\n<p>Scheila Carvalho, a ex-dan\u00e7arina do grupo \u00c9 o Tchan, tomou a decis\u00e3o de reverter um procedimento est\u00e9tico que vinha afetando sua autoestima. Carvalho removeu o \u00e1cido hialur\u00f4nico que havia aplicado no rosto h\u00e1 algum tempo. Em um desabafo sincero, a artista compartilhou sua satisfa\u00e7\u00e3o com o resultado ap\u00f3s duas sess\u00f5es de remo\u00e7\u00e3o.<\/p>\n<p>\u201cOlha s\u00f3 como meu olhar abriu! Recuperar a naturalidade do meu olhar e do meu sorriso foi a melhor sensa\u00e7\u00e3o\u201d, declarou Scheila, visivelmente emocionada. \u201cEstou chocada\u201d, completou ela, enfatizando seu contentamento com a mudan\u00e7a.<\/p>\n<h2 class=\"wp-block-heading\">Por que Scheila Carvalho Removeu o \u00c1cido Hialur\u00f4nico?<\/h2>\n<p>Mas, afinal, o que levou Scheila Carvalho a tomar essa decis\u00e3o? De acordo com a pr\u00f3pria ex-dan\u00e7arina, o excesso de \u00e1cido hialur\u00f4nico resultou em uma apar\u00eancia que n\u00e3o a agradava. Um olhar pesado e uma sensa\u00e7\u00e3o de desconforto a motivaram a buscar uma solu\u00e7\u00e3o.<\/p>\n<p>O procedimento de remo\u00e7\u00e3o foi realizado pelo dermatologista Diego Corr\u00eaa. \u201cQuando a gente removeu esse excesso de \u00e1cido hialur\u00f4nico, a gente deu espa\u00e7o para a musculatura agir. Ela tinha uma sensa\u00e7\u00e3o de peso. Ao diminuir essa estrutura, a gente deu uma abertura no olhar, porque o produto estava muito posicionado na musculatura\u201d, explicou o especialista.<\/p>\n<blockquote class=\"instagram-media\" data-instgrm-captioned=\"\" data-instgrm-permalink=\"https:\/\/www.instagram.com\/reel\/C_YVuTQu7wF\/?utm_source=ig_embed&#038;utm_campaign=loading\" data-instgrm-version=\"14\" style=\" background:#FFF; border:0; border-radius:3px; box-shadow:0 0 1px 0 rgba(0,0,0,0.5),0 1px 10px 0 rgba(0,0,0,0.15); margin: 1px; max-width:540px; min-width:326px; padding:0; width:99.375%; width:-webkit-calc(100% - 2px); width:calc(100% - 2px);\"\/>\n<h2 class=\"wp-block-heading\">O Que \u00e9 o \u00c1cido Hialur\u00f4nico?<\/h2>\n<p>O \u00e1cido hialur\u00f4nico \u00e9 uma subst\u00e2ncia naturalmente presente no corpo humano e possui propriedades hidratantes e estimulantes de col\u00e1geno. No entanto, ap\u00f3s os 25 anos de idade, a produ\u00e7\u00e3o dessa subst\u00e2ncia diminui consideravelmente. Por isso, muitas pessoas optam por procedimentos est\u00e9ticos para repor o \u00e1cido, seja por meio de aplica\u00e7\u00f5es t\u00f3picas ou injet\u00e1veis.<\/p>\n<p>Al\u00e9m de hidrata\u00e7\u00e3o, o \u00e1cido hialur\u00f4nico tamb\u00e9m melhora a elasticidade da pele. No entanto, seu uso deve ser controlado e realizado por profissionais competentes para evitar problemas, como os que Scheila Carvalho enfrentou.<\/p>\n<p>Voc\u00ea sabe como \u00e9 feito o processo de remo\u00e7\u00e3o de \u00e1cido hialur\u00f4nico? A remo\u00e7\u00e3o \u00e9 um procedimento que deve ser realizado por um dermatologista qualificado. O objetivo \u00e9 diminuir a quantidade da subst\u00e2ncia na regi\u00e3o tratada, devolvendo a naturalidade \u00e0 express\u00e3o facial.<\/p>\n<p>O dermatologista Diego Corr\u00eaa utilizou t\u00e9cnicas espec\u00edficas para a remo\u00e7\u00e3o segura e eficaz do \u00e1cido em Scheila Carvalho. Esse processo pode envolver a aplica\u00e7\u00e3o de hialuronidase, uma enzima que degrada o \u00e1cido hialur\u00f4nico, permitindo sua absor\u00e7\u00e3o pelo corpo. Os resultados podem ser observados ap\u00f3s algumas sess\u00f5es, dependendo da quantidade de \u00e1cido aplicada inicialmente.<\/p>\n<h2 class=\"wp-block-heading\">Quais os Benef\u00edcios de Remover o \u00c1cido Hialur\u00f4nico?<\/h2>\n<p>A remo\u00e7\u00e3o do \u00e1cido hialur\u00f4nico pode trazer diversos benef\u00edcios, especialmente para aqueles que sentem desconforto com o resultado do procedimento est\u00e9tico. Entre os benef\u00edcios, podemos destacar:<\/p>\n<ul class=\"wp-block-list\">\n<li>Recupera\u00e7\u00e3o da naturalidade facial<\/li>\n<li>Redu\u00e7\u00e3o da sensa\u00e7\u00e3o de peso nas \u00e1reas tratadas<\/li>\n<li>Melhora na autoestima e confian\u00e7a<\/li>\n<li>Reposicionamento da musculatura facial<\/li>\n<\/ul>\n<p>Para Scheila Carvalho, o retorno \u00e0 sua apar\u00eancia natural foi uma experi\u00eancia libertadora. A artista tamb\u00e9m alertou sobre a import\u00e2ncia de pesquisar e consultar profissionais qualificados antes de realizar qualquer procedimento est\u00e9tico.<\/p>\n<\/p><\/div>\n<p><script async src=\"\/\/www.instagram.com\/embed.js\"><\/script><br \/>\n<br \/><br \/>\n<br \/><a href=\"https:\/\/terrabrasilnoticias.com\/2024\/09\/scheila-carvalho-desabafa-apos-reverter-procedimento-estetico-e-fala-sobre-resultado-chocada\/\">Source link <\/a><\/p>","protected":false},"excerpt":{"rendered":"<p>Scheila Carvalho, a ex-dan\u00e7arina do grupo \u00c9 o Tchan, tomou a decis\u00e3o de reverter um procedimento est\u00e9tico que vinha afetando sua autoestima. Carvalho removeu o \u00e1cido hialur\u00f4nico que havia aplicado&hellip;<\/p>","protected":false},"author":1,"featured_media":31114,"comment_status":"closed","ping_status":"open","sticky":false,"template":"","format":"standard","meta":{"content-type":"","footnotes":""},"categories":[16],"tags":[],"class_list":["post-31113","post","type-post","status-publish","format-standard","has-post-thumbnail","hentry","category-noticias"],"_links":{"self":[{"href":"https:\/\/tvbrazilusa.com\/pt\/wp-json\/wp\/v2\/posts\/31113","targetHints":{"allow":["GET"]}}],"collection":[{"href":"https:\/\/tvbrazilusa.com\/pt\/wp-json\/wp\/v2\/posts"}],"about":[{"href":"https:\/\/tvbrazilusa.com\/pt\/wp-json\/wp\/v2\/types\/post"}],"author":[{"embeddable":true,"href":"https:\/\/tvbrazilusa.com\/pt\/wp-json\/wp\/v2\/users\/1"}],"replies":[{"embeddable":true,"href":"https:\/\/tvbrazilusa.com\/pt\/wp-json\/wp\/v2\/comments?post=31113"}],"version-history":[{"count":1,"href":"https:\/\/tvbrazilusa.com\/pt\/wp-json\/wp\/v2\/posts\/31113\/revisions"}],"predecessor-version":[{"id":31115,"href":"https:\/\/tvbrazilusa.com\/pt\/wp-json\/wp\/v2\/posts\/31113\/revisions\/31115"}],"wp:featuredmedia":[{"embeddable":true,"href":"https:\/\/tvbrazilusa.com\/pt\/wp-json\/wp\/v2\/media\/31114"}],"wp:attachment":[{"href":"https:\/\/tvbrazilusa.com\/pt\/wp-json\/wp\/v2\/media?parent=31113"}],"wp:term":[{"taxonomy":"category","embeddable":true,"href":"https:\/\/tvbrazilusa.com\/pt\/wp-json\/wp\/v2\/categories?post=31113"},{"taxonomy":"post_tag","embeddable":true,"href":"https:\/\/tvbrazilusa.com\/pt\/wp-json\/wp\/v2\/tags?post=31113"}],"curies":[{"name":"wp","href":"https:\/\/api.w.org\/{rel}","templated":true}]}}