{"id":31166,"date":"2024-09-03T16:27:21","date_gmt":"2024-09-03T16:27:21","guid":{"rendered":"https:\/\/tvbrazilusa.com\/2024\/09\/03\/artigo-kamala-harris-tim-walz-e-barack-obama-apoiam-censura-estilo-brasil-paulo-figueiredo\/"},"modified":"2024-09-03T16:44:15","modified_gmt":"2024-09-03T16:44:15","slug":"artigo-kamala-harris-tim-walz-e-barack-obama-apoiam-censura-estilo-brasil-paulo-figueiredo","status":"publish","type":"post","link":"https:\/\/tvbrazilusa.com\/pt\/2024\/09\/03\/artigo-kamala-harris-tim-walz-e-barack-obama-apoiam-censura-estilo-brasil-paulo-figueiredo\/","title":{"rendered":"Artigo &#8211; Kamala Harris, Tim Walz e Barack Obama Apoiam Censura Estilo Brasil &#8211; Paulo Figueiredo"},"content":{"rendered":"<p> <script async src=\"https:\/\/pagead2.googlesyndication.com\/pagead\/js\/adsbygoogle.js?client=ca-pub-8864793242727901\"\r\n     crossorigin=\"anonymous\"><\/script><br \/>\n<\/p>\n<div id=\"wtr-content\" data-bg=\"#FFFFFF\" data-fg=\"#006d91\" data-width=\"25\" data-mute=\"1\" data-fgopacity=\"1.00\" data-mutedopacity=\"0.5\" data-placement=\"bottom\" data-placement-offset=\"0\" data-content-offset=\"262\" data-placement-touch=\"bottom\" data-placement-offset-touch=\"0\" data-transparent=\"\" data-shadow=\"0\" data-touch=\"1\" data-non-touch=\"1\" data-comments=\"0\" data-commentsbg=\"transparent\" data-location=\"page\" data-mutedfg=\"#006d91\" data-endfg=\"#006d91\" data-rtl=\"\">\n<p class=\"has-medium-font-size\"><strong>Por Michael Shellenberger<\/strong><\/p>\n<p>As pessoas pensam que a censura no estilo do Brasil n\u00e3o poderia acontecer aqui, mas poderia. Na verdade, Kamala Harris, Tim Walz e Barack Obama j\u00e1 defenderam uma censura governamental severa, semelhante \u00e0 do Brasil e da Europa, incluindo o banimento de indiv\u00edduos desfavorecidos em v\u00e1rias plataformas.<\/p>\n<\/div>\n<p><br \/>\n<br \/><a href=\"https:\/\/paulofigueiredoshow.com\/artigo-kamala-harris-tim-walz-e-barack-obama-apoiam-censura-estilo-brasil\/\">Source link <\/a><\/p>","protected":false},"excerpt":{"rendered":"<p>Por Michael Shellenberger As pessoas pensam que a censura no estilo do Brasil n\u00e3o poderia acontecer aqui, mas poderia. Na verdade, Kamala Harris, Tim Walz e Barack Obama j\u00e1 defenderam&hellip;<\/p>","protected":false},"author":1,"featured_media":31167,"comment_status":"closed","ping_status":"open","sticky":false,"template":"","format":"standard","meta":{"content-type":"","footnotes":""},"categories":[16],"tags":[495,1534,592,1535,425,2220,11003,871,8344],"class_list":["post-31166","post","type-post","status-publish","format-standard","has-post-thumbnail","hentry","category-noticias","tag-censura","tag-democratas","tag-eua","tag-kamala","tag-moraes","tag-obama","tag-perfis","tag-stf","tag-tim-walz"],"_links":{"self":[{"href":"https:\/\/tvbrazilusa.com\/pt\/wp-json\/wp\/v2\/posts\/31166","targetHints":{"allow":["GET"]}}],"collection":[{"href":"https:\/\/tvbrazilusa.com\/pt\/wp-json\/wp\/v2\/posts"}],"about":[{"href":"https:\/\/tvbrazilusa.com\/pt\/wp-json\/wp\/v2\/types\/post"}],"author":[{"embeddable":true,"href":"https:\/\/tvbrazilusa.com\/pt\/wp-json\/wp\/v2\/users\/1"}],"replies":[{"embeddable":true,"href":"https:\/\/tvbrazilusa.com\/pt\/wp-json\/wp\/v2\/comments?post=31166"}],"version-history":[{"count":1,"href":"https:\/\/tvbrazilusa.com\/pt\/wp-json\/wp\/v2\/posts\/31166\/revisions"}],"predecessor-version":[{"id":31168,"href":"https:\/\/tvbrazilusa.com\/pt\/wp-json\/wp\/v2\/posts\/31166\/revisions\/31168"}],"wp:featuredmedia":[{"embeddable":true,"href":"https:\/\/tvbrazilusa.com\/pt\/wp-json\/wp\/v2\/media\/31167"}],"wp:attachment":[{"href":"https:\/\/tvbrazilusa.com\/pt\/wp-json\/wp\/v2\/media?parent=31166"}],"wp:term":[{"taxonomy":"category","embeddable":true,"href":"https:\/\/tvbrazilusa.com\/pt\/wp-json\/wp\/v2\/categories?post=31166"},{"taxonomy":"post_tag","embeddable":true,"href":"https:\/\/tvbrazilusa.com\/pt\/wp-json\/wp\/v2\/tags?post=31166"}],"curies":[{"name":"wp","href":"https:\/\/api.w.org\/{rel}","templated":true}]}}