{"id":31211,"date":"2024-09-03T17:49:24","date_gmt":"2024-09-03T17:49:24","guid":{"rendered":"https:\/\/tvbrazilusa.com\/2024\/09\/03\/por-decreto-nicolas-maduro-antecipa-natal-na-venezuela-para-1o-de-outubro-paulo-figueiredo\/"},"modified":"2024-09-03T18:02:51","modified_gmt":"2024-09-03T18:02:51","slug":"por-decreto-nicolas-maduro-antecipa-natal-na-venezuela-para-1o-de-outubro-paulo-figueiredo","status":"publish","type":"post","link":"https:\/\/tvbrazilusa.com\/pt\/2024\/09\/03\/por-decreto-nicolas-maduro-antecipa-natal-na-venezuela-para-1o-de-outubro-paulo-figueiredo\/","title":{"rendered":"Por decreto, Nicol\u00e1s Maduro \u201cantecipa\u201d Natal na Venezuela para 1\u00ba de Outubro &#8211; Paulo Figueiredo"},"content":{"rendered":"<p> <script async src=\"https:\/\/pagead2.googlesyndication.com\/pagead\/js\/adsbygoogle.js?client=ca-pub-8864793242727901\"\r\n     crossorigin=\"anonymous\"><\/script><br \/>\n<\/p>\n<div id=\"wtr-content\" data-bg=\"#FFFFFF\" data-fg=\"#006d91\" data-width=\"25\" data-mute=\"1\" data-fgopacity=\"1.00\" data-mutedopacity=\"0.5\" data-placement=\"bottom\" data-placement-offset=\"0\" data-content-offset=\"262\" data-placement-touch=\"bottom\" data-placement-offset-touch=\"0\" data-transparent=\"\" data-shadow=\"0\" data-touch=\"1\" data-non-touch=\"1\" data-comments=\"0\" data-commentsbg=\"transparent\" data-location=\"page\" data-mutedfg=\"#006d91\" data-endfg=\"#006d91\" data-rtl=\"\">\n<h3 class=\"wp-block-heading\">O ditador da Venezuela Nicol\u00e1s Maduro decretou que as festividades natalinas na Venezuela ser\u00e3o antecipadas para o dia 1\u00ba de outubro.<\/h3>\n<p>Tradicionalmente comemorado em 25 de dezembro, o Natal ser\u00e1 celebrado com dois meses de anteced\u00eancia neste ano. A declara\u00e7\u00e3o foi feita durante a exibi\u00e7\u00e3o de um programa estatal de audit\u00f3rio que Maduro apresenta semanalmente.<\/p>\n<p>\u201c\u00c9 setembro e j\u00e1 cheira a Natal e \u00e9 por isso que este ano, em homenagem ao povo combativo, em gratid\u00e3o a voc\u00eas, vou decretar o Natal para 1\u00ba de outubro.\u00a0\u201c, declarou o chavista \u00e0 plateia.<\/p>\n<p>Ele ainda prometeu que o Natal come\u00e7ar\u00e1 em outubro, trazendo \u201cpaz, alegria e seguran\u00e7a\u201d para todos.<\/p>\n<p>Essa decis\u00e3o ocorre em um contexto de crescente tens\u00e3o pol\u00edtica no pa\u00eds, ap\u00f3s as elei\u00e7\u00f5es presidenciais de 28 de julho.\u00a0<\/p>\n<p>A suposta reelei\u00e7\u00e3o de Maduro \u00e9 alvo de contesta\u00e7\u00e3o da oposi\u00e7\u00e3o e da comunidade internacional, que questionam a legitimidade do processo eleitoral.<\/p>\n<p>Simultaneamente, a Procuradoria venezuelana, alinhada ao regime, pediu a pris\u00e3o do candidato opositor Edmundo Gonz\u00e1lez, que reivindica a vit\u00f3ria nas elei\u00e7\u00f5es e exige a divulga\u00e7\u00e3o dos resultados oficiais. A solicita\u00e7\u00e3o foi atendida pela Justi\u00e7a, que faz parte do aparato governamental de Maduro.<\/p>\n<p>Este n\u00e3o \u00e9 o primeiro caso em que Maduro decide adiantar o Natal na Venezuela. Em 2020, ele antecipou as celebra\u00e7\u00f5es para 15 de outubro com a justificativa da pandemia de COVID-19.<\/p>\n<p>Em 2013, ap\u00f3s a morte de Hugo Ch\u00e1vez e a vit\u00f3ria contestada de Maduro na elei\u00e7\u00e3o, as festividades foram antecipadas para 1\u00ba de novembro, com o objetivo, segundo o regime, de promover \u201cfelicidade e paz\u201d.<\/p>\n<h3 class=\"wp-block-heading\"><strong>Mandado de pris\u00e3o contra Gonz\u00e1lez<\/strong><\/h3>\n<p>Na mesma data do an\u00fancio da \u201cmudan\u00e7a de data do Natal\u201d, a Justi\u00e7a venezuelana emitiu um mandado de pris\u00e3o contra Edmundo Gonz\u00e1lez. O opositor \u00e9 acusado pelo regime de uma s\u00e9rie de crimes, incluindo usurpa\u00e7\u00e3o de fun\u00e7\u00f5es e falsifica\u00e7\u00e3o de documentos.\u00a0<\/p>\n<p>O pedido de pris\u00e3o foi feito ap\u00f3s Gonz\u00e1lez n\u00e3o comparecer a tr\u00eas convoca\u00e7\u00f5es para depoimento.<\/p>\n<p>A l\u00edder da oposi\u00e7\u00e3o, Mar\u00eda Corina Machado, criticou duramente o mandado de pris\u00e3o, chamando-o de uma tentativa do regime de Maduro de intimidar e fortalecer a determina\u00e7\u00e3o do movimento democr\u00e1tico.<\/p>\n<p>\u201cMaduro est\u00e1 completamente desconectado da realidade. O mandado de pris\u00e3o para amea\u00e7ar o presidente eleito Edmundo Gonz\u00e1lez apenas refor\u00e7a a determina\u00e7\u00e3o do nosso movimento. A luta pela liberdade est\u00e1 mais forte do que nunca, unindo os venezuelanos e as democracias ao redor do mundo\u201d, disse Machado.<\/p>\n<p><strong><a href=\"https:\/\/www.epochtimes.com.br\/mundo\/por-decreto-nicolas-maduro-antecipa-natal-na-venezuela-para-1o-de-outubro-202987.html\">Source link<\/a><\/strong><\/p>\n<\/div>\n<p><br \/>\n<br \/><a href=\"https:\/\/paulofigueiredoshow.com\/por-decreto-nicolas-maduro-antecipa-natal-na-venezuela-para-1o-de-outubro\/\">Source link <\/a><\/p>","protected":false},"excerpt":{"rendered":"<p>O ditador da Venezuela Nicol\u00e1s Maduro decretou que as festividades natalinas na Venezuela ser\u00e3o antecipadas para o dia 1\u00ba de outubro. Tradicionalmente comemorado em 25 de dezembro, o Natal ser\u00e1&hellip;<\/p>","protected":false},"author":1,"featured_media":12459,"comment_status":"closed","ping_status":"open","sticky":false,"template":"","format":"standard","meta":{"content-type":"","footnotes":""},"categories":[16],"tags":[237,1100,1590,2302],"class_list":["post-31211","post","type-post","status-publish","format-standard","has-post-thumbnail","hentry","category-noticias","tag-antecipa","tag-ditador","tag-maduro","tag-natal"],"_links":{"self":[{"href":"https:\/\/tvbrazilusa.com\/pt\/wp-json\/wp\/v2\/posts\/31211","targetHints":{"allow":["GET"]}}],"collection":[{"href":"https:\/\/tvbrazilusa.com\/pt\/wp-json\/wp\/v2\/posts"}],"about":[{"href":"https:\/\/tvbrazilusa.com\/pt\/wp-json\/wp\/v2\/types\/post"}],"author":[{"embeddable":true,"href":"https:\/\/tvbrazilusa.com\/pt\/wp-json\/wp\/v2\/users\/1"}],"replies":[{"embeddable":true,"href":"https:\/\/tvbrazilusa.com\/pt\/wp-json\/wp\/v2\/comments?post=31211"}],"version-history":[{"count":1,"href":"https:\/\/tvbrazilusa.com\/pt\/wp-json\/wp\/v2\/posts\/31211\/revisions"}],"predecessor-version":[{"id":31212,"href":"https:\/\/tvbrazilusa.com\/pt\/wp-json\/wp\/v2\/posts\/31211\/revisions\/31212"}],"wp:featuredmedia":[{"embeddable":true,"href":"https:\/\/tvbrazilusa.com\/pt\/wp-json\/wp\/v2\/media\/12459"}],"wp:attachment":[{"href":"https:\/\/tvbrazilusa.com\/pt\/wp-json\/wp\/v2\/media?parent=31211"}],"wp:term":[{"taxonomy":"category","embeddable":true,"href":"https:\/\/tvbrazilusa.com\/pt\/wp-json\/wp\/v2\/categories?post=31211"},{"taxonomy":"post_tag","embeddable":true,"href":"https:\/\/tvbrazilusa.com\/pt\/wp-json\/wp\/v2\/tags?post=31211"}],"curies":[{"name":"wp","href":"https:\/\/api.w.org\/{rel}","templated":true}]}}