{"id":3122,"date":"2023-10-28T14:33:54","date_gmt":"2023-10-28T14:33:54","guid":{"rendered":"https:\/\/tvbrazilusa.com\/2023\/10\/28\/analise-politica-por-que-lula-sabota-a-economia-brasileira\/"},"modified":"2023-10-28T14:33:54","modified_gmt":"2023-10-28T14:33:54","slug":"analise-politica-por-que-lula-sabota-a-economia-brasileira","status":"publish","type":"post","link":"https:\/\/tvbrazilusa.com\/pt\/2023\/10\/28\/analise-politica-por-que-lula-sabota-a-economia-brasileira\/","title":{"rendered":"An\u00e1lise pol\u00edtica: por que Lula sabota a economia brasileira"},"content":{"rendered":"<p><iframe  width=\"580\" height=\"385\" src=\"https:\/\/www.youtube.com\/embed\/-XiMzUlTsEw?modestbranding=1\" frameborder=\"0\" allowfullscreen><\/iframe><br \/>\n<br \/>A Folha afirma em editorial que Lula sabota o pa\u00eds, ao anunciar que o governo deixar\u00e1 de cumprir a meta fiscal, uma postura &#8220;incompreens\u00edvel&#8221;, segundo o jornal.<\/p>\n<p>Em primeiro lugar, \u00e9 preciso lembrar do papel da Folha, e de praticamente toda a &#8220;imprensa&#8221;, que se transformou em mero aparelho de esquerda, cujo \u00fanico prop\u00f3sito \u00e9 militar pela agenda socialista, ao mesmo tempo que promove a censura e a persegui\u00e7\u00e3o aos n\u00e3o alinhados.<\/p>\n<p>Fazem isso por ideologia, j\u00e1 que os jornalistas s\u00e3o formados em universidades dominadas pela esquerda h\u00e1 d\u00e9cadas, e por incentivos econ\u00f4micos, pois recebem gordas verbas publicit\u00e1rias dos governos esquerdistas, enquanto passaram fome durante o governo Bolsonaro.<\/p>\n<p>Por conta disso, a milit\u00e2ncia de reda\u00e7\u00e3o de Globo, Folha, Estad\u00e3o e afins atacaram sistematicamente o governo anterior, e chancelaram a opera\u00e7\u00e3o de retirada de Lula da cadeia, al\u00e7ando o descondenado pelo maior esc\u00e2ndalo de corrup\u00e7\u00e3o da hist\u00f3ria \u00e0 presid\u00eancia, sob o absurdo argumento de &#8220;defesa da democracia&#8221;.<\/p>\n<p>Ora, o grande promotor de ditaduras pela Am\u00e9rica Latina \u00e9 o pr\u00f3prio Lula. Em parceria com o carniceiro Fidel Castro, ele fundou o Foro de S\u00e3o Paulo, cujo objetivo manifesto \u00e9 recriar no continente &#8220;o que foi perdido no Leste Europeu&#8221;, ou seja, ditaduras socialistas.<\/p>\n<p>Cuba \u00e9 o modelo, exportado com sucesso para pa\u00edses como Venezuela e Nicar\u00e1gua, e parcialmente implementado em outros pa\u00edses, como Bol\u00edvia e Argentina.<\/p>\n<p>N\u00e3o fosse o suporte diplom\u00e1tico, pol\u00edtico e econ\u00f4mico do Brasil, durante os governos petistas, n\u00e3o haveria o desastre venezuelano, que produziu a maior crise imigrat\u00f3ria da hist\u00f3ria da Am\u00e9rica Latina, com 7 milh\u00f5es de pessoas deixando o pa\u00eds (de uma popula\u00e7\u00e3o total de 30 milh\u00f5es). J\u00e1 os que ficaram, enfrentam o inferno, menos os integrantes do partido e seus parceiros, enriquecidos al\u00e9m da imagina\u00e7\u00e3o.<\/p>\n<p>Essa \u00e9 a deixa para ajudar a Folha a entender a postura do descondenado Lula. O objetivo de qualquer socialista n\u00e3o \u00e9 promover o bem do povo, ou mesmo de redistribuir a riqueza entre os pobres. Infelizmente, muitos militantes de reda\u00e7\u00e3o acreditam nessa fal\u00e1cia, al\u00e9m de outros idiotas \u00fateis na esquerda.<\/p>\n<p>O objetivo do movimento socialista \u00e9 EMPOBRECER a popula\u00e7\u00e3o, para facilitar o controle pol\u00edtico absoluto. \u00c9 muito mais f\u00e1cil se eternizar no poder quando a popula\u00e7\u00e3o \u00e9 dependente do estado. \u00c9 exatamente por isso que a esquerda domina o Nordeste, por exemplo.<\/p>\n<p>S\u00f3 que esse movimento de empobrecer completamente a popula\u00e7\u00e3o n\u00e3o \u00e9 f\u00e1cil de ser promovido, especialmente num pa\u00eds de dimens\u00f5es continentais, como o Brasil. Na Argentina, em que o processo est\u00e1 bem avan\u00e7ado, surgiu Javier Milei como resposta, arriscando colocar \u00e1gua no chopp peronista.<\/p>\n<p>A \u00faltima tentativa do PT nesse sentido foi recha\u00e7ada pelo povo, resultando na queda da Dilma, e na pris\u00e3o &#8220;do chefe do esquema&#8221;, segundo o Minist\u00e9rio P\u00fablico. Com ajuda determinante da milit\u00e2ncia de reda\u00e7\u00e3o, a opera\u00e7\u00e3o Lava-Jato foi desfeita, e o descondenado est\u00e1 &#8220;de volta \u00e0 cena do crime&#8221;, junto com Alckmin, que cunhou a frase durante a campanha em que fazia de conta que era oposi\u00e7\u00e3o, no famigerado Teatro das Tesouras que envolveu a cena pol\u00edtica brasileira desde a redemocratiza\u00e7\u00e3o.<\/p>\n<p>Seguro de que NUNCA mais acontecer\u00e1 nada parecido com a Lava-Jato, Lula acredita que o pa\u00eds est\u00e1 pronto para que o projeto socialista avance. Logo, ele acha que conseguir\u00e1 destruir parcialmente a economia brasileira para eternizar seu grupo no poder. Esse sempre foi o projeto de longo prazo, apesar de eventual aceita\u00e7\u00e3o estrat\u00e9gia das regras de mercado, pelas circunst\u00e2ncias favor\u00e1veis.<\/p>\n<p>Para fazer avan\u00e7ar o processo, o PT apresenta o jogo dial\u00e9tico, a especialidade da esquerda. Enquanto o companheiro Haddad faz o jogo de &#8220;amigo do mercado&#8221;, fazendo de conta que busca a responsabilidade fiscal, Lula joga para a galera, dinamitando as contas do governo, sob a desculpa de &#8220;ajudar os pobres&#8221;, contra &#8220;a gan\u00e2ncia do mercado&#8221;.<\/p>\n<p>Assim, vai se criando uma din\u00e2mica em que Lula empurra o pa\u00eds para o desastre planejado, enquanto o companheiro Haddad promove os dois passos para tr\u00e1s, quando h\u00e1 exageros, evitando que a corda arrebente e seja produzido um novo desfecho Dilma.<\/p>\n<p>A coisa s\u00f3 n\u00e3o avan\u00e7a t\u00e3o r\u00e1pido porque o Centr\u00e3o, que faz o contra-peso \u00e0 busca da hegemonia pol\u00edtica petista, n\u00e3o embarcou no projeto. N\u00e3o por falta de interesse numa ditadura chavista \u00e0 la brasileira, mas porque n\u00e3o confia que o PT iria de fato dividir o poder num arranjo desses.<\/p>\n<p>O Centr\u00e3o, diferentemente do PT, enxerga um certo n\u00edvel de liberdade econ\u00f4mica como a galinha dos ovos de ouro para alimentar os cofres p\u00fablicos, mantendo de p\u00e9 os milhares esquemas de corrup\u00e7\u00e3o que opera, evitando assim uma revolta das massas, como ocorreu durante o desastre econ\u00f4mico de Dilma, que colocou todo o sistema corrompido sob risco de morte.<\/p>\n<p>Siga o resto da mat\u00e9ria no v\u00eddeo&#8230;<br \/>\n<br \/><a href=\"https:\/\/www.youtube.com\/watch?v=-XiMzUlTsEw\">source<\/a><\/p>","protected":false},"excerpt":{"rendered":"<p>A Folha afirma em editorial que Lula sabota o pa\u00eds, ao anunciar que o governo deixar\u00e1 de cumprir a meta fiscal, uma postura &#8220;incompreens\u00edvel&#8221;, segundo o jornal. Em primeiro lugar,&hellip;<\/p>","protected":false},"author":1,"featured_media":3123,"comment_status":"","ping_status":"open","sticky":false,"template":"","format":"standard","meta":{"content-type":"","footnotes":""},"categories":[1],"tags":[],"class_list":["post-3122","post","type-post","status-publish","format-standard","has-post-thumbnail","hentry","category-uncategorized"],"_links":{"self":[{"href":"https:\/\/tvbrazilusa.com\/pt\/wp-json\/wp\/v2\/posts\/3122","targetHints":{"allow":["GET"]}}],"collection":[{"href":"https:\/\/tvbrazilusa.com\/pt\/wp-json\/wp\/v2\/posts"}],"about":[{"href":"https:\/\/tvbrazilusa.com\/pt\/wp-json\/wp\/v2\/types\/post"}],"author":[{"embeddable":true,"href":"https:\/\/tvbrazilusa.com\/pt\/wp-json\/wp\/v2\/users\/1"}],"replies":[{"embeddable":true,"href":"https:\/\/tvbrazilusa.com\/pt\/wp-json\/wp\/v2\/comments?post=3122"}],"version-history":[{"count":0,"href":"https:\/\/tvbrazilusa.com\/pt\/wp-json\/wp\/v2\/posts\/3122\/revisions"}],"wp:featuredmedia":[{"embeddable":true,"href":"https:\/\/tvbrazilusa.com\/pt\/wp-json\/wp\/v2\/media\/3123"}],"wp:attachment":[{"href":"https:\/\/tvbrazilusa.com\/pt\/wp-json\/wp\/v2\/media?parent=3122"}],"wp:term":[{"taxonomy":"category","embeddable":true,"href":"https:\/\/tvbrazilusa.com\/pt\/wp-json\/wp\/v2\/categories?post=3122"},{"taxonomy":"post_tag","embeddable":true,"href":"https:\/\/tvbrazilusa.com\/pt\/wp-json\/wp\/v2\/tags?post=3122"}],"curies":[{"name":"wp","href":"https:\/\/api.w.org\/{rel}","templated":true}]}}