{"id":31231,"date":"2024-09-03T18:12:30","date_gmt":"2024-09-03T18:12:30","guid":{"rendered":"https:\/\/tvbrazilusa.com\/2024\/09\/03\/meteorologistas-rebaixam-previsoes-da-temporada-de-furacoes-de-2024\/"},"modified":"2024-09-03T18:54:44","modified_gmt":"2024-09-03T18:54:44","slug":"meteorologistas-rebaixam-previsoes-da-temporada-de-furacoes-de-2024","status":"publish","type":"post","link":"https:\/\/tvbrazilusa.com\/pt\/2024\/09\/03\/meteorologistas-rebaixam-previsoes-da-temporada-de-furacoes-de-2024\/","title":{"rendered":"Meteorologistas rebaixam previs\u00f5es da temporada de furac\u00f5es de 2024"},"content":{"rendered":"<p> <script async src=\"https:\/\/pagead2.googlesyndication.com\/pagead\/js\/adsbygoogle.js?client=ca-pub-8864793242727901\"\r\n     crossorigin=\"anonymous\"><\/script><br \/>\n<\/p>\n<div>\n<p>FL\u00d3RIDA \u2014 A calmaria na temporada de furac\u00f5es no Atl\u00e2ntico de 2024 deve continuar, j\u00e1 que os meteorologistas da AccuWeather reduziram a previs\u00e3o para o n\u00famero de tempestades, furac\u00f5es e grandes furac\u00f5es neste ano. <\/p>\n<\/div>\n<div>\n<p>Houve atividade tropical limitada na bacia do Atl\u00e2ntico durante um \u201cagosto incomum\u201d, <a href=\"https:\/\/www.accuweather.com\/?partner=web_patch_adc\" target=\"_blank\" rel=\"nofollow noopener\">Previs\u00e3o do tempo<\/a> disse em um comunicado \u00e0 imprensa. <\/p>\n<p>Foi tamb\u00e9m o primeiro fim de semana do Dia do Trabalho sem uma tempestade nomeada em d\u00e9cadas. A \u00faltima vez que n\u00e3o houve uma tempestade tropical na bacia do Atl\u00e2ntico entre 21 de agosto e 2 de setembro foi em 1997. <\/p>\n<\/div>\n<div>\n<p>Atualmente, h\u00e1 de 16 a 20 tempestades nomeadas, de seis a 10 furac\u00f5es e de tr\u00eas a seis grandes furac\u00f5es previstos para esta temporada, al\u00e9m de quatro a seis impactos diretos nos Estados Unidos, disse a empresa.<\/p>\n<p>Entre 17 e 24 tempestades com ventos de 39 mph ou mais s\u00e3o previstas durante o que se espera ser uma temporada de furac\u00f5es no Atl\u00e2ntico \u201caltamente ativa\u201d. <a href=\"https:\/\/www.nhc.noaa.gov\/\" target=\"_blank\" rel=\"nofollow noopener\">Administra\u00e7\u00e3o Oce\u00e2nica e Atmosf\u00e9rica Nacional<\/a> disse em sua atualiza\u00e7\u00e3o de previs\u00e3o de furac\u00f5es de meio de temporada em 7 de agosto.<\/p>\n<\/div>\n<div>\n<p>A redu\u00e7\u00e3o nas tempestades previstas ocorre no momento em que tr\u00eas ondas tropicais est\u00e3o sendo observadas para poss\u00edvel desenvolvimento \u2014 uma no Mar do Caribe e duas no Atl\u00e2ntico, de acordo com <a href=\"https:\/\/www.nhc.noaa.gov\/\" target=\"_blank\" rel=\"nofollow noopener\">o Centro Nacional de Furac\u00f5es<\/a>.<\/p>\n<figure><figcaption>Espera-se que uma calmaria na temporada de furac\u00f5es do Atl\u00e2ntico de 2024 continue, j\u00e1 que os meteorologistas da AccuWeather reduziram a previs\u00e3o para o n\u00famero de tempestades nomeadas, furac\u00f5es e grandes furac\u00f5es neste ano. Cortesia do National Hurricane Center<\/figcaption><\/figure>\n<p>At\u00e9 agora, houve cinco tempestades nomeadas nesta temporada, que atinge o pico em 10 de setembro. A temporada termina em 30 de novembro, embora os meteorologistas digam que as amea\u00e7as tropicais podem se estender at\u00e9 dezembro devido \u00e0s altas temperaturas da \u00e1gua.<\/p>\n<\/div>\n<div>\n<p>A quantidade de ar seco e poeira do Saara no Atl\u00e2ntico no m\u00eas passado, bem como a progress\u00e3o mais lenta do que o esperado para um padr\u00e3o La Ni\u00f1a, causaram mais cisalhamento do vento na primeira metade da temporada, retardando a forma\u00e7\u00e3o de tempestades, disse Alex DaSilva, especialista l\u00edder em furac\u00f5es. <\/p>\n<p>Os meteorologistas tamb\u00e9m est\u00e3o monitorando um grande bols\u00e3o de \u00e1gua fria na costa oeste da \u00c1frica, que \u201cest\u00e1 interrompendo o trem de ondas tropicais\u201d, ele acrescentou. \u201c\u00c1guas extremamente quentes em grande parte da \u00e1rea da bacia do Atl\u00e2ntico, ideais para desenvolvimento tropical e r\u00e1pida intensifica\u00e7\u00e3o, mas a onda de ar seco, poeira, cisalhamento do vento e \u00e1guas frias na costa da \u00c1frica impediram que a maioria das ondas tropicais se desenvolvesse em uma tempestade tropical ou um furac\u00e3o.\u201d <\/p>\n<\/div>\n<div>\n<p>Jon Porter, meteorologista chefe, disse: \u201cSe a calmaria atual continuar at\u00e9 setembro, ser\u00e3o necess\u00e1rias redu\u00e7\u00f5es no n\u00famero previsto de tempestades nomeadas porque um per\u00edodo mais longo no centro da temporada de furac\u00f5es ter\u00e1 sido desprovido de tempestades nomeadas.\u201d<\/p>\n<p>A previs\u00e3o revisada de 16 a 20 tempestades nomeadas ainda est\u00e1 acima da m\u00e9dia hist\u00f3rica de 14 no Atl\u00e2ntico. <\/p>\n<p>Apesar da redu\u00e7\u00e3o nas tempestades previstas, \u201cj\u00e1 foi uma temporada de furac\u00f5es muito impactante e destrutiva\u201d, disse Porter, acrescentando: \u201cAvisamos que o Texas, o Panhandle da Fl\u00f3rida, o sul da Fl\u00f3rida e as Carolinas enfrentaram um risco maior do que a m\u00e9dia de impactos diretos nesta temporada. Tr\u00eas dessas quatro \u00e1reas j\u00e1 foram verificadas nesta temporada. O furac\u00e3o Beryl atingiu a costa do Texas em julho. O furac\u00e3o Debby atingiu a regi\u00e3o de Big Bend, na Fl\u00f3rida, em agosto, seguido por um segundo desembarque como uma tempestade tropical na Carolina do Sul.\u201d<\/p>\n<p>Uma estimativa preliminar do dano total causado pelo furac\u00e3o Beryl varia de US$ 28 a US$ 32 bilh\u00f5es, enquanto a perda econ\u00f4mica e os danos causados \u200b\u200bpelo furac\u00e3o Debby s\u00e3o estimados em US$ 28 bilh\u00f5es.<\/p>\n<p>V\u00e1rios recordes importantes j\u00e1 foram quebrados nesta temporada. Beryl foi o primeiro grande furac\u00e3o registrado a se formar a leste das Pequenas Antilhas em junho, o primeiro furac\u00e3o de categoria 5 a se formar e o furac\u00e3o de categoria 5 de movimento mais r\u00e1pido registrado. <\/p>\n<\/div>\n<p><br \/>\n<br \/><a href=\"http:\/\/patch.com\/florida\/sarasota\/hurricane-season-lull-continue-less-storms-expected-accuweather?utm_source=article-mostrecent&#038;utm_medium=rss&#038;utm_term=weather&#038;utm_campaign=recirc&#038;utm_content=aol\">Source link <\/a><\/p>","protected":false},"excerpt":{"rendered":"<p>FL\u00d3RIDA \u2014 A calmaria na temporada de furac\u00f5es no Atl\u00e2ntico de 2024 deve continuar, j\u00e1 que os meteorologistas da AccuWeather reduziram a previs\u00e3o para o n\u00famero de tempestades, furac\u00f5es e&hellip;<\/p>","protected":false},"author":1,"featured_media":31232,"comment_status":"closed","ping_status":"open","sticky":false,"template":"","format":"standard","meta":{"content-type":"","footnotes":""},"categories":[1],"tags":[],"class_list":["post-31231","post","type-post","status-publish","format-standard","has-post-thumbnail","hentry","category-uncategorized"],"_links":{"self":[{"href":"https:\/\/tvbrazilusa.com\/pt\/wp-json\/wp\/v2\/posts\/31231","targetHints":{"allow":["GET"]}}],"collection":[{"href":"https:\/\/tvbrazilusa.com\/pt\/wp-json\/wp\/v2\/posts"}],"about":[{"href":"https:\/\/tvbrazilusa.com\/pt\/wp-json\/wp\/v2\/types\/post"}],"author":[{"embeddable":true,"href":"https:\/\/tvbrazilusa.com\/pt\/wp-json\/wp\/v2\/users\/1"}],"replies":[{"embeddable":true,"href":"https:\/\/tvbrazilusa.com\/pt\/wp-json\/wp\/v2\/comments?post=31231"}],"version-history":[{"count":1,"href":"https:\/\/tvbrazilusa.com\/pt\/wp-json\/wp\/v2\/posts\/31231\/revisions"}],"predecessor-version":[{"id":31233,"href":"https:\/\/tvbrazilusa.com\/pt\/wp-json\/wp\/v2\/posts\/31231\/revisions\/31233"}],"wp:featuredmedia":[{"embeddable":true,"href":"https:\/\/tvbrazilusa.com\/pt\/wp-json\/wp\/v2\/media\/31232"}],"wp:attachment":[{"href":"https:\/\/tvbrazilusa.com\/pt\/wp-json\/wp\/v2\/media?parent=31231"}],"wp:term":[{"taxonomy":"category","embeddable":true,"href":"https:\/\/tvbrazilusa.com\/pt\/wp-json\/wp\/v2\/categories?post=31231"},{"taxonomy":"post_tag","embeddable":true,"href":"https:\/\/tvbrazilusa.com\/pt\/wp-json\/wp\/v2\/tags?post=31231"}],"curies":[{"name":"wp","href":"https:\/\/api.w.org\/{rel}","templated":true}]}}