{"id":31243,"date":"2024-09-03T18:58:27","date_gmt":"2024-09-03T18:58:27","guid":{"rendered":"https:\/\/tvbrazilusa.com\/2024\/09\/03\/brad-marchand-detalha-tres-cirurgias-na-offseason-futuro-com-bruins-em-meio-a-contrato-ainda\/"},"modified":"2024-09-03T19:07:10","modified_gmt":"2024-09-03T19:07:10","slug":"brad-marchand-detalha-tres-cirurgias-na-offseason-futuro-com-bruins-em-meio-a-contrato-ainda","status":"publish","type":"post","link":"https:\/\/tvbrazilusa.com\/pt\/2024\/09\/03\/brad-marchand-detalha-tres-cirurgias-na-offseason-futuro-com-bruins-em-meio-a-contrato-ainda\/","title":{"rendered":"Brad Marchand detalha tr\u00eas cirurgias na offseason, futuro com Bruins em meio a contrato ainda"},"content":{"rendered":"<p> <script async src=\"https:\/\/pagead2.googlesyndication.com\/pagead\/js\/adsbygoogle.js?client=ca-pub-8864793242727901\"\r\n     crossorigin=\"anonymous\"><\/script><br \/>\n<\/p>\n<div id=\"\">\n<header class=\"m-article-header m-article-header--standard\">\n\t\t\t\t\t\t\t\t\t\t\t\t<span id=\"article-header-primary-term\"><br \/>\n\t\t\t\t\t\t\t\t<a class=\"a-term a-term--primary\" href=\"https:\/\/www.boston.com\/tag\/boston-bruins\/\"><\/p>\n<p>\t\t\t\t\t\t\t\tBruins\t\t\t\t\t\t\t\t<\/a><br \/>\n\t\t\t\t\t\t\t<\/span><\/p>\n<h2 class=\"m-article-header__sub-headline\">&#8220;Voc\u00ea precisa restabelecer a cada ano que voc\u00ea entra que voc\u00ea ainda est\u00e1 l\u00e1 e pertence, e esses jovens n\u00e3o v\u00e3o tirar meu emprego.&#8221;<\/h2>\n<figure class=\"a-photo m-article-header__photo\"><figcaption class=\"a-photo__caption\">\n<p>\tBrad Marchand est\u00e1 entrando em sua 16\u00aa temporada com os Bruins. <em> Foto de Richard T Gagnon\/Getty Images<\/em>\t<\/figcaption><\/figure>\n<\/header>\n<p>Brad Marchand construiu uma carreira com potencial para entrar no Hall da Fama desafiando as probabilidades e patinando com uma grande parcela de culpa. <\/p>\n<p>E o capit\u00e3o dos Bruins, de 36 anos, est\u00e1 aderindo \u00e0 mesma mentalidade ao entrar em sua 16\u00aa temporada na NHL em 2024-25. <\/p>\n<p>Embora o ponta estrela tenha o &#8220;C&#8221; gravado em seu su\u00e9ter, Marchand reconheceu ap\u00f3s o primeiro treino dos capit\u00e3es de Boston na nova temporada que ele entra em cada nova temporada com a expectativa de que seu lugar na tabela de profundidade est\u00e1 longe de ser garantido. <\/p>\n<p>\u201cEu sinto que conforme voc\u00ea envelhece \u2014 eu j\u00e1 disse isso para algumas pessoas \u2014 eu sinto que voc\u00ea quase precisa se estabelecer como um cara jovem novamente\u201d, disse Marchand. \u201cH\u00e1 tanta conversa hoje em dia sobre conforme voc\u00ea envelhece, voc\u00ea n\u00e3o pode jogar e os times n\u00e3o querem ou n\u00e3o gostam de caras que est\u00e3o na faixa dos 30 ou 35 anos, seja l\u00e1 o que for. \u2026 Conforme voc\u00ea envelhece, todo mundo tenta te tirar. <\/p>\n<p>\u201cOs jovens est\u00e3o tentando tomar seu lugar e os times est\u00e3o querendo jovens, e voc\u00ea quase tem a mesma mentalidade, que voc\u00ea precisa mostrar que ainda pode jogar e acompanhar os jovens, acompanhar os novos talentos e a velocidade. <\/p>\n<p>\u201cEnt\u00e3o, de certa forma, definitivamente me sinto muito mais confort\u00e1vel chegando \u2014 entendendo como \u00e9, o que \u00e9 esperado \u2014 mas, no mesmo sentido, voc\u00ea precisa restabelecer a cada ano que chega que voc\u00ea ainda est\u00e1 l\u00e1 e pertence, e esses jovens n\u00e3o v\u00e3o tirar meu emprego.\u201d<\/p>\n<figure class=\"wp-block-embed is-type-rich is-provider-twitter wp-block-embed-twitter\"\/>\n<p>A mentalidade de Marchand pode permanecer inalterada em 2024-25, mas seu corpo n\u00e3o acompanhou essa abordagem.<\/p>\n<p>O capit\u00e3o do Boston reconheceu na ter\u00e7a-feira que passou por tr\u00eas cirurgias durante a offseason para corrigir um tend\u00e3o rompido no cotovelo \u2014 al\u00e9m de tratar problemas na virilha e na h\u00e9rnia esportiva. <\/p>\n<p>Como resultado, Marchand \u2014 que tem 1.029 jogos de repeti\u00e7\u00f5es na temporada regular da NHL em seu curr\u00edculo \u2014 admitiu que s\u00f3 come\u00e7ou a intensificar seu treinamento h\u00e1 duas semanas. <\/p>\n<p>\u201cEstou meio que voltando ao ritmo\u201d, disse Marchand. \u201cN\u00e3o sei se voc\u00eas ouviram, mas eu estava patinando sozinho. O objetivo \u00e9 estar pronto para o acampamento e, se n\u00e3o estiver, logo depois. Estou meio que voltando ao ritmo das coisas agora. Vou encarar tudo de frente.\u201d<\/p>\n<p>Marchand, como quase todos os outros jogadores da NHL, n\u00e3o \u00e9 estranho a passar pela faca durante o ver\u00e3o. Ele passou por uma artroscopia invasiva de quadril duplo no ver\u00e3o de 2022 \u2014 um procedimento <a target=\"_blank\" href=\"https:\/\/www.boston.com\/sports\/boston-bruins\/2022\/11\/01\/brad-marchand-bruins-injury-recovery\/\" rel=\"noreferrer noopener\">que ele disse que salvou sua carreira <\/a>enquanto ele caminhava penosamente por um per\u00edodo de recupera\u00e7\u00e3o de seis meses. <\/p>\n<p>Marchand finalmente retornou quase um m\u00eas antes do previsto durante a temporada 2022-23, marcando 21 gols e 67 pontos em apenas 73 jogos. O veterano admitiu que jogou com o tend\u00e3o rompido no cotovelo durante a maior parte da temporada passada \u2014 com Marchand ainda registrando 67 pontos em 82 jogos. <\/p>\n<p>Embora um atestado de sa\u00fade limpo deva ajudar Marchand antes de outra s\u00e9rie de 82 jogos, tentar recuperar o atraso no in\u00edcio do campo de treinamento n\u00e3o \u00e9 um come\u00e7o ideal para um jogador que est\u00e1 entrando em um ano de contrato.<\/p>\n<p>N\u00e3o est\u00e1 claro que tipo de novo acordo Marchand est\u00e1 buscando daqui para frente em Boston \u2014 especialmente se ele est\u00e1 buscando seguir os passos de ex-capit\u00e3es como Zdeno Chara e Patrice Bergeron, fechando acordos de curto prazo e baratos para aliviar as restri\u00e7\u00f5es salariais do time. <\/p>\n<p>Mas at\u00e9 que Marchand e os Bruins assinem um novo acordo, ele enfatizou que n\u00e3o ouviremos nenhuma atualiza\u00e7\u00e3o dele e de sua equipe. <\/p>\n<p>\u201cVou dizer isso agora e meio que deixar por isso mesmo; nunca mais vou falar sobre coisas de contrato na m\u00eddia\u201d, disse Marchand. \u201cVi uma reportagem outro dia, acho que era o<em> Not\u00edcias de H\u00f3quei<\/em>. N\u00e3o sei de onde ele est\u00e1 tirando essa informa\u00e7\u00e3o. N\u00e3o foi do nosso lado. N\u00e3o vamos falar sobre isso. O que quer que aconte\u00e7a ficar\u00e1 interno entre (Don Sweeney) e nosso grupo. Vou deixar assim. Acho que h\u00e1 respeito suficiente entre os dois lados para que possamos lidar com isso.\u201d<\/p>\n<p>Nesta fase de sua carreira, Marchand j\u00e1 compilou um curr\u00edculo elevado. Mas mesmo com a quantidade de desgaste em seu corpo, Marchand n\u00e3o est\u00e1 pensando em pendurar os patins ainda \u2014 n\u00e3o com os Bruins prontos para competir por mais alguns anos, e as Olimp\u00edadas de Inverno de 2026 tamb\u00e9m se aproximando. <\/p>\n<p>\u201c\u00c9 muito f\u00e1cil, especialmente quando voc\u00ea fica mais velho e j\u00e1 est\u00e1 por a\u00ed h\u00e1 muito tempo e conquistou muitas coisas que queria conquistar\u201d, disse Marchand. \u201cVoc\u00ea se sente confort\u00e1vel em sua situa\u00e7\u00e3o financeira para querer ficar mais em casa, estar com as crian\u00e7as, se envolver em esportes e atividades e n\u00e3o estar no rinque ou na academia com tanta frequ\u00eancia. \u00c9 a\u00ed que os caras escorregam.<\/p>\n<p>\u201cO maior fator \u00e9 entender que os caras est\u00e3o chegando e querendo empregos. N\u00e3o importa quem voc\u00ea \u00e9. Eles est\u00e3o t\u00e3o felizes em tomar meu lugar quanto o de qualquer outro.\u201d<\/p>\n<div class=\"m-block m-generic-cta\t m-generic-cta--post-content\t m-generic-cta--dark\t m-generic-cta--homepage\t m-generic-cta--email-signup\t\t m-generic-cta-block-style--default \tt-amp__generic-cta\"><\/p>\n<div class=\"m-generic-cta__wrap\">\n<div class=\"m-generic-cta__content\">\n<h3 class=\"m-generic-cta__title\">Inscreva-se para receber atualiza\u00e7\u00f5es do Bruins\ud83c\udfd2 <\/h3>\n<p class=\"m-generic-cta__subtitle\">Receba not\u00edcias de \u00faltima hora e an\u00e1lises na sua caixa de entrada durante a temporada de h\u00f3quei.<\/p>\n<\/p><\/div>\n<\/p><\/div>\n<\/div><\/div>\n<p><script>\n\t\tvar consent=\"grant\";\n\t\t\/* The above code is parsing the JSON data from the local storage and storing it in a variable. *\/\n\t\t\t\t\tconst onetrustStorageConsent = JSON.parse(localStorage.getItem( 'consent_one_trust_bdc' ) );\n\t\t\tif ( ( onetrustStorageConsent !== null ) ) {\n\t\t\t\t\/* Checking to see if the user has consented to the use of cookies.\n\t\t\t\t* If they have not, it is deleting the cookie.\n\t\t\t\t* This will comment for now, until further notice.\n\t\t\t\t*\/\n\t\t\t\t\/\/if ( onetrustStorageConsent.C0002 === false ) {\n\t\t\t\t\/\/\tdocument.cookie=\"_fbp=;expires=Thu, 01 Jan 2010 00:00:00 UTC; path=\/; domain=.boston.com\";\n\t\t\t\t\/\/}\n\t\t\t\t\/* Checking if the user has given consent for the cookie C0002.\n\t\t\t\t* If the user has given consent, the variable consent will be set to 'grant'.\n\t\t\t\t* If the user has not given consent,the variable consent will be set to 'revoke'.\n\t\t\t\t* Documentation https:\/\/developers.facebook.com\/docs\/meta-pixel\/implementation\/gdpr\n\t\t\t\t*\/\n\t\t\t\tif ( onetrustStorageConsent.C0002 !== true ) {\n\t\t\t\t\tconsent=\"revoke\";\n\t\t\t\t}\n\t\t\t}\n\t\t\t\t!function(f,b,e,v,n,t,s)\n\t\t{if(f.fbq)return;n=f.fbq=function(){n.callMethod?\n\t\tn.callMethod.apply(n,arguments):n.queue.push(arguments)};\n\t\tif(!f._fbq)f._fbq=n;n.push=n;n.loaded=!0;n.version='2.0';\n\t\tn.queue=[];t=b.createElement(e);t.async=!0;\n\t\tt.src=v;s=b.getElementsByTagName(e)[0];\n\t\ts.parentNode.insertBefore(t,s)}(window, document,'script',\n\t\t'https:\/\/connect.facebook.net\/en_US\/fbevents.js');\n\t\tfbq('consent', consent);\n\t\tfbq('init', '989222871864976');\n\t\tfbq('track', 'PageView');\n\t<\/script><script type=\"module\">\n\t\tvar consent=\"grant\";\n\t\t\/* The above code is parsing the JSON data from the local storage and storing it in a variable. *\/\n\t\t\tconst onetrustStorageConsent = JSON.parse(localStorage.getItem( 'consent_one_trust_bdc' ) );\n\t\t\t\/* Checking to see if the user has consented to the use of cookies.\n\t\t\t* If they have not, it is deleting the cookie.\n\t\t\t* This will comment for now, until further notice.\n\t\t\t*\/\n\t\t\t\/\/if ( onetrustStorageConsent.C0002 === false ) {\n\t\t\t\/\/\tdocument.cookie=\"_fbp=;expires=Thu, 01 Jan 2010 00:00:00 UTC; path=\/; domain=.boston.com\";\n\t\t\t\/\/}\n\t\t\t\/* Checking if the user has given consent for the cookie C0002.\n\t\t\t* If the user has given consent, the variable consent will be set to 'grant'.\n\t\t\t* If the user has not given consent,the variable consent will be set to 'revoke'.\n\t\t\t* Documentation https:\/\/developers.facebook.com\/docs\/meta-pixel\/implementation\/gdpr\n\t\t\t*\/\n\t\t\tif ( ( onetrustStorageConsent !== null ) && (onetrustStorageConsent.C0002 !== true ) ) {\n\t\t\t\tconsent=\"revoke\";\n\t\t\t}\n\t\t\t\t!function(f,b,e,v,n,t,s){if(f.fbq)return;n=f.fbq=function()\n\t\t{n.callMethod? n.callMethod.apply(n,arguments):n.queue.push(arguments)}\n\t\t;if(!f._fbq)f._fbq=n;\n\t\tn.push=n;n.loaded=!0;n.version='2.0';n.queue=[];t=b.createElement(e);t.async=!0;\n\t\tt.src=v;s=b.getElementsByTagName(e)[0];s.parentNode.insertBefore(t,s)}(window,\n\t\tdocument,'script','https:\/\/connect.facebook.net\/en_US\/fbevents.js');\n\t\tfbq('consent', consent);\n\t\tfbq('init', '813236348753005');\n\t\tfbq('track', \"PageView\");\n\t<\/script><br \/>\n<br \/><br \/>\n<br \/><a href=\"https:\/\/www.boston.com\/sports\/boston-bruins\/2024\/09\/03\/brad-marchand-surgery-injury-contract\/\">Source link <\/a><\/p>","protected":false},"excerpt":{"rendered":"<p>Bruins &#8220;Voc\u00ea precisa restabelecer a cada ano que voc\u00ea entra que voc\u00ea ainda est\u00e1 l\u00e1 e pertence, e esses jovens n\u00e3o v\u00e3o tirar meu emprego.&#8221; Brad Marchand est\u00e1 entrando em&hellip;<\/p>","protected":false},"author":1,"featured_media":31244,"comment_status":"closed","ping_status":"open","sticky":false,"template":"","format":"standard","meta":{"content-type":"","footnotes":""},"categories":[1],"tags":[],"class_list":["post-31243","post","type-post","status-publish","format-standard","has-post-thumbnail","hentry","category-uncategorized"],"_links":{"self":[{"href":"https:\/\/tvbrazilusa.com\/pt\/wp-json\/wp\/v2\/posts\/31243","targetHints":{"allow":["GET"]}}],"collection":[{"href":"https:\/\/tvbrazilusa.com\/pt\/wp-json\/wp\/v2\/posts"}],"about":[{"href":"https:\/\/tvbrazilusa.com\/pt\/wp-json\/wp\/v2\/types\/post"}],"author":[{"embeddable":true,"href":"https:\/\/tvbrazilusa.com\/pt\/wp-json\/wp\/v2\/users\/1"}],"replies":[{"embeddable":true,"href":"https:\/\/tvbrazilusa.com\/pt\/wp-json\/wp\/v2\/comments?post=31243"}],"version-history":[{"count":1,"href":"https:\/\/tvbrazilusa.com\/pt\/wp-json\/wp\/v2\/posts\/31243\/revisions"}],"predecessor-version":[{"id":31245,"href":"https:\/\/tvbrazilusa.com\/pt\/wp-json\/wp\/v2\/posts\/31243\/revisions\/31245"}],"wp:featuredmedia":[{"embeddable":true,"href":"https:\/\/tvbrazilusa.com\/pt\/wp-json\/wp\/v2\/media\/31244"}],"wp:attachment":[{"href":"https:\/\/tvbrazilusa.com\/pt\/wp-json\/wp\/v2\/media?parent=31243"}],"wp:term":[{"taxonomy":"category","embeddable":true,"href":"https:\/\/tvbrazilusa.com\/pt\/wp-json\/wp\/v2\/categories?post=31243"},{"taxonomy":"post_tag","embeddable":true,"href":"https:\/\/tvbrazilusa.com\/pt\/wp-json\/wp\/v2\/tags?post=31243"}],"curies":[{"name":"wp","href":"https:\/\/api.w.org\/{rel}","templated":true}]}}