{"id":31258,"date":"2024-09-03T19:31:14","date_gmt":"2024-09-03T19:31:14","guid":{"rendered":"https:\/\/tvbrazilusa.com\/2024\/09\/03\/os-dias-caninos-do-verao-o-dia-seguinte-ao-dia-do-trabalho\/"},"modified":"2024-09-03T19:36:35","modified_gmt":"2024-09-03T19:36:35","slug":"os-dias-caninos-do-verao-o-dia-seguinte-ao-dia-do-trabalho","status":"publish","type":"post","link":"https:\/\/tvbrazilusa.com\/pt\/2024\/09\/03\/os-dias-caninos-do-verao-o-dia-seguinte-ao-dia-do-trabalho\/","title":{"rendered":"Os dias caninos do ver\u00e3o, o dia seguinte ao Dia do Trabalho"},"content":{"rendered":"<p> <script async src=\"https:\/\/pagead2.googlesyndication.com\/pagead\/js\/adsbygoogle.js?client=ca-pub-8864793242727901\"\r\n     crossorigin=\"anonymous\"><\/script><br \/>\n<\/p>\n<div id=\"\">\n<header class=\"m-article-header m-article-header--standard\">\n\t\t\t\t\t\t\t\t\t\t\t\t<span id=\"article-header-primary-term\"><br \/>\n\t\t\t\t\t\t\t\t<a class=\"a-term a-term--primary\" href=\"https:\/\/www.boston.com\/tag\/local-news\/\"><\/p>\n<p>\t\t\t\t\t\t\t\tNot\u00edcias locais\t\t\t\t\t\t\t\t<\/a><br \/>\n\t\t\t\t\t\t\t<\/span><\/p>\n<h2 class=\"m-article-header__sub-headline\">\u00c0 medida que as restri\u00e7\u00f5es nas praias do Cabo s\u00e3o suspensas, os c\u00e3es assumem o controle.<\/h2>\n<figure class=\"a-photo m-article-header__photo\"><figcaption class=\"a-photo__caption\">\n<p>\tRoxie emerge do oceano com sua bola na praia de West Dennis, no dia seguinte ao Dia do Trabalho. <em> Beth Treffeisen<\/em>\t<\/figcaption><\/figure>\n<\/header>\n<p>A maioria das praias da Cidade do Cabo tem restri\u00e7\u00f5es r\u00edgidas: c\u00e3es s\u00e3o proibidos do Memorial Day at\u00e9 o Dia do Trabalho. <\/p>\n<p>Ent\u00e3o, quando o sol est\u00e1 brilhando e o clima ainda est\u00e1 quente, os moradores locais v\u00e3o \u00e0s praias para deixar seus c\u00e3es aproveitarem os \u00faltimos raios de sol do ver\u00e3o assim que as regras forem suspensas na ter\u00e7a-feira seguinte ao feriado. <\/p>\n<p>Para muitos, \u00e9 uma contagem regressiva anual at\u00e9 que possam levar o cachorro \u00e0 praia. <\/p>\n<p>Ent\u00e3o, o Boston.com saiu para capturar o momento em West Dennis Beach na tarde de ter\u00e7a-feira. <\/p>\n<figure class=\"wp-block-image size-full\"><img loading=\"lazy\" decoding=\"async\" width=\"2560\" height=\"1704\" src=\"https:\/\/bdc2020.o0bc.com\/wp-content\/uploads\/2024\/09\/DSC0477-66d759b9432a3-scaled.jpg\" alt=\"\" class=\"wp-image-31547968\" srcset=\"https:\/\/bdc2020.o0bc.com\/wp-content\/uploads\/2024\/09\/DSC0477-66d759b9432a3-scaled.jpg?width=200 200w, https:\/\/bdc2020.o0bc.com\/wp-content\/uploads\/2024\/09\/DSC0477-66d759b9432a3-scaled.jpg?width=300 300w, https:\/\/bdc2020.o0bc.com\/wp-content\/uploads\/2024\/09\/DSC0477-66d759b9432a3-scaled.jpg?width=400 400w, https:\/\/bdc2020.o0bc.com\/wp-content\/uploads\/2024\/09\/DSC0477-66d759b9432a3-scaled.jpg?width=500 500w, https:\/\/bdc2020.o0bc.com\/wp-content\/uploads\/2024\/09\/DSC0477-66d759b9432a3-scaled.jpg?width=600 600w, https:\/\/bdc2020.o0bc.com\/wp-content\/uploads\/2024\/09\/DSC0477-66d759b9432a3-scaled.jpg?width=700 700w, https:\/\/bdc2020.o0bc.com\/wp-content\/uploads\/2024\/09\/DSC0477-66d759b9432a3-scaled.jpg?width=800 800w, https:\/\/bdc2020.o0bc.com\/wp-content\/uploads\/2024\/09\/DSC0477-66d759b9432a3-scaled.jpg?width=900 900w\" sizes=\"auto, (max-width: 2560px) 100vw, 2560px\"\/><figcaption class=\"wp-element-caption\">Jax posa para uma foto em West Dennis Beach com sua dona, Sherry Barr, de Yarmouth Port.<\/figcaption><\/figure>\n<p>\u201cEste \u00e9 um grande dia\u201d, disse Caryn Reardon, de East Dennis, que levou o cachorro de sua filha, Bromley, para sentir o cheiro do ar salgado na ter\u00e7a-feira. <\/p>\n<p>Durante o ver\u00e3o, ela levava Bromley para sentar no carro, mas hoje ele conseguiu sair e esticar as pernas. <\/p>\n<figure class=\"wp-block-image size-full\"><img loading=\"lazy\" decoding=\"async\" width=\"2560\" height=\"1704\" src=\"https:\/\/bdc2020.o0bc.com\/wp-content\/uploads\/2024\/09\/DSC0498-66d759db41b00-scaled.jpg\" alt=\"\" class=\"wp-image-31547988\" srcset=\"https:\/\/bdc2020.o0bc.com\/wp-content\/uploads\/2024\/09\/DSC0498-66d759db41b00-scaled.jpg?width=200 200w, https:\/\/bdc2020.o0bc.com\/wp-content\/uploads\/2024\/09\/DSC0498-66d759db41b00-scaled.jpg?width=300 300w, https:\/\/bdc2020.o0bc.com\/wp-content\/uploads\/2024\/09\/DSC0498-66d759db41b00-scaled.jpg?width=400 400w, https:\/\/bdc2020.o0bc.com\/wp-content\/uploads\/2024\/09\/DSC0498-66d759db41b00-scaled.jpg?width=500 500w, https:\/\/bdc2020.o0bc.com\/wp-content\/uploads\/2024\/09\/DSC0498-66d759db41b00-scaled.jpg?width=600 600w, https:\/\/bdc2020.o0bc.com\/wp-content\/uploads\/2024\/09\/DSC0498-66d759db41b00-scaled.jpg?width=700 700w, https:\/\/bdc2020.o0bc.com\/wp-content\/uploads\/2024\/09\/DSC0498-66d759db41b00-scaled.jpg?width=800 800w, https:\/\/bdc2020.o0bc.com\/wp-content\/uploads\/2024\/09\/DSC0498-66d759db41b00-scaled.jpg?width=900 900w\" sizes=\"auto, (max-width: 2560px) 100vw, 2560px\"\/><figcaption class=\"wp-element-caption\">Bromley posa para uma foto em West Dennis Beach. <i> \u2013 Beth Treffeisen<\/i><\/figcaption><\/figure>\n<p>\u201cEla finalmente consegue sentir o cheiro das algas\u201d, disse Mary Keefe, de West Dennis, dona de Sophie, em sua caminhada pela West Dennis Beach. <\/p>\n<figure class=\"wp-block-image size-full\"><img loading=\"lazy\" decoding=\"async\" width=\"2560\" height=\"1703\" src=\"https:\/\/bdc2020.o0bc.com\/wp-content\/uploads\/2024\/09\/DSC0483-66d759c585d57-scaled.jpg\" alt=\"\" class=\"wp-image-31547973\" srcset=\"https:\/\/bdc2020.o0bc.com\/wp-content\/uploads\/2024\/09\/DSC0483-66d759c585d57-scaled.jpg?width=200 200w, https:\/\/bdc2020.o0bc.com\/wp-content\/uploads\/2024\/09\/DSC0483-66d759c585d57-scaled.jpg?width=300 300w, https:\/\/bdc2020.o0bc.com\/wp-content\/uploads\/2024\/09\/DSC0483-66d759c585d57-scaled.jpg?width=400 400w, https:\/\/bdc2020.o0bc.com\/wp-content\/uploads\/2024\/09\/DSC0483-66d759c585d57-scaled.jpg?width=500 500w, https:\/\/bdc2020.o0bc.com\/wp-content\/uploads\/2024\/09\/DSC0483-66d759c585d57-scaled.jpg?width=600 600w, https:\/\/bdc2020.o0bc.com\/wp-content\/uploads\/2024\/09\/DSC0483-66d759c585d57-scaled.jpg?width=700 700w, https:\/\/bdc2020.o0bc.com\/wp-content\/uploads\/2024\/09\/DSC0483-66d759c585d57-scaled.jpg?width=800 800w, https:\/\/bdc2020.o0bc.com\/wp-content\/uploads\/2024\/09\/DSC0483-66d759c585d57-scaled.jpg?width=900 900w\" sizes=\"auto, (max-width: 2560px) 100vw, 2560px\"\/><figcaption class=\"wp-element-caption\">Mary Keefe, de West Dennis, passeia com sua cadela Sophie pela praia de West Dennis. <i> \u2013 Beth Treffeisen<\/i><\/figcaption><\/figure>\n<p>Carly Giacchetti e Connell MacClean, que estavam visitando Boston no fim de semana, ficaram felizes em levar seu c\u00e3ozinho para o oceano. <\/p>\n<p>\u201cFicamos super animados\u201d, disse Giacchetti quando souberam que poderiam levar seu cachorro Rudy para a praia. <\/p>\n<figure class=\"wp-block-image size-full\"><img loading=\"lazy\" decoding=\"async\" width=\"2560\" height=\"1704\" src=\"https:\/\/bdc2020.o0bc.com\/wp-content\/uploads\/2024\/09\/DSC0502-66d759e5d49a4-scaled.jpg\" alt=\"\" class=\"wp-image-31547992\" srcset=\"https:\/\/bdc2020.o0bc.com\/wp-content\/uploads\/2024\/09\/DSC0502-66d759e5d49a4-scaled.jpg?width=200 200w, https:\/\/bdc2020.o0bc.com\/wp-content\/uploads\/2024\/09\/DSC0502-66d759e5d49a4-scaled.jpg?width=300 300w, https:\/\/bdc2020.o0bc.com\/wp-content\/uploads\/2024\/09\/DSC0502-66d759e5d49a4-scaled.jpg?width=400 400w, https:\/\/bdc2020.o0bc.com\/wp-content\/uploads\/2024\/09\/DSC0502-66d759e5d49a4-scaled.jpg?width=500 500w, https:\/\/bdc2020.o0bc.com\/wp-content\/uploads\/2024\/09\/DSC0502-66d759e5d49a4-scaled.jpg?width=600 600w, https:\/\/bdc2020.o0bc.com\/wp-content\/uploads\/2024\/09\/DSC0502-66d759e5d49a4-scaled.jpg?width=700 700w, https:\/\/bdc2020.o0bc.com\/wp-content\/uploads\/2024\/09\/DSC0502-66d759e5d49a4-scaled.jpg?width=800 800w, https:\/\/bdc2020.o0bc.com\/wp-content\/uploads\/2024\/09\/DSC0502-66d759e5d49a4-scaled.jpg?width=900 900w\" sizes=\"auto, (max-width: 2560px) 100vw, 2560px\"\/><figcaption class=\"wp-element-caption\">Carly Giacchetti e Connell MacClean com seu cachorro Rudy.<i> \u2013 Beth Treffeisen<\/i><\/figcaption><\/figure>\n<p>Para Karen e Paul Healy, de Dennis, sua cadela Roxie n\u00e3o se cansava de \u00e1gua. <\/p>\n<p>\u201cN\u00e3o sabemos quem ama mais a praia\u201d, questionou Karen Healy enquanto jogava a bola para seu cachorro pegar. <\/p>\n<p>Stormy estava se divertindo muito. Coberto de areia e curtindo seu Kong ao lado de seus pais, Dawna e Nick Oliva, de Dennis Port, ele estava feliz por finalmente pisar na praia pela primeira vez neste ver\u00e3o. <\/p>\n<p>\u201cEst\u00e1vamos contando os dias\u201d, disse Dawna Oliva. \u201cEle ama a praia.\u201d <\/p>\n<p>Role para baixo para ver mais fotos de c\u00e3es na praia. <\/p>\n<figure class=\"wp-block-image size-full\"><img loading=\"lazy\" decoding=\"async\" width=\"2560\" height=\"1703\" src=\"https:\/\/bdc2020.o0bc.com\/wp-content\/uploads\/2024\/09\/DSC0526-66d75a0b331a9-scaled.jpg\" alt=\"\" class=\"wp-image-31548010\" srcset=\"https:\/\/bdc2020.o0bc.com\/wp-content\/uploads\/2024\/09\/DSC0526-66d75a0b331a9-scaled.jpg?width=200 200w, https:\/\/bdc2020.o0bc.com\/wp-content\/uploads\/2024\/09\/DSC0526-66d75a0b331a9-scaled.jpg?width=300 300w, https:\/\/bdc2020.o0bc.com\/wp-content\/uploads\/2024\/09\/DSC0526-66d75a0b331a9-scaled.jpg?width=400 400w, https:\/\/bdc2020.o0bc.com\/wp-content\/uploads\/2024\/09\/DSC0526-66d75a0b331a9-scaled.jpg?width=500 500w, https:\/\/bdc2020.o0bc.com\/wp-content\/uploads\/2024\/09\/DSC0526-66d75a0b331a9-scaled.jpg?width=600 600w, https:\/\/bdc2020.o0bc.com\/wp-content\/uploads\/2024\/09\/DSC0526-66d75a0b331a9-scaled.jpg?width=700 700w, https:\/\/bdc2020.o0bc.com\/wp-content\/uploads\/2024\/09\/DSC0526-66d75a0b331a9-scaled.jpg?width=800 800w, https:\/\/bdc2020.o0bc.com\/wp-content\/uploads\/2024\/09\/DSC0526-66d75a0b331a9-scaled.jpg?width=900 900w\" sizes=\"auto, (max-width: 2560px) 100vw, 2560px\"\/><figcaption class=\"wp-element-caption\">Dawna e Nick Oliva de Dennis Port com seu cachorro Stormy. <i> \u2013 Beth Treffeisen<\/i><\/figcaption><\/figure>\n<figure class=\"wp-block-image size-full\"><img loading=\"lazy\" decoding=\"async\" width=\"2560\" height=\"1703\" src=\"https:\/\/bdc2020.o0bc.com\/wp-content\/uploads\/2024\/09\/DSC0487-66d759d17538b-scaled.jpg\" alt=\"\" class=\"wp-image-31547983\" srcset=\"https:\/\/bdc2020.o0bc.com\/wp-content\/uploads\/2024\/09\/DSC0487-66d759d17538b-scaled.jpg?width=200 200w, https:\/\/bdc2020.o0bc.com\/wp-content\/uploads\/2024\/09\/DSC0487-66d759d17538b-scaled.jpg?width=300 300w, https:\/\/bdc2020.o0bc.com\/wp-content\/uploads\/2024\/09\/DSC0487-66d759d17538b-scaled.jpg?width=400 400w, https:\/\/bdc2020.o0bc.com\/wp-content\/uploads\/2024\/09\/DSC0487-66d759d17538b-scaled.jpg?width=500 500w, https:\/\/bdc2020.o0bc.com\/wp-content\/uploads\/2024\/09\/DSC0487-66d759d17538b-scaled.jpg?width=600 600w, https:\/\/bdc2020.o0bc.com\/wp-content\/uploads\/2024\/09\/DSC0487-66d759d17538b-scaled.jpg?width=700 700w, https:\/\/bdc2020.o0bc.com\/wp-content\/uploads\/2024\/09\/DSC0487-66d759d17538b-scaled.jpg?width=800 800w, https:\/\/bdc2020.o0bc.com\/wp-content\/uploads\/2024\/09\/DSC0487-66d759d17538b-scaled.jpg?width=900 900w\" sizes=\"auto, (max-width: 2560px) 100vw, 2560px\"\/><figcaption class=\"wp-element-caption\">Loulou, de Marshfield, brinca com uma bola na praia de West Dennis. <i> \u2013 Beth Treffeisen<\/i><\/figcaption><\/figure>\n<figure class=\"wp-block-image size-full\"><img loading=\"lazy\" decoding=\"async\" width=\"2560\" height=\"1703\" src=\"https:\/\/bdc2020.o0bc.com\/wp-content\/uploads\/2024\/09\/DSC0536-66d75a24ddf01-scaled.jpg\" alt=\"\" class=\"wp-image-31548029\" srcset=\"https:\/\/bdc2020.o0bc.com\/wp-content\/uploads\/2024\/09\/DSC0536-66d75a24ddf01-scaled.jpg?width=200 200w, https:\/\/bdc2020.o0bc.com\/wp-content\/uploads\/2024\/09\/DSC0536-66d75a24ddf01-scaled.jpg?width=300 300w, https:\/\/bdc2020.o0bc.com\/wp-content\/uploads\/2024\/09\/DSC0536-66d75a24ddf01-scaled.jpg?width=400 400w, https:\/\/bdc2020.o0bc.com\/wp-content\/uploads\/2024\/09\/DSC0536-66d75a24ddf01-scaled.jpg?width=500 500w, https:\/\/bdc2020.o0bc.com\/wp-content\/uploads\/2024\/09\/DSC0536-66d75a24ddf01-scaled.jpg?width=600 600w, https:\/\/bdc2020.o0bc.com\/wp-content\/uploads\/2024\/09\/DSC0536-66d75a24ddf01-scaled.jpg?width=700 700w, https:\/\/bdc2020.o0bc.com\/wp-content\/uploads\/2024\/09\/DSC0536-66d75a24ddf01-scaled.jpg?width=800 800w, https:\/\/bdc2020.o0bc.com\/wp-content\/uploads\/2024\/09\/DSC0536-66d75a24ddf01-scaled.jpg?width=900 900w\" sizes=\"auto, (max-width: 2560px) 100vw, 2560px\"\/><figcaption class=\"wp-element-caption\">A dona Kristen Kohler, que passa o ver\u00e3o em Dennis, mostra seu cachorro Ziggy.<\/figcaption><\/figure>\n<figure class=\"wp-block-image size-full\"><img loading=\"lazy\" decoding=\"async\" width=\"2560\" height=\"1703\" src=\"https:\/\/bdc2020.o0bc.com\/wp-content\/uploads\/2024\/09\/DSC0535-66d75a1ca04a4-scaled.jpg\" alt=\"\" class=\"wp-image-31548024\" srcset=\"https:\/\/bdc2020.o0bc.com\/wp-content\/uploads\/2024\/09\/DSC0535-66d75a1ca04a4-scaled.jpg?width=200 200w, https:\/\/bdc2020.o0bc.com\/wp-content\/uploads\/2024\/09\/DSC0535-66d75a1ca04a4-scaled.jpg?width=300 300w, https:\/\/bdc2020.o0bc.com\/wp-content\/uploads\/2024\/09\/DSC0535-66d75a1ca04a4-scaled.jpg?width=400 400w, https:\/\/bdc2020.o0bc.com\/wp-content\/uploads\/2024\/09\/DSC0535-66d75a1ca04a4-scaled.jpg?width=500 500w, https:\/\/bdc2020.o0bc.com\/wp-content\/uploads\/2024\/09\/DSC0535-66d75a1ca04a4-scaled.jpg?width=600 600w, https:\/\/bdc2020.o0bc.com\/wp-content\/uploads\/2024\/09\/DSC0535-66d75a1ca04a4-scaled.jpg?width=700 700w, https:\/\/bdc2020.o0bc.com\/wp-content\/uploads\/2024\/09\/DSC0535-66d75a1ca04a4-scaled.jpg?width=800 800w, https:\/\/bdc2020.o0bc.com\/wp-content\/uploads\/2024\/09\/DSC0535-66d75a1ca04a4-scaled.jpg?width=900 900w\" sizes=\"auto, (max-width: 2560px) 100vw, 2560px\"\/><figcaption class=\"wp-element-caption\">PJ, abrevia\u00e7\u00e3o de Pepper Junior, descansa em um cobertor pela primeira vez na praia. <\/figcaption><\/figure>\n<div class=\"m-block m-generic-cta\t m-generic-cta--post-content\t m-generic-cta--dark\t m-generic-cta--homepage\t m-generic-cta--email-signup\t\t m-generic-cta-block-style--default \tt-amp__generic-cta\"><\/p>\n<div class=\"m-generic-cta__wrap\">\n<div class=\"m-generic-cta__content\">\n<h3 class=\"m-generic-cta__title\">Boston.com Hoje<\/h3>\n<p class=\"m-generic-cta__subtitle\">Inscreva-se para receber as \u00faltimas manchetes na sua caixa de entrada todas as manh\u00e3s.<\/p>\n<\/p><\/div>\n<\/p><\/div>\n<\/div><\/div>\n<p><script>\n\t\tvar consent=\"grant\";\n\t\t\/* The above code is parsing the JSON data from the local storage and storing it in a variable. *\/\n\t\t\t\t\tconst onetrustStorageConsent = JSON.parse(localStorage.getItem( 'consent_one_trust_bdc' ) );\n\t\t\tif ( ( onetrustStorageConsent !== null ) ) {\n\t\t\t\t\/* Checking to see if the user has consented to the use of cookies.\n\t\t\t\t* If they have not, it is deleting the cookie.\n\t\t\t\t* This will comment for now, until further notice.\n\t\t\t\t*\/\n\t\t\t\t\/\/if ( onetrustStorageConsent.C0002 === false ) {\n\t\t\t\t\/\/\tdocument.cookie=\"_fbp=;expires=Thu, 01 Jan 2010 00:00:00 UTC; path=\/; domain=.boston.com\";\n\t\t\t\t\/\/}\n\t\t\t\t\/* Checking if the user has given consent for the cookie C0002.\n\t\t\t\t* If the user has given consent, the variable consent will be set to 'grant'.\n\t\t\t\t* If the user has not given consent,the variable consent will be set to 'revoke'.\n\t\t\t\t* Documentation https:\/\/developers.facebook.com\/docs\/meta-pixel\/implementation\/gdpr\n\t\t\t\t*\/\n\t\t\t\tif ( onetrustStorageConsent.C0002 !== true ) {\n\t\t\t\t\tconsent=\"revoke\";\n\t\t\t\t}\n\t\t\t}\n\t\t\t\t!function(f,b,e,v,n,t,s)\n\t\t{if(f.fbq)return;n=f.fbq=function(){n.callMethod?\n\t\tn.callMethod.apply(n,arguments):n.queue.push(arguments)};\n\t\tif(!f._fbq)f._fbq=n;n.push=n;n.loaded=!0;n.version='2.0';\n\t\tn.queue=[];t=b.createElement(e);t.async=!0;\n\t\tt.src=v;s=b.getElementsByTagName(e)[0];\n\t\ts.parentNode.insertBefore(t,s)}(window, document,'script',\n\t\t'https:\/\/connect.facebook.net\/en_US\/fbevents.js');\n\t\tfbq('consent', consent);\n\t\tfbq('init', '989222871864976');\n\t\tfbq('track', 'PageView');\n\t<\/script><script type=\"module\">\n\t\tvar consent=\"grant\";\n\t\t\/* The above code is parsing the JSON data from the local storage and storing it in a variable. *\/\n\t\t\tconst onetrustStorageConsent = JSON.parse(localStorage.getItem( 'consent_one_trust_bdc' ) );\n\t\t\t\/* Checking to see if the user has consented to the use of cookies.\n\t\t\t* If they have not, it is deleting the cookie.\n\t\t\t* This will comment for now, until further notice.\n\t\t\t*\/\n\t\t\t\/\/if ( onetrustStorageConsent.C0002 === false ) {\n\t\t\t\/\/\tdocument.cookie=\"_fbp=;expires=Thu, 01 Jan 2010 00:00:00 UTC; path=\/; domain=.boston.com\";\n\t\t\t\/\/}\n\t\t\t\/* Checking if the user has given consent for the cookie C0002.\n\t\t\t* If the user has given consent, the variable consent will be set to 'grant'.\n\t\t\t* If the user has not given consent,the variable consent will be set to 'revoke'.\n\t\t\t* Documentation https:\/\/developers.facebook.com\/docs\/meta-pixel\/implementation\/gdpr\n\t\t\t*\/\n\t\t\tif ( ( onetrustStorageConsent !== null ) && (onetrustStorageConsent.C0002 !== true ) ) {\n\t\t\t\tconsent=\"revoke\";\n\t\t\t}\n\t\t\t\t!function(f,b,e,v,n,t,s){if(f.fbq)return;n=f.fbq=function()\n\t\t{n.callMethod? n.callMethod.apply(n,arguments):n.queue.push(arguments)}\n\t\t;if(!f._fbq)f._fbq=n;\n\t\tn.push=n;n.loaded=!0;n.version='2.0';n.queue=[];t=b.createElement(e);t.async=!0;\n\t\tt.src=v;s=b.getElementsByTagName(e)[0];s.parentNode.insertBefore(t,s)}(window,\n\t\tdocument,'script','https:\/\/connect.facebook.net\/en_US\/fbevents.js');\n\t\tfbq('consent', consent);\n\t\tfbq('init', '813236348753005');\n\t\tfbq('track', \"PageView\");\n\t<\/script><br \/>\n<br \/><br \/>\n<br \/><a href=\"https:\/\/www.boston.com\/news\/local-news\/2024\/09\/03\/the-dog-days-of-summer-the-day-after-labor-day\/\">Source link <\/a><\/p>","protected":false},"excerpt":{"rendered":"<p>Not\u00edcias locais \u00c0 medida que as restri\u00e7\u00f5es nas praias do Cabo s\u00e3o suspensas, os c\u00e3es assumem o controle. Roxie emerge do oceano com sua bola na praia de West Dennis,&hellip;<\/p>","protected":false},"author":1,"featured_media":31259,"comment_status":"closed","ping_status":"open","sticky":false,"template":"","format":"standard","meta":{"content-type":"","footnotes":""},"categories":[1],"tags":[],"class_list":["post-31258","post","type-post","status-publish","format-standard","has-post-thumbnail","hentry","category-uncategorized"],"_links":{"self":[{"href":"https:\/\/tvbrazilusa.com\/pt\/wp-json\/wp\/v2\/posts\/31258","targetHints":{"allow":["GET"]}}],"collection":[{"href":"https:\/\/tvbrazilusa.com\/pt\/wp-json\/wp\/v2\/posts"}],"about":[{"href":"https:\/\/tvbrazilusa.com\/pt\/wp-json\/wp\/v2\/types\/post"}],"author":[{"embeddable":true,"href":"https:\/\/tvbrazilusa.com\/pt\/wp-json\/wp\/v2\/users\/1"}],"replies":[{"embeddable":true,"href":"https:\/\/tvbrazilusa.com\/pt\/wp-json\/wp\/v2\/comments?post=31258"}],"version-history":[{"count":1,"href":"https:\/\/tvbrazilusa.com\/pt\/wp-json\/wp\/v2\/posts\/31258\/revisions"}],"predecessor-version":[{"id":31260,"href":"https:\/\/tvbrazilusa.com\/pt\/wp-json\/wp\/v2\/posts\/31258\/revisions\/31260"}],"wp:featuredmedia":[{"embeddable":true,"href":"https:\/\/tvbrazilusa.com\/pt\/wp-json\/wp\/v2\/media\/31259"}],"wp:attachment":[{"href":"https:\/\/tvbrazilusa.com\/pt\/wp-json\/wp\/v2\/media?parent=31258"}],"wp:term":[{"taxonomy":"category","embeddable":true,"href":"https:\/\/tvbrazilusa.com\/pt\/wp-json\/wp\/v2\/categories?post=31258"},{"taxonomy":"post_tag","embeddable":true,"href":"https:\/\/tvbrazilusa.com\/pt\/wp-json\/wp\/v2\/tags?post=31258"}],"curies":[{"name":"wp","href":"https:\/\/api.w.org\/{rel}","templated":true}]}}