{"id":31264,"date":"2024-09-03T19:30:30","date_gmt":"2024-09-03T19:30:30","guid":{"rendered":"https:\/\/tvbrazilusa.com\/2024\/09\/03\/veja-como-os-eagles-planejam-passar-o-voo-de-9-horas-ate-sao-paulo\/"},"modified":"2024-09-03T19:43:29","modified_gmt":"2024-09-03T19:43:29","slug":"veja-como-os-eagles-planejam-passar-o-voo-de-9-horas-ate-sao-paulo","status":"publish","type":"post","link":"https:\/\/tvbrazilusa.com\/pt\/2024\/09\/03\/veja-como-os-eagles-planejam-passar-o-voo-de-9-horas-ate-sao-paulo\/","title":{"rendered":"Veja como os Eagles planejam passar o voo de 9 horas at\u00e9 S\u00e3o Paulo"},"content":{"rendered":"<script async src=\"https:\/\/pagead2.googlesyndication.com\/pagead\/js\/adsbygoogle.js?client=ca-pub-8864793242727901\"\r\n     crossorigin=\"anonymous\"><\/script>\n<div>\n<p class=\"article__paragraph article__paragraph--left\" id=\"GL5GMEW5VNCDHPKSLHKPSCXJFU\"><a href=\"https:\/\/www.nj.com\/eagles\/\" target=\"_blank\" rel=\"noopener\">\u00c1guias<\/a> gerente geral assistente <a href=\"https:\/\/www.nj.com\/eagles\/2024\/09\/eagles-assistant-gm-says-players-have-not-been-told-to-stay-in-their-rooms-during-trip-to-brazil.html\" target=\"_blank\" rel=\"noopener\">Jon Ferrari <\/a>disse na segunda-feira que os jogadores est\u00e3o sendo aconselhados a tentar ficar acordados durante o voo de 9 horas para S\u00e3o Paulo, que decolar\u00e1 na quarta-feira de manh\u00e3 e pousar\u00e1 na Am\u00e9rica do Sul no in\u00edcio da noite.<\/p>\n<p class=\"article__paragraph article__paragraph--left\" id=\"SLV6HV2YLVEQHDEKOTQHUFIGOI\">Dessa forma, disse ele, eles podem comer alguma coisa quando pousarem, ir para a cama e acordar na quinta-feira prontos para seu \u00faltimo dia completo de prepara\u00e7\u00e3o antes de<a href=\"https:\/\/www.nj.com\/eagles\/2024\/09\/eagles-brandon-graham-is-about-to-begin-his-final-season-what-should-we-expect-for-an-encore.html\" target=\"_blank\" rel=\"noopener\"> Abertura da temporada na sexta-feira \u00e0 noite contra o Green Bay Packers.<\/a><\/p>\n<\/div>\n<p><br \/>\n<br \/><a href=\"https:\/\/www.nj.com\/eagles\/2024\/09\/heres-how-eagles-plan-to-spend-their-9-hour-flight-to-sao-paulo.html\">Source link <\/a><\/p>","protected":false},"excerpt":{"rendered":"<p>\u00c1guias gerente geral assistente Jon Ferrari disse na segunda-feira que os jogadores est\u00e3o sendo aconselhados a tentar ficar acordados durante o voo de 9 horas para S\u00e3o Paulo, que decolar\u00e1&hellip;<\/p>","protected":false},"author":1,"featured_media":31265,"comment_status":"closed","ping_status":"open","sticky":false,"template":"","format":"standard","meta":{"content-type":"","footnotes":""},"categories":[1],"tags":[],"class_list":["post-31264","post","type-post","status-publish","format-standard","has-post-thumbnail","hentry","category-uncategorized"],"_links":{"self":[{"href":"https:\/\/tvbrazilusa.com\/pt\/wp-json\/wp\/v2\/posts\/31264","targetHints":{"allow":["GET"]}}],"collection":[{"href":"https:\/\/tvbrazilusa.com\/pt\/wp-json\/wp\/v2\/posts"}],"about":[{"href":"https:\/\/tvbrazilusa.com\/pt\/wp-json\/wp\/v2\/types\/post"}],"author":[{"embeddable":true,"href":"https:\/\/tvbrazilusa.com\/pt\/wp-json\/wp\/v2\/users\/1"}],"replies":[{"embeddable":true,"href":"https:\/\/tvbrazilusa.com\/pt\/wp-json\/wp\/v2\/comments?post=31264"}],"version-history":[{"count":1,"href":"https:\/\/tvbrazilusa.com\/pt\/wp-json\/wp\/v2\/posts\/31264\/revisions"}],"predecessor-version":[{"id":31266,"href":"https:\/\/tvbrazilusa.com\/pt\/wp-json\/wp\/v2\/posts\/31264\/revisions\/31266"}],"wp:featuredmedia":[{"embeddable":true,"href":"https:\/\/tvbrazilusa.com\/pt\/wp-json\/wp\/v2\/media\/31265"}],"wp:attachment":[{"href":"https:\/\/tvbrazilusa.com\/pt\/wp-json\/wp\/v2\/media?parent=31264"}],"wp:term":[{"taxonomy":"category","embeddable":true,"href":"https:\/\/tvbrazilusa.com\/pt\/wp-json\/wp\/v2\/categories?post=31264"},{"taxonomy":"post_tag","embeddable":true,"href":"https:\/\/tvbrazilusa.com\/pt\/wp-json\/wp\/v2\/tags?post=31264"}],"curies":[{"name":"wp","href":"https:\/\/api.w.org\/{rel}","templated":true}]}}