{"id":31275,"date":"2024-09-03T19:21:16","date_gmt":"2024-09-03T19:21:16","guid":{"rendered":"https:\/\/tvbrazilusa.com\/2024\/09\/03\/morre-menina-de-7-anos-baleada-em-providence\/"},"modified":"2024-09-03T20:00:11","modified_gmt":"2024-09-03T20:00:11","slug":"morre-menina-de-7-anos-baleada-em-providence","status":"publish","type":"post","link":"https:\/\/tvbrazilusa.com\/pt\/2024\/09\/03\/morre-menina-de-7-anos-baleada-em-providence\/","title":{"rendered":"Morre menina de 7 anos baleada em Providence"},"content":{"rendered":"<p> <script async src=\"https:\/\/pagead2.googlesyndication.com\/pagead\/js\/adsbygoogle.js?client=ca-pub-8864793242727901\"\r\n     crossorigin=\"anonymous\"><\/script><br \/>\n<\/p>\n<div id=\"\">\n<header class=\"m-article-header m-article-header--standard\">\n\t\t\t\t\t\t\t\t\t\t\t\t<span id=\"article-header-primary-term\"><br \/>\n\t\t\t\t\t\t\t\t<a class=\"a-term a-term--primary\" href=\"https:\/\/www.boston.com\/tag\/crime\/\"><\/p>\n<p>\t\t\t\t\t\t\t\tCrime\t\t\t\t\t\t\t\t<\/a><br \/>\n\t\t\t\t\t\t\t<\/span><\/p>\n<h2 class=\"m-article-header__sub-headline\">Dois suspeitos do tiroteio da semana passada est\u00e3o enfrentando acusa\u00e7\u00f5es de assassinato depois que a crian\u00e7a n\u00e3o resistiu aos ferimentos na segunda-feira.<\/h2>\n<figure class=\"a-photo m-article-header__photo\"><figcaption class=\"a-photo__caption\">\n\t<em> <\/em>\t<\/figcaption><\/figure>\n<\/header>\n<p>Uma crian\u00e7a de 7 anos que estava <a href=\"https:\/\/www.boston.com\/news\/local-news\/2024\/08\/30\/girl-7-in-critical-condition-after-being-shot-in-providence\/\" target=\"_blank\" rel=\"noreferrer noopener\">filmado em Providence na semana passada<\/a> enquanto estava sentada em um carro com seu pai e irm\u00e3o morreu, disse a pol\u00edcia na segunda-feira.<\/p>\n<p>A menina ficou em estado cr\u00edtico ap\u00f3s o tiroteio na noite de quinta-feira na Florence Street e n\u00e3o resistiu aos ferimentos v\u00e1rios dias depois no Hospital Infantil Hasbro, informou o Departamento de Pol\u00edcia de Providence em um comunicado. <\/p>\n<p>Como resultado, dois suspeitos do tiroteio \u2014 Ahmari Cabrera, 19, e Shaheem Nathaniel, 26 \u2014 ser\u00e3o acusados \u200b\u200bde assassinato, de acordo com a pol\u00edcia. Cabrera e Nathaniel tamb\u00e9m est\u00e3o enfrentando in\u00fameras viola\u00e7\u00f5es de armas de fogo, disseram as autoridades.<\/p>\n<div class=\"m-block t-amp__list-container m-article-list-container m-article-list-container--frame-border a-border-frame  a-list-header__headline--red m-article-list--alternative--default  m-article-list--floated\">\n<ul class=\"t-amp__list a-list--no-style m-article-list m-article-list--recirculation m-article-list--has-images\">\n<li class=\"m-article-list__item m-article-list__item--featured\">\n\t\t\t\t<a class=\"m-article-list__link-wrapper\" href=\"https:\/\/www.boston.com\/news\/local-news\/2024\/08\/30\/girl-7-in-critical-condition-after-being-shot-in-providence\/\" data-p1=\"article_recirc_inline_feature\"><\/p>\n<p><h4 class=\"m-article-list__headline t-amp__list-headline\">\n\t\t\t\t\t\t\t<span class=\"m-article-list__link a-link a-link--inline a-link--text-link a-link--text-link-dark\"><\/p>\n<p>\t\t\t\t\t\t\tMenina de 7 anos fica em estado cr\u00edtico ap\u00f3s ser baleada enquanto estava no carro com a fam\u00edlia em Providence\t\t\t\t\t\t\t<\/span><br \/>\n\t\t\t\t\t\t<\/h4>\n<\/p>\n<p>\t\t\t\t<\/a>\n\t\t\t<\/li>\n<\/ul>\n<\/div>\n<p>\u201cNossos pensamentos est\u00e3o com a fam\u00edlia e os amigos da v\u00edtima envolvida neste tr\u00e1gico incidente, resultando na morte de uma crian\u00e7a inocente\u201d, disse a pol\u00edcia de Providence. \u201cContinuaremos a investigar as circunst\u00e2ncias que cercam este incidente e novas acusa\u00e7\u00f5es podem surgir.\u201d<\/p>\n<p>O Boston.com entrou em contato com o advogado de defesa de Nathaniel para comentar; n\u00e3o ficou imediatamente claro se Cabrera tinha um advogado que pudesse comentar sobre as acusa\u00e7\u00f5es. Registros judiciais online indicam que cada r\u00e9u est\u00e1 enfrentando um total de 11 acusa\u00e7\u00f5es, incluindo acusa\u00e7\u00f5es de porte de pistola ou rev\u00f3lver sem licen\u00e7a e fabrica\u00e7\u00e3o, venda, compra ou posse de uma &#8220;arma fantasma&#8221; indetect\u00e1vel ou arma de fogo impressa em 3D. <\/p>\n<p>O vice-chefe de pol\u00edcia de Providence, Timothy O&#8217;Hara, disse anteriormente aos rep\u00f3rteres que a crian\u00e7a &#8220;absolutamente n\u00e3o&#8221; era o alvo pretendido no tiroteio, embora tenha dito que houve alguma intera\u00e7\u00e3o entre o motorista do carro e os suspeitos antes do tiroteio, de acordo com <a href=\"https:\/\/www.providencejournal.com\/story\/news\/crime\/2024\/09\/02\/7-year-old-girl-shot-on-florence-street-in-providence-has-died\/75051455007\/\" target=\"_blank\" rel=\"noreferrer noopener\"><em>O Di\u00e1rio da Provid\u00eancia<\/em><\/a><em>. <\/em><\/p>\n<p>\u201cAgora, sabemos quem; o porqu\u00ea \u00e9 no que estamos trabalhando\u201d, disse O&#8217;Hara na sexta-feira, de acordo com <em>O Di\u00e1rio da Provid\u00eancia.<\/em><\/p>\n<p>O prefeito Brett P. Smiley refletiu sobre o tiroteio fatal em uma declara\u00e7\u00e3o fornecida ao Boston.com. <\/p>\n<p>\u201cMeus pensamentos e ora\u00e7\u00f5es sinceras est\u00e3o com a fam\u00edlia da v\u00edtima e todos aqueles em nossa comunidade impactados por este incidente devastador\u201d, disse Smiley. \u201cEstou orgulhoso da dedica\u00e7\u00e3o cont\u00ednua do Departamento de Pol\u00edcia de Providence em proteger nossos bairros, mas sei que, em n\u00edvel estadual, local e comunit\u00e1rio, todos n\u00f3s precisamos fazer mais para evitar que incidentes como este aconte\u00e7am novamente.\u201d<\/p>\n<div class=\"m-block m-generic-cta\t m-generic-cta--post-content\t m-generic-cta--dark\t m-generic-cta--homepage\t m-generic-cta--email-signup\t\t m-generic-cta-block-style--default \tt-amp__generic-cta\"><\/p>\n<div class=\"m-generic-cta__wrap\">\n<div class=\"m-generic-cta__content\">\n<h3 class=\"m-generic-cta__title\">Boston.com Hoje<\/h3>\n<p class=\"m-generic-cta__subtitle\">Inscreva-se para receber as \u00faltimas manchetes na sua caixa de entrada todas as manh\u00e3s.<\/p>\n<\/p><\/div>\n<\/p><\/div>\n<\/div><\/div>\n<p><script>\n\t\tvar consent=\"grant\";\n\t\t\/* The above code is parsing the JSON data from the local storage and storing it in a variable. *\/\n\t\t\t\t\tconst onetrustStorageConsent = JSON.parse(localStorage.getItem( 'consent_one_trust_bdc' ) );\n\t\t\tif ( ( onetrustStorageConsent !== null ) ) {\n\t\t\t\t\/* Checking to see if the user has consented to the use of cookies.\n\t\t\t\t* If they have not, it is deleting the cookie.\n\t\t\t\t* This will comment for now, until further notice.\n\t\t\t\t*\/\n\t\t\t\t\/\/if ( onetrustStorageConsent.C0002 === false ) {\n\t\t\t\t\/\/\tdocument.cookie=\"_fbp=;expires=Thu, 01 Jan 2010 00:00:00 UTC; path=\/; domain=.boston.com\";\n\t\t\t\t\/\/}\n\t\t\t\t\/* Checking if the user has given consent for the cookie C0002.\n\t\t\t\t* If the user has given consent, the variable consent will be set to 'grant'.\n\t\t\t\t* If the user has not given consent,the variable consent will be set to 'revoke'.\n\t\t\t\t* Documentation https:\/\/developers.facebook.com\/docs\/meta-pixel\/implementation\/gdpr\n\t\t\t\t*\/\n\t\t\t\tif ( onetrustStorageConsent.C0002 !== true ) {\n\t\t\t\t\tconsent=\"revoke\";\n\t\t\t\t}\n\t\t\t}\n\t\t\t\t!function(f,b,e,v,n,t,s)\n\t\t{if(f.fbq)return;n=f.fbq=function(){n.callMethod?\n\t\tn.callMethod.apply(n,arguments):n.queue.push(arguments)};\n\t\tif(!f._fbq)f._fbq=n;n.push=n;n.loaded=!0;n.version='2.0';\n\t\tn.queue=[];t=b.createElement(e);t.async=!0;\n\t\tt.src=v;s=b.getElementsByTagName(e)[0];\n\t\ts.parentNode.insertBefore(t,s)}(window, document,'script',\n\t\t'https:\/\/connect.facebook.net\/en_US\/fbevents.js');\n\t\tfbq('consent', consent);\n\t\tfbq('init', '989222871864976');\n\t\tfbq('track', 'PageView');\n\t<\/script><script type=\"module\">\n\t\tvar consent=\"grant\";\n\t\t\/* The above code is parsing the JSON data from the local storage and storing it in a variable. *\/\n\t\t\tconst onetrustStorageConsent = JSON.parse(localStorage.getItem( 'consent_one_trust_bdc' ) );\n\t\t\t\/* Checking to see if the user has consented to the use of cookies.\n\t\t\t* If they have not, it is deleting the cookie.\n\t\t\t* This will comment for now, until further notice.\n\t\t\t*\/\n\t\t\t\/\/if ( onetrustStorageConsent.C0002 === false ) {\n\t\t\t\/\/\tdocument.cookie=\"_fbp=;expires=Thu, 01 Jan 2010 00:00:00 UTC; path=\/; domain=.boston.com\";\n\t\t\t\/\/}\n\t\t\t\/* Checking if the user has given consent for the cookie C0002.\n\t\t\t* If the user has given consent, the variable consent will be set to 'grant'.\n\t\t\t* If the user has not given consent,the variable consent will be set to 'revoke'.\n\t\t\t* Documentation https:\/\/developers.facebook.com\/docs\/meta-pixel\/implementation\/gdpr\n\t\t\t*\/\n\t\t\tif ( ( onetrustStorageConsent !== null ) && (onetrustStorageConsent.C0002 !== true ) ) {\n\t\t\t\tconsent=\"revoke\";\n\t\t\t}\n\t\t\t\t!function(f,b,e,v,n,t,s){if(f.fbq)return;n=f.fbq=function()\n\t\t{n.callMethod? n.callMethod.apply(n,arguments):n.queue.push(arguments)}\n\t\t;if(!f._fbq)f._fbq=n;\n\t\tn.push=n;n.loaded=!0;n.version='2.0';n.queue=[];t=b.createElement(e);t.async=!0;\n\t\tt.src=v;s=b.getElementsByTagName(e)[0];s.parentNode.insertBefore(t,s)}(window,\n\t\tdocument,'script','https:\/\/connect.facebook.net\/en_US\/fbevents.js');\n\t\tfbq('consent', consent);\n\t\tfbq('init', '813236348753005');\n\t\tfbq('track', \"PageView\");\n\t<\/script><br \/>\n<br \/><br \/>\n<br \/><a href=\"https:\/\/www.boston.com\/news\/crime\/2024\/09\/03\/7-year-old-girl-shot-in-providence-has-died\/\">Source link <\/a><\/p>","protected":false},"excerpt":{"rendered":"<p>Crime Dois suspeitos do tiroteio da semana passada est\u00e3o enfrentando acusa\u00e7\u00f5es de assassinato depois que a crian\u00e7a n\u00e3o resistiu aos ferimentos na segunda-feira. Uma crian\u00e7a de 7 anos que estava&hellip;<\/p>","protected":false},"author":1,"featured_media":31276,"comment_status":"closed","ping_status":"open","sticky":false,"template":"","format":"standard","meta":{"content-type":"","footnotes":""},"categories":[1],"tags":[],"class_list":["post-31275","post","type-post","status-publish","format-standard","has-post-thumbnail","hentry","category-uncategorized"],"_links":{"self":[{"href":"https:\/\/tvbrazilusa.com\/pt\/wp-json\/wp\/v2\/posts\/31275","targetHints":{"allow":["GET"]}}],"collection":[{"href":"https:\/\/tvbrazilusa.com\/pt\/wp-json\/wp\/v2\/posts"}],"about":[{"href":"https:\/\/tvbrazilusa.com\/pt\/wp-json\/wp\/v2\/types\/post"}],"author":[{"embeddable":true,"href":"https:\/\/tvbrazilusa.com\/pt\/wp-json\/wp\/v2\/users\/1"}],"replies":[{"embeddable":true,"href":"https:\/\/tvbrazilusa.com\/pt\/wp-json\/wp\/v2\/comments?post=31275"}],"version-history":[{"count":1,"href":"https:\/\/tvbrazilusa.com\/pt\/wp-json\/wp\/v2\/posts\/31275\/revisions"}],"predecessor-version":[{"id":31277,"href":"https:\/\/tvbrazilusa.com\/pt\/wp-json\/wp\/v2\/posts\/31275\/revisions\/31277"}],"wp:featuredmedia":[{"embeddable":true,"href":"https:\/\/tvbrazilusa.com\/pt\/wp-json\/wp\/v2\/media\/31276"}],"wp:attachment":[{"href":"https:\/\/tvbrazilusa.com\/pt\/wp-json\/wp\/v2\/media?parent=31275"}],"wp:term":[{"taxonomy":"category","embeddable":true,"href":"https:\/\/tvbrazilusa.com\/pt\/wp-json\/wp\/v2\/categories?post=31275"},{"taxonomy":"post_tag","embeddable":true,"href":"https:\/\/tvbrazilusa.com\/pt\/wp-json\/wp\/v2\/tags?post=31275"}],"curies":[{"name":"wp","href":"https:\/\/api.w.org\/{rel}","templated":true}]}}