{"id":31284,"date":"2024-09-03T20:08:33","date_gmt":"2024-09-03T20:08:33","guid":{"rendered":"https:\/\/tvbrazilusa.com\/2024\/09\/03\/o-especial-20-20-de-karen-read-vai-ao-ar-na-sexta-feira-aqui-esta-o-que-sabemos-ate-agora\/"},"modified":"2024-09-03T20:17:52","modified_gmt":"2024-09-03T20:17:52","slug":"o-especial-20-20-de-karen-read-vai-ao-ar-na-sexta-feira-aqui-esta-o-que-sabemos-ate-agora","status":"publish","type":"post","link":"https:\/\/tvbrazilusa.com\/pt\/2024\/09\/03\/o-especial-20-20-de-karen-read-vai-ao-ar-na-sexta-feira-aqui-esta-o-que-sabemos-ate-agora\/","title":{"rendered":"O especial &#8217;20\/20&#8242; de Karen Read vai ao ar na sexta-feira. Aqui est\u00e1 o que sabemos at\u00e9 agora."},"content":{"rendered":"<p> <script async src=\"https:\/\/pagead2.googlesyndication.com\/pagead\/js\/adsbygoogle.js?client=ca-pub-8864793242727901\"\r\n     crossorigin=\"anonymous\"><\/script><br \/>\n<\/p>\n<div id=\"\">\n<header class=\"m-article-header m-article-header--standard\">\n\t\t\t\t\t\t\t\t\t\t\t\t<span id=\"article-header-primary-term\"><br \/>\n\t\t\t\t\t\t\t\t<a class=\"a-term a-term--primary\" href=\"https:\/\/www.boston.com\/tag\/crime\/\"><\/p>\n<p>\t\t\t\t\t\t\t\tCrime\t\t\t\t\t\t\t\t<\/a><br \/>\n\t\t\t\t\t\t\t<\/span><\/p>\n<h2 class=\"m-article-header__sub-headline\">O programa &#8220;20\/20&#8221; da ABC divulgou um &#8220;v\u00eddeo pessoal exclusivo, um a um com Karen Read uma semana antes de seu julgamento&#8221; em um novo trailer.<\/h2>\n<figure class=\"a-photo m-article-header__photo\"><figcaption class=\"a-photo__caption\">\n<p>\tKaren Read senta-se \u00e0 mesa de defesa durante seu julgamento por assassinato no Tribunal Superior do Condado de Norfolk em 21 de maio.<em> Matt Stone\/Boston Herald, Piscina<\/em>\t<\/figcaption><\/figure>\n<\/header>\n<p>Com seu caso sensacional de assassinato ainda dominando as manchetes \u00e0 medida que ela se aproxima de seu segundo julgamento, <a href=\"https:\/\/www.boston.com\/tag\/karen-read\/\" target=\"_blank\" rel=\"noreferrer noopener\">Karen Leu<\/a> est\u00e1 programado para aparecer em um novo especial da ABC \u201c20\/20\u201d que vai ao ar na sexta-feira. <\/p>\n<p>O programa de not\u00edcias divulgou uma <a href=\"https:\/\/x.com\/ABC2020\/status\/1830984241649459315\" target=\"_blank\" rel=\"noreferrer noopener\">reboque<\/a> nas redes sociais na ter\u00e7a-feira, prometendo \u201cv\u00eddeo pessoal exclusivo, um a um com Karen Read uma semana antes de seu julgamento\u201d. Algumas das filmagens no trailer parecem vir de uma entrevista que Read deu a <a href=\"https:\/\/www.boston.com\/news\/crime\/2023\/08\/22\/heres-what-we-learned-from-the-nightline-segment-on-karen-read\/\" target=\"_blank\" rel=\"noreferrer noopener\">\u201cNightline\u201d da ABC no ano passado<\/a>meses antes de seu julgamento.<\/p>\n<p>Read, 44, \u00e9 acusada de, b\u00eabada e deliberadamente, bater com seu SUV no policial de Boston John O&#8217;Keefe \u2014 seu namorado h\u00e1 dois anos \u2014 e deix\u00e1-lo morrer na neve do lado de fora de uma casa em Canton em janeiro de 2022. Os promotores alegam que Read <a href=\"https:\/\/www.boston.com\/news\/crime\/2024\/06\/17\/karen-read-murder-trial-livestream-video-monday-june-17\/\" target=\"_blank\" rel=\"noreferrer noopener\">relacionamento deteriorado<\/a> com O&#8217;Keefe pode t\u00ea-la levado a matar; eles apontaram especificamente para <a href=\"https:\/\/www.boston.com\/news\/crime\/2024\/05\/24\/karen-read-trial-brian-higgins-flirty-texts-kiss\/\" target=\"_blank\" rel=\"noreferrer noopener\">textos de flerte<\/a> ela trocou com outro homem, assim como o <a href=\"https:\/\/www.boston.com\/news\/crime\/2024\/06\/20\/karen-read-murder-trial-livestream-video-thursday-june-20\/#nicholas-guarino\" target=\"_blank\" rel=\"noreferrer noopener\">mensagens de voz irritadas<\/a> ela deixou O&#8217;Keefe na manh\u00e3 em que ele morreu, chamando-o de &#8220;pervertido de merda&#8221; e dizendo que o odiava. <\/p>\n<p>\u201cVoc\u00ea diria que estava bravo com John naquela noite?\u201d, pergunta Matt Gutman, da ABC News, a Read no trailer de \u201c20\/20\u201d.<\/p>\n<p>\u201cSim\u201d, Read responde francamente. <\/p>\n<p>Mas a mulher de Mansfield manteve firmemente sua inoc\u00eancia, e seus advogados apontaram para uma cole\u00e7\u00e3o de testemunhas civis e policiais que, segundo eles, conspiraram para incriminar Read pela morte de O&#8217;Keefe. <\/p>\n<p>\u201cVoc\u00ea est\u00e1 alegando que eles est\u00e3o encobrindo isso\u201d, Gutman observa no trailer. \u201cPor que eles iriam querer se envolver nessa conspira\u00e7\u00e3o?\u201d <\/p>\n<p>&#8220;Porque ele est\u00e1 morto&#8221;, Read retruca. <\/p>\n<p>O primeiro julgamento de Read come\u00e7ou em abril e <a href=\"https:\/\/www.boston.com\/news\/crime\/2024\/07\/01\/karen-read-murder-trial-mistrial\/\" target=\"_blank\" rel=\"noreferrer noopener\">resultou em anula\u00e7\u00e3o do julgamento<\/a> em 1\u00ba de julho, depois que o j\u00fari voltou em um impasse. Os promotores pretendem julg\u00e1-la novamente em janeiro. <\/p>\n<p>O caso atraiu aten\u00e7\u00e3o nacional ao longo de mais de oito semanas de depoimentos, com multid\u00f5es se reunindo do lado de fora do Tribunal Superior de Norfolk em Dedham a cada dia do julgamento. O trailer de \u201c20\/20\u201d inclui clipes de apoiadores de \u201cFree Karen Read\u201d proclamando a inoc\u00eancia de Read, bem como contramanifestantes gritando \u201cprendam-na\u201d e \u201cJusti\u00e7a para JJ\u201d \u2014 apelido de O&#8217;Keefe.<\/p>\n<p>V\u00e1rios amigos de O&#8217;Keefe tamb\u00e9m aparecem no trailer, refletindo sobre sua mem\u00f3ria ou criticando o comportamento de Read durante o julgamento. Read, enquanto isso, \u00e9 mostrada se preparando para o tribunal, retocando seu cabelo e maquiagem e checando sua roupa duas vezes. <\/p>\n<p>\u201cEstou confiante de que estou fazendo tudo o que posso, e isso inclui <a href=\"https:\/\/www.boston.com\/news\/crime\/2024\/05\/21\/karen-read-courtroom-style\/\" target=\"_blank\" rel=\"noreferrer noopener\">procurando profissional para tribunal<\/a>\u201d, ela conta para a c\u00e2mera. \u201cAcabei de comprar esse terno do alfaiate porque as mangas eram muito longas e \u00e9 uma implic\u00e2ncia da minha m\u00e3e ver pessoas com mangas muito longas.\u201d<\/p>\n<p>O especial \u201c20\/20\u201d de Read estreia na sexta-feira \u00e0s 21h, hor\u00e1rio padr\u00e3o do leste. Tamb\u00e9m estar\u00e1 dispon\u00edvel para transmiss\u00e3o no Hulu.<\/p>\n<p><iframe loading=\"lazy\" src=\"https:\/\/www.facebook.com\/plugins\/video.php?height=314&#038;href=https%3A%2F%2Fwww.facebook.com%2FABC2020%2Fvideos%2F524976943361233%2F&#038;show_text=true&#038;width=560&#038;t=0\" width=\"560\" height=\"429\" style=\"border:none;overflow:hidden\" scrolling=\"no\" frameborder=\"0\" allowfullscreen=\"true\" allow=\"autoplay; clipboard-write; encrypted-media; picture-in-picture; web-share\"><\/iframe><\/p>\n<div class=\"m-block m-generic-cta\t m-generic-cta--post-content\t m-generic-cta--dark\t m-generic-cta--homepage\t m-generic-cta--email-signup\t\t m-generic-cta-block-style--default \tt-amp__generic-cta\"><\/p>\n<div class=\"m-generic-cta__wrap\">\n<div class=\"m-generic-cta__content\">\n<h3 class=\"m-generic-cta__title\">Boston.com Hoje<\/h3>\n<p class=\"m-generic-cta__subtitle\">Inscreva-se para receber as \u00faltimas manchetes na sua caixa de entrada todas as manh\u00e3s.<\/p>\n<\/p><\/div>\n<\/p><\/div>\n<\/div><\/div>\n<p><script>\n\t\tvar consent=\"grant\";\n\t\t\/* The above code is parsing the JSON data from the local storage and storing it in a variable. *\/\n\t\t\t\t\tconst onetrustStorageConsent = JSON.parse(localStorage.getItem( 'consent_one_trust_bdc' ) );\n\t\t\tif ( ( onetrustStorageConsent !== null ) ) {\n\t\t\t\t\/* Checking to see if the user has consented to the use of cookies.\n\t\t\t\t* If they have not, it is deleting the cookie.\n\t\t\t\t* This will comment for now, until further notice.\n\t\t\t\t*\/\n\t\t\t\t\/\/if ( onetrustStorageConsent.C0002 === false ) {\n\t\t\t\t\/\/\tdocument.cookie=\"_fbp=;expires=Thu, 01 Jan 2010 00:00:00 UTC; path=\/; domain=.boston.com\";\n\t\t\t\t\/\/}\n\t\t\t\t\/* Checking if the user has given consent for the cookie C0002.\n\t\t\t\t* If the user has given consent, the variable consent will be set to 'grant'.\n\t\t\t\t* If the user has not given consent,the variable consent will be set to 'revoke'.\n\t\t\t\t* Documentation https:\/\/developers.facebook.com\/docs\/meta-pixel\/implementation\/gdpr\n\t\t\t\t*\/\n\t\t\t\tif ( onetrustStorageConsent.C0002 !== true ) {\n\t\t\t\t\tconsent=\"revoke\";\n\t\t\t\t}\n\t\t\t}\n\t\t\t\t!function(f,b,e,v,n,t,s)\n\t\t{if(f.fbq)return;n=f.fbq=function(){n.callMethod?\n\t\tn.callMethod.apply(n,arguments):n.queue.push(arguments)};\n\t\tif(!f._fbq)f._fbq=n;n.push=n;n.loaded=!0;n.version='2.0';\n\t\tn.queue=[];t=b.createElement(e);t.async=!0;\n\t\tt.src=v;s=b.getElementsByTagName(e)[0];\n\t\ts.parentNode.insertBefore(t,s)}(window, document,'script',\n\t\t'https:\/\/connect.facebook.net\/en_US\/fbevents.js');\n\t\tfbq('consent', consent);\n\t\tfbq('init', '989222871864976');\n\t\tfbq('track', 'PageView');\n\t<\/script><script type=\"module\">\n\t\tvar consent=\"grant\";\n\t\t\/* The above code is parsing the JSON data from the local storage and storing it in a variable. *\/\n\t\t\tconst onetrustStorageConsent = JSON.parse(localStorage.getItem( 'consent_one_trust_bdc' ) );\n\t\t\t\/* Checking to see if the user has consented to the use of cookies.\n\t\t\t* If they have not, it is deleting the cookie.\n\t\t\t* This will comment for now, until further notice.\n\t\t\t*\/\n\t\t\t\/\/if ( onetrustStorageConsent.C0002 === false ) {\n\t\t\t\/\/\tdocument.cookie=\"_fbp=;expires=Thu, 01 Jan 2010 00:00:00 UTC; path=\/; domain=.boston.com\";\n\t\t\t\/\/}\n\t\t\t\/* Checking if the user has given consent for the cookie C0002.\n\t\t\t* If the user has given consent, the variable consent will be set to 'grant'.\n\t\t\t* If the user has not given consent,the variable consent will be set to 'revoke'.\n\t\t\t* Documentation https:\/\/developers.facebook.com\/docs\/meta-pixel\/implementation\/gdpr\n\t\t\t*\/\n\t\t\tif ( ( onetrustStorageConsent !== null ) && (onetrustStorageConsent.C0002 !== true ) ) {\n\t\t\t\tconsent=\"revoke\";\n\t\t\t}\n\t\t\t\t!function(f,b,e,v,n,t,s){if(f.fbq)return;n=f.fbq=function()\n\t\t{n.callMethod? n.callMethod.apply(n,arguments):n.queue.push(arguments)}\n\t\t;if(!f._fbq)f._fbq=n;\n\t\tn.push=n;n.loaded=!0;n.version='2.0';n.queue=[];t=b.createElement(e);t.async=!0;\n\t\tt.src=v;s=b.getElementsByTagName(e)[0];s.parentNode.insertBefore(t,s)}(window,\n\t\tdocument,'script','https:\/\/connect.facebook.net\/en_US\/fbevents.js');\n\t\tfbq('consent', consent);\n\t\tfbq('init', '813236348753005');\n\t\tfbq('track', \"PageView\");\n\t<\/script><br \/>\n<br \/><br \/>\n<br \/><a href=\"https:\/\/www.boston.com\/news\/crime\/2024\/09\/03\/karen-reads-20-20-special-airs-friday-heres-what-we-know-so-far\/\">Source link <\/a><\/p>","protected":false},"excerpt":{"rendered":"<p>Crime O programa &#8220;20\/20&#8221; da ABC divulgou um &#8220;v\u00eddeo pessoal exclusivo, um a um com Karen Read uma semana antes de seu julgamento&#8221; em um novo trailer. Karen Read senta-se&hellip;<\/p>","protected":false},"author":1,"featured_media":31285,"comment_status":"closed","ping_status":"open","sticky":false,"template":"","format":"standard","meta":{"content-type":"","footnotes":""},"categories":[1],"tags":[],"class_list":["post-31284","post","type-post","status-publish","format-standard","has-post-thumbnail","hentry","category-uncategorized"],"_links":{"self":[{"href":"https:\/\/tvbrazilusa.com\/pt\/wp-json\/wp\/v2\/posts\/31284","targetHints":{"allow":["GET"]}}],"collection":[{"href":"https:\/\/tvbrazilusa.com\/pt\/wp-json\/wp\/v2\/posts"}],"about":[{"href":"https:\/\/tvbrazilusa.com\/pt\/wp-json\/wp\/v2\/types\/post"}],"author":[{"embeddable":true,"href":"https:\/\/tvbrazilusa.com\/pt\/wp-json\/wp\/v2\/users\/1"}],"replies":[{"embeddable":true,"href":"https:\/\/tvbrazilusa.com\/pt\/wp-json\/wp\/v2\/comments?post=31284"}],"version-history":[{"count":1,"href":"https:\/\/tvbrazilusa.com\/pt\/wp-json\/wp\/v2\/posts\/31284\/revisions"}],"predecessor-version":[{"id":31286,"href":"https:\/\/tvbrazilusa.com\/pt\/wp-json\/wp\/v2\/posts\/31284\/revisions\/31286"}],"wp:featuredmedia":[{"embeddable":true,"href":"https:\/\/tvbrazilusa.com\/pt\/wp-json\/wp\/v2\/media\/31285"}],"wp:attachment":[{"href":"https:\/\/tvbrazilusa.com\/pt\/wp-json\/wp\/v2\/media?parent=31284"}],"wp:term":[{"taxonomy":"category","embeddable":true,"href":"https:\/\/tvbrazilusa.com\/pt\/wp-json\/wp\/v2\/categories?post=31284"},{"taxonomy":"post_tag","embeddable":true,"href":"https:\/\/tvbrazilusa.com\/pt\/wp-json\/wp\/v2\/tags?post=31284"}],"curies":[{"name":"wp","href":"https:\/\/api.w.org\/{rel}","templated":true}]}}