{"id":31298,"date":"2024-09-03T20:25:47","date_gmt":"2024-09-03T20:25:47","guid":{"rendered":"https:\/\/tvbrazilusa.com\/2024\/09\/03\/justica-federal-permite-que-meta-compartilhe-dados-do-whatsapp\/"},"modified":"2024-09-03T20:43:13","modified_gmt":"2024-09-03T20:43:13","slug":"justica-federal-permite-que-meta-compartilhe-dados-do-whatsapp","status":"publish","type":"post","link":"https:\/\/tvbrazilusa.com\/pt\/2024\/09\/03\/justica-federal-permite-que-meta-compartilhe-dados-do-whatsapp\/","title":{"rendered":"Justi\u00e7a Federal permite que Meta compartilhe dados do WhatsApp"},"content":{"rendered":"<p> <script async src=\"https:\/\/pagead2.googlesyndication.com\/pagead\/js\/adsbygoogle.js?client=ca-pub-8864793242727901\"\r\n     crossorigin=\"anonymous\"><\/script><br \/>\n<\/p>\n<div>\n<p><em><sub>Cr\u00e9ditos: depositphotos.com \/ dimarik<\/sub><\/em><\/p>\n<p>Recentemente, a Justi\u00e7a Federal determinou a suspens\u00e3o da liminar que impedia o compartilhamento de dados pessoais do WhatsApp com outras plataformas da Meta como Instagram e Facebook, para finalidades publicit\u00e1rias. Esta decis\u00e3o resulta de uma a\u00e7\u00e3o civil p\u00fablica impulsionada pelo Minist\u00e9rio P\u00fablico Federal (MPF) e pelo Instituto de Defesa do Consumidor (Idec), iniciada em agosto do ano passado. A Sexta Turma do Tribunal Regional Federal da 3\u00aa Regi\u00e3o, localizada em S\u00e3o Paulo, \u00e9 respons\u00e1vel pela resolu\u00e7\u00e3o dessa quest\u00e3o.<\/p>\n<p>A pol\u00eamica gira em torno da pol\u00edtica de privacidade adotada pelo WhatsApp em 2021. Os autores da a\u00e7\u00e3o alegam que a atualiza\u00e7\u00e3o infringe a Lei Geral de Prote\u00e7\u00e3o de Dados (LGPD) ao viabilizar o compartilhamento de dados pessoais sem que os usu\u00e1rios tenham dado um consentimento expl\u00edcito.<\/p>\n<h2 class=\"wp-block-heading\">Entendendo a Pol\u00edtica de Privacidade do WhatsApp<\/h2>\n<p>A pol\u00edtica de privacidade do WhatsApp, introduzida em 2021, tem sido um ponto de intensa discuss\u00e3o. A Meta sustenta que as mudan\u00e7as foram amplamente debatidas e aprovadas pelas autoridades brasileiras em 2022. De acordo com a empresa, essas altera\u00e7\u00f5es s\u00e3o fundamentais para a seguran\u00e7a e funcionalidade dos seus servi\u00e7os, incluindo WhatsApp, Instagram e Facebook.<\/p>\n<p>A remo\u00e7\u00e3o dessa pol\u00edtica poderia impactar severamente diversas funcionalidades, como o \u201cMeta Pay no WhatsApp\u201d e outras ferramentas comerciais opcionais. A empresa afirma que esses recursos s\u00e3o cruciais para garantir a efici\u00eancia e seguran\u00e7a dos servi\u00e7os oferecidos aos usu\u00e1rios.<\/p>\n<h2 class=\"wp-block-heading\">Por que a Liminar Foi Levantada?<\/h2>\n<p>O desembargador federal Souza Ribeiro justificou a suspens\u00e3o da liminar observando a complexidade e densidade do tema. Ele destacou que uma decis\u00e3o de tamanha import\u00e2ncia exige manifesta\u00e7\u00f5es de \u00f3rg\u00e3os reguladores, incluindo a Autoridade Nacional de Prote\u00e7\u00e3o de Dados (ANPD).<\/p>\n<p>Ribeiro enfatizou a necessidade de estudos t\u00e9cnicos e debates aprofundados sobre o assunto antes de uma decis\u00e3o final. Ele ainda sugeriu que talvez fosse poss\u00edvel encontrar uma solu\u00e7\u00e3o consensual entre as partes durante o processo judicial, tirando decis\u00f5es precipitadas de cena.<\/p>\n<h2 class=\"wp-block-heading\">Qual \u00e9 o Impacto para os Consumidores?<\/h2>\n<p>O Idec manifestou preocupa\u00e7\u00e3o com a suspens\u00e3o da liminar, argumentando que essa situa\u00e7\u00e3o deixa os consumidores sem a devida prote\u00e7\u00e3o. Segundo o instituto, o compartilhamento de dados para fins de publicidade direcionada compromete a escolha livre dos usu\u00e1rios.<\/p>\n<p>O Idec acredita que \u00e9 inaceit\u00e1vel que dados pessoais sejam utilizados sem o consentimento dos usu\u00e1rios, especialmente quando pr\u00e1ticas similares s\u00e3o proibidas em outras partes do mundo, como na Europa, Nig\u00e9ria e Argentina. O instituto reafirma seu compromisso em assegurar que os consumidores tenham controle sobre suas informa\u00e7\u00f5es pessoais.<\/p>\n<h3 class=\"wp-block-heading\">Repercuss\u00f5es da Decis\u00e3o<\/h3>\n<ul class=\"wp-block-list\">\n<li>O MPF e o Idec acusam a Meta de violar a LGPD com a pol\u00edtica de privacidade do WhatsApp de 2021.<\/li>\n<li>A Justi\u00e7a Federal havia inicialmente bloqueado o compartilhamento de dados entre as plataformas da Meta.<\/li>\n<li>A suspens\u00e3o da liminar permite que o compartilhamento de dados continue enquanto o processo judicial est\u00e1 em andamento.<\/li>\n<li>O Idec segue empenhado em garantir que os consumidores possam optar pelo compartilhamento de seus dados.<\/li>\n<\/ul>\n<p>Em comunicado, a Meta celebrou a decis\u00e3o, alegando que as acusa\u00e7\u00f5es contra sua pol\u00edtica de privacidade s\u00e3o infundadas. A empresa refor\u00e7ou seu compromisso de fornecer informa\u00e7\u00f5es durante o processo judicial e de continuar apoiando usu\u00e1rios e empresas no Brasil que fazem uso di\u00e1rio do WhatsApp.<\/p>\n<h2 class=\"wp-block-heading\">O que Esperar dos Pr\u00f3ximos Passos?<\/h2>\n<p>Com a suspens\u00e3o da liminar, a Meta est\u00e1 autorizada a continuar compartilhando dados entre seus aplicativos enquanto o processo n\u00e3o \u00e9 conclu\u00eddo. A decis\u00e3o final aguardar\u00e1 an\u00e1lises mais detalhadas e poss\u00edveis acordos entre as partes envolvidas.<\/p>\n<p>O resultado deste processo ter\u00e1 consequ\u00eancias significativas para a prote\u00e7\u00e3o de dados pessoais no Brasil, podendo estabelecer precedentes importantes para futuros lit\u00edgios envolvendo a LGPD e grandes corpora\u00e7\u00f5es tecnol\u00f3gicas.<\/p>\n<p>No momento, \u00e9 fundamental que os consumidores se mantenham informados sobre as pol\u00edticas de privacidade dos servi\u00e7os que empregam, compreendendo como seus dados s\u00e3o coletados, compartilhados e utilizados.<\/p>\n<\/p><\/div>\n<p><br \/>\n<br \/><a href=\"https:\/\/terrabrasilnoticias.com\/2024\/09\/justica-federal-permite-que-meta-compartilhe-dados-do-whatsapp\/\">Source link <\/a><\/p>","protected":false},"excerpt":{"rendered":"<p>Cr\u00e9ditos: depositphotos.com \/ dimarik Recentemente, a Justi\u00e7a Federal determinou a suspens\u00e3o da liminar que impedia o compartilhamento de dados pessoais do WhatsApp com outras plataformas da Meta como Instagram e&hellip;<\/p>","protected":false},"author":1,"featured_media":31299,"comment_status":"closed","ping_status":"open","sticky":false,"template":"","format":"standard","meta":{"content-type":"","footnotes":""},"categories":[16],"tags":[],"class_list":["post-31298","post","type-post","status-publish","format-standard","has-post-thumbnail","hentry","category-noticias"],"_links":{"self":[{"href":"https:\/\/tvbrazilusa.com\/pt\/wp-json\/wp\/v2\/posts\/31298","targetHints":{"allow":["GET"]}}],"collection":[{"href":"https:\/\/tvbrazilusa.com\/pt\/wp-json\/wp\/v2\/posts"}],"about":[{"href":"https:\/\/tvbrazilusa.com\/pt\/wp-json\/wp\/v2\/types\/post"}],"author":[{"embeddable":true,"href":"https:\/\/tvbrazilusa.com\/pt\/wp-json\/wp\/v2\/users\/1"}],"replies":[{"embeddable":true,"href":"https:\/\/tvbrazilusa.com\/pt\/wp-json\/wp\/v2\/comments?post=31298"}],"version-history":[{"count":1,"href":"https:\/\/tvbrazilusa.com\/pt\/wp-json\/wp\/v2\/posts\/31298\/revisions"}],"predecessor-version":[{"id":31300,"href":"https:\/\/tvbrazilusa.com\/pt\/wp-json\/wp\/v2\/posts\/31298\/revisions\/31300"}],"wp:featuredmedia":[{"embeddable":true,"href":"https:\/\/tvbrazilusa.com\/pt\/wp-json\/wp\/v2\/media\/31299"}],"wp:attachment":[{"href":"https:\/\/tvbrazilusa.com\/pt\/wp-json\/wp\/v2\/media?parent=31298"}],"wp:term":[{"taxonomy":"category","embeddable":true,"href":"https:\/\/tvbrazilusa.com\/pt\/wp-json\/wp\/v2\/categories?post=31298"},{"taxonomy":"post_tag","embeddable":true,"href":"https:\/\/tvbrazilusa.com\/pt\/wp-json\/wp\/v2\/tags?post=31298"}],"curies":[{"name":"wp","href":"https:\/\/api.w.org\/{rel}","templated":true}]}}