{"id":31301,"date":"2024-09-03T20:35:34","date_gmt":"2024-09-03T20:35:34","guid":{"rendered":"https:\/\/tvbrazilusa.com\/2024\/09\/03\/os-protestos-em-massa-em-israel-sobre-os-refens-poderiam-persuadir-netanyahu-a-concordar-com-um-acordo-de-cessar-fogo-wsvn-7news-noticias-de-miami-clima-esportes-fort-lauderdale\/"},"modified":"2024-09-03T20:47:41","modified_gmt":"2024-09-03T20:47:41","slug":"os-protestos-em-massa-em-israel-sobre-os-refens-poderiam-persuadir-netanyahu-a-concordar-com-um-acordo-de-cessar-fogo-wsvn-7news-noticias-de-miami-clima-esportes-fort-lauderdale","status":"publish","type":"post","link":"https:\/\/tvbrazilusa.com\/pt\/2024\/09\/03\/os-protestos-em-massa-em-israel-sobre-os-refens-poderiam-persuadir-netanyahu-a-concordar-com-um-acordo-de-cessar-fogo-wsvn-7news-noticias-de-miami-clima-esportes-fort-lauderdale\/","title":{"rendered":"Os protestos em massa em Israel sobre os ref\u00e9ns poderiam persuadir Netanyahu a concordar com um acordo de cessar-fogo? &#8211; WSVN 7News | Not\u00edcias de Miami, Clima, Esportes | Fort Lauderdale"},"content":{"rendered":"<p> <script async src=\"https:\/\/pagead2.googlesyndication.com\/pagead\/js\/adsbygoogle.js?client=ca-pub-8864793242727901\"\r\n     crossorigin=\"anonymous\"><\/script><br \/>\n<\/p>\n<div itemprop=\"articleBody\">\n<p>TEL AVIV, Israel (AP) \u2014 Os israelenses mergulharam em tristeza e raiva neste fim de semana depois que os militares disseram que seis ref\u00e9ns foram mortos por seus captores em Gaza, no momento em que as tropas estavam se aproximando de sua localiza\u00e7\u00e3o. A raiva desencadeou protestos massivos e uma greve geral \u2014 a press\u00e3o dom\u00e9stica mais intensa sobre o primeiro-ministro israelense Benjamin Netanyahu desde o in\u00edcio da guerra, h\u00e1 quase 11 meses.<\/p>\n<p>Muitos israelenses culpam Netanyahu pelo crescente n\u00famero de ref\u00e9ns mortos e est\u00e3o pedindo um acordo de cessar-fogo para libertar os cerca de 100 cativos restantes \u2014 mesmo que isso signifique acabar com o conflito. As manifesta\u00e7\u00f5es de domingo foram a maior demonstra\u00e7\u00e3o de apoio a um acordo de ref\u00e9ns desde 7 de outubro, quando militantes liderados pelo Hamas invadiram Israel e sequestraram 250 pessoas.<\/p>\n<p>Mas Netanyahu j\u00e1 enfrentou forte press\u00e3o para chegar a um acordo de cessar-fogo antes, desde os principais parceiros do governo at\u00e9 as principais autoridades de seguran\u00e7a e at\u00e9 mesmo o mais importante aliado internacional de Israel, os EUA. No entanto, um acordo para encerrar a guerra em Gaza continua distante.<\/p>\n<p>Veja como o clamor p\u00fablico em Israel pode afetar os pr\u00f3ximos movimentos de Netanyahu na guerra:<\/p>\n<h4 class=\"wp-block-heading\">Posi\u00e7\u00e3o de Netanyahu<\/h4>\n<p>Ao longo da guerra, os cr\u00edticos alegaram que Netanyahu colocou sua sobreviv\u00eancia pol\u00edtica acima de tudo, incluindo o destino dos ref\u00e9ns. Seu governo depende do apoio de dois partidos ultranacionalistas que antes estavam \u00e0 margem da pol\u00edtica israelense, mas agora ocupam posi\u00e7\u00f5es-chave no governo.<\/p>\n<p>Liderados pelo Ministro das Finan\u00e7as Bezalel Smotrich e pelo Ministro da Seguran\u00e7a Nacional Itamar Ben-Gvir, eles se op\u00f5em a qualquer acordo que acabe com a guerra ou liberte prisioneiros palestinos condenados por matar israelenses. Eles prometeram derrubar o governo caso Netanyahu concordasse com um cessar-fogo \u2014 um passo que desencadearia elei\u00e7\u00f5es que poderiam remover Netanyahu do cargo.<\/p>\n<p>\u201cO que lhe importa \u00e9 sua sobreviv\u00eancia pol\u00edtica\u201d, disse Reuven Hazan, um cientista pol\u00edtico da Universidade Hebraica de Jerusal\u00e9m. \u201cSua sobreviv\u00eancia pol\u00edtica com Ben-Gvir e Smotrich n\u00e3o lhe permite acabar com a guerra e trazer os ref\u00e9ns de volta.\u201d<\/p>\n<p>Netanyahu culpa o Hamas pela falta de acordo.<\/p>\n<p>Pairando sobre o primeiro-ministro tamb\u00e9m est\u00e1 seu julgamento em andamento por acusa\u00e7\u00f5es de corrup\u00e7\u00e3o. Se Netanyahu for eliminado do poder, ele perder\u00e1 sua plataforma para atacar o sistema judicial, que ele acusa de ser tendencioso. Ele tamb\u00e9m n\u00e3o seria capaz de prosseguir com as mudan\u00e7as planejadas por seu governo para o sistema legal que os cr\u00edticos dizem que podem afetar o julgamento e ajud\u00e1-lo a evitar uma condena\u00e7\u00e3o.<\/p>\n<p>Netanyahu diz que tem os melhores interesses do pa\u00eds em mente e insiste que a opera\u00e7\u00e3o militar em Gaza \u00e9 a melhor maneira de trazer a liberdade dos ref\u00e9ns. Ele tamb\u00e9m quer qualquer acordo para manter as tropas israelenses em duas faixas de terra em Gaza, e reafirmou sua insist\u00eancia de que nunca concordar\u00e1 com uma retirada de uma dessas \u00e1reas na segunda-feira.<\/p>\n<p>O Hamas rejeitou essas exig\u00eancias como sendo obst\u00e1culos \u2014 e a condi\u00e7\u00e3o gerou conflitos com o pr\u00f3prio ministro da Defesa de Netanyahu, que diz que um acordo que liberte os ref\u00e9ns deveria ser uma prioridade.<\/p>\n<p>\u00c0 medida que o n\u00famero de v\u00edtimas da guerra em Gaza aumentava \u2014 com dezenas de milhares de mortos e faixas inteiras do territ\u00f3rio dizimadas \u2014 Israel se tornou cada vez mais isolado internacionalmente. Na segunda-feira, quando perguntado se Netanyahu estava fazendo o suficiente para negociar um acordo, o presidente dos EUA, Joe Biden, respondeu: &#8220;N\u00e3o&#8221;.<\/p>\n<p>Biden, que nunca se posicionou de forma igual com o l\u00edder israelense, embora suas na\u00e7\u00f5es sejam aliadas pr\u00f3ximas, tem se tornado cada vez mais cr\u00edtico em rela\u00e7\u00e3o \u00e0 lideran\u00e7a de seu hom\u00f3logo. Mas o momento do coment\u00e1rio de segunda-feira foi particularmente pontual, vindo como aconteceu ap\u00f3s as manifesta\u00e7\u00f5es e a demonstra\u00e7\u00e3o de pesar pelos ref\u00e9ns.<\/p>\n<h4 class=\"wp-block-heading\">A maior demonstra\u00e7\u00e3o de apoio a um acordo de ref\u00e9ns<\/h4>\n<p>Muitos israelenses acusam Netanyahu de obstruir um acordo para permanecer no poder e dizem que, ao n\u00e3o acabar com a guerra, ele est\u00e1 colocando a vida dos ref\u00e9ns em perigo.<\/p>\n<p>\u201cO Hamas foi quem puxou o gatilho, mas Netanyahu foi quem sentenciou (os ref\u00e9ns) \u00e0 morte\u201d, disse um editorial no domingo no jornal liberal Haaretz.<\/p>\n<p>Israel tem visto protestos semanais em solidariedade aos ref\u00e9ns desde o in\u00edcio da guerra. Mas com o tempo, conforme os israelenses tentavam retornar a uma apar\u00eancia de normalidade ou ficavam preocupados com medos de uma guerra regional com o Ir\u00e3 ou o grupo militante Hezbollah, os protestos diminu\u00edram em tamanho. Isso aliviou a press\u00e3o sobre Netanyahu e as negocia\u00e7\u00f5es para um acordo fracassaram repetidamente.<\/p>\n<p>Mas no domingo, centenas de milhares de pessoas se aglomeraram no centro de Tel Aviv, batendo tambores e gritando &#8220;Acordo, agora!&#8221; Cerca de 100 ref\u00e9ns permanecem em cativeiro em Gaza, cerca de um ter\u00e7o deles supostamente mortos. Israel e o Hamas t\u00eam ponderado uma proposta de tr\u00eas fases que os libertaria e acabaria com a guerra.<\/p>\n<p>Foi a maior manifesta\u00e7\u00e3o que Israel viu pelo menos desde antes da guerra, quando os israelenses foram \u00e0s ruas semanalmente para protestar contra um plano de Netanyahu para reformar o judici\u00e1rio. Enquanto os protestos, juntamente com uma greve geral, levaram Netanyahu e seu governo a recuar ou suavizar algumas decis\u00f5es, a reforma s\u00f3 foi colocada em espera quando a guerra estourou.<\/p>\n<h4 class=\"wp-block-heading\">Os limites da press\u00e3o p\u00fablica<\/h4>\n<p>O atual clamor p\u00fablico tem seus limites. O protesto de domingo n\u00e3o conseguiu romper fronteiras pol\u00edticas de longa data e pareceu ser amplamente composto pelos mesmos israelenses liberais e seculares que protestaram contra a reforma e contra a lideran\u00e7a de Netanyahu enquanto estava em julgamento por suposta corrup\u00e7\u00e3o. Muitos dos apoiadores de Netanyahu dizem que ceder em qualquer posi\u00e7\u00e3o nas negocia\u00e7\u00f5es agora, ap\u00f3s as mortes dos seis ref\u00e9ns, sinalizaria ao Hamas que ele pode colher recompensas de tal viol\u00eancia.<\/p>\n<p>Da mesma forma, a greve de segunda-feira refletiu essas mesmas divis\u00f5es pol\u00edticas. Munic\u00edpios liberais no centro de Israel, incluindo Tel Aviv, aderiram \u00e0 greve, levando ao fechamento de creches e jardins de inf\u00e2ncia p\u00fablicos, bem como outros servi\u00e7os. Mas outras cidades, principalmente com popula\u00e7\u00f5es conservadoras e religiosas que tendem a apoiar Netanyahu, incluindo Jerusal\u00e9m, n\u00e3o aderiram \u00e0 greve. E um tribunal trabalhista encurtou a greve em v\u00e1rias horas, prejudicando sua efic\u00e1cia.<\/p>\n<p>Sem grandes protestos sustentados em uma faixa mais ampla da sociedade, \u00e9 dif\u00edcil ver como Netanyahu sentir\u00e1 press\u00e3o suficiente para mudar sua abordagem, disse Hazan, o cientista pol\u00edtico. E enquanto seu governo estiver est\u00e1vel, ele pode manter suas exig\u00eancias nas negocia\u00e7\u00f5es para apaziguar sua coaliz\u00e3o e ignorar os protestos completamente.<\/p>\n<p>Ainda assim, parentes dos ref\u00e9ns encontrados mortos em Gaza expressaram esperan\u00e7a de que os protestos marcassem uma virada na guerra, o que poderia for\u00e7ar o progresso em um acordo.<\/p>\n<p>Em um elogio f\u00fanebre a Hersh Goldberg-Polin, um israelense-americano que se tornou um dos prisioneiros mais famosos, seu pai falou sobre a resson\u00e2ncia emocional que as mortes poderiam ter.<\/p>\n<p>\u201cPor 330 dias, mam\u00e3e e eu buscamos a proverbial pedra que poder\u00edamos virar para salvar voc\u00ea\u201d, disse Jon Polin. \u201cTalvez, s\u00f3 talvez, sua morte seja a pedra, o combust\u00edvel, que trar\u00e1 para casa os ref\u00e9ns restantes\u201d.<\/p>\n<p><em>Copyright 2024 The Associated Press. Todos os direitos reservados. Este material n\u00e3o pode ser publicado, transmitido, reescrito ou redistribu\u00eddo.<\/em><\/p>\n<div class=\"wp-block-newsletter\">\n\t<strong class=\"wp-block-newsletter__title\">Inscreva-se em nossa Newsletter para receber as \u00faltimas not\u00edcias diretamente na sua caixa de entrada<\/strong><\/p>\n<\/div><\/div>\n<p><br \/>\n<br \/><a href=\"https:\/\/wsvn.com\/news\/politics\/could-mass-protests-in-israel-over-the-hostages-persuade-netanyahu-to-agree-to-a-cease-fire-deal\/\">Source link <\/a><\/p>","protected":false},"excerpt":{"rendered":"<p>TEL AVIV, Israel (AP) \u2014 Os israelenses mergulharam em tristeza e raiva neste fim de semana depois que os militares disseram que seis ref\u00e9ns foram mortos por seus captores em&hellip;<\/p>","protected":false},"author":1,"featured_media":31302,"comment_status":"closed","ping_status":"open","sticky":false,"template":"","format":"standard","meta":{"content-type":"","footnotes":""},"categories":[1],"tags":[],"class_list":["post-31301","post","type-post","status-publish","format-standard","has-post-thumbnail","hentry","category-uncategorized"],"_links":{"self":[{"href":"https:\/\/tvbrazilusa.com\/pt\/wp-json\/wp\/v2\/posts\/31301","targetHints":{"allow":["GET"]}}],"collection":[{"href":"https:\/\/tvbrazilusa.com\/pt\/wp-json\/wp\/v2\/posts"}],"about":[{"href":"https:\/\/tvbrazilusa.com\/pt\/wp-json\/wp\/v2\/types\/post"}],"author":[{"embeddable":true,"href":"https:\/\/tvbrazilusa.com\/pt\/wp-json\/wp\/v2\/users\/1"}],"replies":[{"embeddable":true,"href":"https:\/\/tvbrazilusa.com\/pt\/wp-json\/wp\/v2\/comments?post=31301"}],"version-history":[{"count":1,"href":"https:\/\/tvbrazilusa.com\/pt\/wp-json\/wp\/v2\/posts\/31301\/revisions"}],"predecessor-version":[{"id":31303,"href":"https:\/\/tvbrazilusa.com\/pt\/wp-json\/wp\/v2\/posts\/31301\/revisions\/31303"}],"wp:featuredmedia":[{"embeddable":true,"href":"https:\/\/tvbrazilusa.com\/pt\/wp-json\/wp\/v2\/media\/31302"}],"wp:attachment":[{"href":"https:\/\/tvbrazilusa.com\/pt\/wp-json\/wp\/v2\/media?parent=31301"}],"wp:term":[{"taxonomy":"category","embeddable":true,"href":"https:\/\/tvbrazilusa.com\/pt\/wp-json\/wp\/v2\/categories?post=31301"},{"taxonomy":"post_tag","embeddable":true,"href":"https:\/\/tvbrazilusa.com\/pt\/wp-json\/wp\/v2\/tags?post=31301"}],"curies":[{"name":"wp","href":"https:\/\/api.w.org\/{rel}","templated":true}]}}