{"id":31319,"date":"2024-09-03T21:12:30","date_gmt":"2024-09-03T21:12:30","guid":{"rendered":"https:\/\/tvbrazilusa.com\/2024\/09\/03\/menor-de-idade-reclama-de-qualidade-de-maconha-em-rede-social-e-e-torturada-e-assassinada\/"},"modified":"2024-09-03T21:21:04","modified_gmt":"2024-09-03T21:21:04","slug":"menor-de-idade-reclama-de-qualidade-de-maconha-em-rede-social-e-e-torturada-e-assassinada","status":"publish","type":"post","link":"https:\/\/tvbrazilusa.com\/pt\/2024\/09\/03\/menor-de-idade-reclama-de-qualidade-de-maconha-em-rede-social-e-e-torturada-e-assassinada\/","title":{"rendered":"Menor de idade reclama de qualidade de maconha em rede social e \u00e9 torturada e assassinada"},"content":{"rendered":"<p> <script async src=\"https:\/\/pagead2.googlesyndication.com\/pagead\/js\/adsbygoogle.js?client=ca-pub-8864793242727901\"\r\n     crossorigin=\"anonymous\"><\/script><br \/>\n<\/p>\n<div>\n<p><em><sub>foto: reprodu\u00e7\u00e3o <\/sub><\/em><\/p>\n<p>Dois criminosos foram presos em flagrante pela Pol\u00edcia Civil nesta segunda-feira (02 de setembro), em C\u00e1ceres, Mato Grosso, acusados de serem os respons\u00e1veis pelo homic\u00eddio de Gabriela da Silva Pereira. Os suspeitos, com idades de 20 e 24 anos, foram autuados por tortura, organiza\u00e7\u00e3o criminosa e homic\u00eddio qualificado pelo motivo f\u00fatil e meio cruel.<\/p>\n<p>O corpo de Gabriela, uma adolescente de 16 anos, foi encontrado em uma rua no bairro Nova Era, tamb\u00e9m em C\u00e1ceres. A investiga\u00e7\u00e3o conduzida pela 1\u00aa Delegacia de C\u00e1ceres revelou que o crime foi motivado pelo fato de a v\u00edtima ter feito uma \u201clive\u201d em uma rede social, na qual criticou o entorpecente comercializado por uma organiza\u00e7\u00e3o criminosa.<\/p>\n<h2 class=\"wp-block-heading\">Pris\u00f5es efetuadas pela Pol\u00edcia Civil em C\u00e1ceres<\/h2>\n<p>Ap\u00f3s o acionamento, a equipe da Pol\u00edcia Civil iniciou as investiga\u00e7\u00f5es e descobriu que a v\u00edtima havia sido levada por integrantes da organiza\u00e7\u00e3o criminosa para uma resid\u00eancia no loteamento Jardim Primavera. L\u00e1, Gabriela foi amarrada, torturada e executada pelos criminosos.<\/p>\n<p>Durante a observa\u00e7\u00e3o do local, os policiais encontraram roupas e outros objetos queimados no quintal da casa, al\u00e9m de manchas de sangue pelo ch\u00e3o. O primeiro suspeito foi encontrado na resid\u00eancia. Questionado, ele confessou a autoria do crime e indicou os comparsas envolvidos. O segundo suspeito foi localizado no bairro Vit\u00f3ria R\u00e9gia e conduzido \u00e0 delegacia.<\/p>\n<h2 class=\"wp-block-heading\">Qual a motiva\u00e7\u00e3o por tr\u00e1s do crime?<\/h2>\n<p>O delegado respons\u00e1vel pelas investiga\u00e7\u00f5es, Marlon Nogueira, explicou que a morte de Gabriela foi determinada pelo fato de ela aparentar pertencer a uma fac\u00e7\u00e3o criminosa rival. A jovem frequentemente postava fotos fazendo o sinal relacionado ao grupo. \u201cA v\u00edtima fez uma live, em que criticou a maconha vendida pela organiza\u00e7\u00e3o criminosa que decretou a sua morte, sendo interpretada a a\u00e7\u00e3o como uma propaganda para a fac\u00e7\u00e3o rival\u201d, afirmou o delegado.<\/p>\n<h2 class=\"wp-block-heading\">Procedimentos e evid\u00eancias coletadas<\/h2>\n<p>Durante a investiga\u00e7\u00e3o, a pol\u00edcia fez diversas dilig\u00eancias para garantir um trabalho minucioso e eficaz. Os principais pontos de a\u00e7\u00e3o inclu\u00edram:<\/p>\n<ul class=\"wp-block-list\">\n<li>Inspe\u00e7\u00e3o detalhada no local do crime<\/li>\n<li>Coleta de evid\u00eancias como objetos queimados e manchas de sangue<\/li>\n<li>Interrogat\u00f3rio dos suspeitos<\/li>\n<li>Mapeamento das redes de contato dos criminosos<\/li>\n<\/ul>\n<p>Al\u00e9m disso, a equipe dedicou-se a entender o contexto motivacional que levou ao crime, incluindo as din\u00e2micas das fac\u00e7\u00f5es envolvidas.<\/p>\n<p>Em decorr\u00eancia dessa a\u00e7\u00e3o policial, a comunidade de C\u00e1ceres vem discutindo modos de aumentar a seguran\u00e7a e combater a a\u00e7\u00e3o de organiza\u00e7\u00f5es criminosas na regi\u00e3o. A pol\u00edcia refor\u00e7a a import\u00e2ncia de den\u00fancias an\u00f4nimas para auxiliar nas investiga\u00e7\u00f5es e garantir mais seguran\u00e7a para a popula\u00e7\u00e3o.<\/p>\n<\/p><\/div>\n<p><br \/>\n<br \/><a href=\"https:\/\/terrabrasilnoticias.com\/2024\/09\/menor-de-idade-reclama-de-qualidade-de-maconha-em-rede-social-e-e-torturada-e-assassinada\/\">Source link <\/a><\/p>","protected":false},"excerpt":{"rendered":"<p>foto: reprodu\u00e7\u00e3o Dois criminosos foram presos em flagrante pela Pol\u00edcia Civil nesta segunda-feira (02 de setembro), em C\u00e1ceres, Mato Grosso, acusados de serem os respons\u00e1veis pelo homic\u00eddio de Gabriela da&hellip;<\/p>","protected":false},"author":1,"featured_media":31320,"comment_status":"closed","ping_status":"open","sticky":false,"template":"","format":"standard","meta":{"content-type":"","footnotes":""},"categories":[16],"tags":[],"class_list":["post-31319","post","type-post","status-publish","format-standard","has-post-thumbnail","hentry","category-noticias"],"_links":{"self":[{"href":"https:\/\/tvbrazilusa.com\/pt\/wp-json\/wp\/v2\/posts\/31319","targetHints":{"allow":["GET"]}}],"collection":[{"href":"https:\/\/tvbrazilusa.com\/pt\/wp-json\/wp\/v2\/posts"}],"about":[{"href":"https:\/\/tvbrazilusa.com\/pt\/wp-json\/wp\/v2\/types\/post"}],"author":[{"embeddable":true,"href":"https:\/\/tvbrazilusa.com\/pt\/wp-json\/wp\/v2\/users\/1"}],"replies":[{"embeddable":true,"href":"https:\/\/tvbrazilusa.com\/pt\/wp-json\/wp\/v2\/comments?post=31319"}],"version-history":[{"count":1,"href":"https:\/\/tvbrazilusa.com\/pt\/wp-json\/wp\/v2\/posts\/31319\/revisions"}],"predecessor-version":[{"id":31321,"href":"https:\/\/tvbrazilusa.com\/pt\/wp-json\/wp\/v2\/posts\/31319\/revisions\/31321"}],"wp:featuredmedia":[{"embeddable":true,"href":"https:\/\/tvbrazilusa.com\/pt\/wp-json\/wp\/v2\/media\/31320"}],"wp:attachment":[{"href":"https:\/\/tvbrazilusa.com\/pt\/wp-json\/wp\/v2\/media?parent=31319"}],"wp:term":[{"taxonomy":"category","embeddable":true,"href":"https:\/\/tvbrazilusa.com\/pt\/wp-json\/wp\/v2\/categories?post=31319"},{"taxonomy":"post_tag","embeddable":true,"href":"https:\/\/tvbrazilusa.com\/pt\/wp-json\/wp\/v2\/tags?post=31319"}],"curies":[{"name":"wp","href":"https:\/\/api.w.org\/{rel}","templated":true}]}}