{"id":31341,"date":"2024-09-03T21:42:55","date_gmt":"2024-09-03T21:42:55","guid":{"rendered":"https:\/\/tvbrazilusa.com\/2024\/09\/03\/ministra-da-saude-joga-a-toalha-e-afirma-que-nao-ha-condicoes-para-erradicar-a-dengue-no-brasil\/"},"modified":"2024-09-03T21:50:05","modified_gmt":"2024-09-03T21:50:05","slug":"ministra-da-saude-joga-a-toalha-e-afirma-que-nao-ha-condicoes-para-erradicar-a-dengue-no-brasil","status":"publish","type":"post","link":"https:\/\/tvbrazilusa.com\/pt\/2024\/09\/03\/ministra-da-saude-joga-a-toalha-e-afirma-que-nao-ha-condicoes-para-erradicar-a-dengue-no-brasil\/","title":{"rendered":"Ministra da Sa\u00fade joga a toalha e afirma que \u201cN\u00e3o h\u00e1 condi\u00e7\u00f5es para erradicar a dengue\u201d no Brasil"},"content":{"rendered":"<p> <script async src=\"https:\/\/pagead2.googlesyndication.com\/pagead\/js\/adsbygoogle.js?client=ca-pub-8864793242727901\"\r\n     crossorigin=\"anonymous\"><\/script><br \/>\n<\/p>\n<div>\n<p><em><sub>Foto: Marcelo Camargo\/Ag\u00eancia Brasil<\/sub><\/em><\/p>\n<p>Em uma recente reuni\u00e3o do G20 realizada em Natal (RN), a Ministra da Sa\u00fade, N\u00edsia Trindade, declarou que o Brasil enfrenta desafios significativos na luta contra a dengue. Com uma postura realista, a ministra afirmou que, atualmente, <strong>n\u00e3o h\u00e1 condi\u00e7\u00f5es para erradicar a dengue<\/strong> no pa\u00eds, mas que h\u00e1 esfor\u00e7os cont\u00ednuos para minimizar os impactos desta doen\u00e7a.<\/p>\n<p>Este evento reuniu importantes l\u00edderes mundiais e especialistas em sa\u00fade, que discutiram estrat\u00e9gias para enfrentar doen\u00e7as infecciosas. A declara\u00e7\u00e3o da ministra trouxe \u00e0 tona a complexidade do combate \u00e0 dengue no Brasil, que \u00e9 um problema persistente nas \u00faltimas d\u00e9cadas.<\/p>\n<h2 class=\"wp-block-heading\">Desafios na Erradica\u00e7\u00e3o da Dengue<\/h2>\n<p>Durante a confer\u00eancia, enfatizou-se que a dengue \u00e9 causada pelo mosquito Aedes aegypti, que se prolifera em ambientes com \u00e1gua parada e \u00e9 favorecido por climas tropicais. Trindade destacou que fatores ambientais, urbaniza\u00e7\u00e3o desordenada e mudan\u00e7as clim\u00e1ticas dificultam a erradica\u00e7\u00e3o completa da doen\u00e7a.<\/p>\n<p>Os esfor\u00e7os para controlar a popula\u00e7\u00e3o de mosquitos, como campanhas de conscientiza\u00e7\u00e3o e elimina\u00e7\u00e3o de focos de prolifera\u00e7\u00e3o, s\u00e3o eficazes, mas n\u00e3o suficientes para uma erradica\u00e7\u00e3o total. \u201cPrecisamos de uma abordagem multifacetada que inclua tecnologia, pol\u00edticas p\u00fablicas e a colabora\u00e7\u00e3o da sociedade\u201d, afirmou a ministra.<\/p>\n<h2 class=\"wp-block-heading\">Quais Medidas Est\u00e3o Sendo Tomadas?<\/h2>\n<p>O Minist\u00e9rio da Sa\u00fade est\u00e1 implementando v\u00e1rias medidas para combater a dengue e proteger a popula\u00e7\u00e3o. Entre as a\u00e7\u00f5es destacadas pela ministra N\u00edsia Trindade, est\u00e3o:<\/p>\n<ul class=\"wp-block-list\">\n<li><strong>Campanhas de conscientiza\u00e7\u00e3o:<\/strong> Informar a popula\u00e7\u00e3o sobre a import\u00e2ncia de evitar a \u00e1gua parada e promover h\u00e1bitos que evitem a prolifera\u00e7\u00e3o do Aedes aegypti.<\/li>\n<li><strong>Investimento em pesquisas:<\/strong> Apoio a estudos para desenvolvimentos de novas vacinas e tratamentos.<\/li>\n<li><strong>Parcerias internacionais:<\/strong> Colaborar com outros pa\u00edses para compartilhar conhecimentos e t\u00e9cnicas eficazes no combate \u00e0 dengue.<\/li>\n<li><strong>Uso de tecnologia:<\/strong> Implementa\u00e7\u00e3o de tecnologias de monitoramento e controle de mosquitos, como drones e sensores inteligentes.<\/li>\n<\/ul>\n<h2 class=\"wp-block-heading\">Qual \u00e9 o Futuro da Luta Contra a Dengue no Brasil?<\/h2>\n<p>Apesar dos desafios, a ministra N\u00edsia Trindade permanece otimista. Ela acredita que, com investimentos cont\u00ednuos em pesquisa e desenvolvimento, o Brasil poder\u00e1, pelo menos, minimizar os surtos de dengue no futuro. \u201cEstamos comprometidos em buscar solu\u00e7\u00f5es inovadoras e eficazes para proteger nossos cidad\u00e3os e reduzir a incid\u00eancia de dengue no pa\u00eds\u201d, declarou.<\/p>\n<p>A dengue continua sendo uma preocupa\u00e7\u00e3o de sa\u00fade p\u00fablica, especialmente em \u00e9pocas de chuva, quando os focos de prolifera\u00e7\u00e3o do mosquito aumentam. A conscientiza\u00e7\u00e3o e o engajamento da popula\u00e7\u00e3o s\u00e3o cruciais para o andamento das iniciativas governamentais.<\/p>\n<h2 class=\"wp-block-heading\">Como Podemos nos Proteger?<\/h2>\n<p>Al\u00e9m das medidas do governo, a popula\u00e7\u00e3o pode tomar v\u00e1rias a\u00e7\u00f5es para se proteger da dengue:<\/p>\n<ol class=\"wp-block-list\">\n<li>Elimine qualquer recipiente que possa acumular \u00e1gua parada.<\/li>\n<li>Use repelentes e redes mosquiteiras, especialmente em \u00e1reas de maior risco.<\/li>\n<li>Participe ativamente das campanhas de conscientiza\u00e7\u00e3o.<\/li>\n<li>Esteja atento \u00e0s informa\u00e7\u00f5es das autoridades de sa\u00fade e siga as orienta\u00e7\u00f5es de preven\u00e7\u00e3o.<\/li>\n<\/ol>\n<p>Com esfor\u00e7os conjuntos, \u00e9 poss\u00edvel enfrentar este desafio de forma eficaz. A luta contra a dengue no Brasil continua, mas com esperan\u00e7a e determina\u00e7\u00e3o, h\u00e1 uma chance de um futuro mais seguro para todos.<\/p>\n<\/p><\/div>\n<p><br \/>\n<br \/><a href=\"https:\/\/terrabrasilnoticias.com\/2024\/09\/ministra-da-saude-joga-a-toalha-e-afirma-que-nao-ha-condicoes-para-erradicar-a-dengue-no-brasil\/\">Source link <\/a><\/p>","protected":false},"excerpt":{"rendered":"<p>Foto: Marcelo Camargo\/Ag\u00eancia Brasil Em uma recente reuni\u00e3o do G20 realizada em Natal (RN), a Ministra da Sa\u00fade, N\u00edsia Trindade, declarou que o Brasil enfrenta desafios significativos na luta contra&hellip;<\/p>","protected":false},"author":1,"featured_media":31342,"comment_status":"closed","ping_status":"open","sticky":false,"template":"","format":"standard","meta":{"content-type":"","footnotes":""},"categories":[16],"tags":[],"class_list":["post-31341","post","type-post","status-publish","format-standard","has-post-thumbnail","hentry","category-noticias"],"_links":{"self":[{"href":"https:\/\/tvbrazilusa.com\/pt\/wp-json\/wp\/v2\/posts\/31341","targetHints":{"allow":["GET"]}}],"collection":[{"href":"https:\/\/tvbrazilusa.com\/pt\/wp-json\/wp\/v2\/posts"}],"about":[{"href":"https:\/\/tvbrazilusa.com\/pt\/wp-json\/wp\/v2\/types\/post"}],"author":[{"embeddable":true,"href":"https:\/\/tvbrazilusa.com\/pt\/wp-json\/wp\/v2\/users\/1"}],"replies":[{"embeddable":true,"href":"https:\/\/tvbrazilusa.com\/pt\/wp-json\/wp\/v2\/comments?post=31341"}],"version-history":[{"count":1,"href":"https:\/\/tvbrazilusa.com\/pt\/wp-json\/wp\/v2\/posts\/31341\/revisions"}],"predecessor-version":[{"id":31343,"href":"https:\/\/tvbrazilusa.com\/pt\/wp-json\/wp\/v2\/posts\/31341\/revisions\/31343"}],"wp:featuredmedia":[{"embeddable":true,"href":"https:\/\/tvbrazilusa.com\/pt\/wp-json\/wp\/v2\/media\/31342"}],"wp:attachment":[{"href":"https:\/\/tvbrazilusa.com\/pt\/wp-json\/wp\/v2\/media?parent=31341"}],"wp:term":[{"taxonomy":"category","embeddable":true,"href":"https:\/\/tvbrazilusa.com\/pt\/wp-json\/wp\/v2\/categories?post=31341"},{"taxonomy":"post_tag","embeddable":true,"href":"https:\/\/tvbrazilusa.com\/pt\/wp-json\/wp\/v2\/tags?post=31341"}],"curies":[{"name":"wp","href":"https:\/\/api.w.org\/{rel}","templated":true}]}}