{"id":31387,"date":"2024-09-03T22:51:27","date_gmt":"2024-09-03T22:51:27","guid":{"rendered":"https:\/\/tvbrazilusa.com\/2024\/09\/03\/eua-acusam-lider-do-hamas-e-outros-militantes-em-conexao-com-o-massacre-de-7-de-outubro-em-israel-wsvn-7news-noticias-de-miami-clima-esportes-fort-lauderdale\/"},"modified":"2024-09-03T23:05:12","modified_gmt":"2024-09-03T23:05:12","slug":"eua-acusam-lider-do-hamas-e-outros-militantes-em-conexao-com-o-massacre-de-7-de-outubro-em-israel-wsvn-7news-noticias-de-miami-clima-esportes-fort-lauderdale","status":"publish","type":"post","link":"https:\/\/tvbrazilusa.com\/pt\/2024\/09\/03\/eua-acusam-lider-do-hamas-e-outros-militantes-em-conexao-com-o-massacre-de-7-de-outubro-em-israel-wsvn-7news-noticias-de-miami-clima-esportes-fort-lauderdale\/","title":{"rendered":"EUA acusam l\u00edder do Hamas e outros militantes em conex\u00e3o com o massacre de 7 de outubro em Israel &#8211; WSVN 7News | Not\u00edcias de Miami, Clima, Esportes | Fort Lauderdale"},"content":{"rendered":"<p> <script async src=\"https:\/\/pagead2.googlesyndication.com\/pagead\/js\/adsbygoogle.js?client=ca-pub-8864793242727901\"\r\n     crossorigin=\"anonymous\"><\/script><br \/>\n<\/p>\n<div itemprop=\"articleBody\">\n<p>WASHINGTON (AP) \u2014 O Departamento de Justi\u00e7a anunciou acusa\u00e7\u00f5es criminais na ter\u00e7a-feira contra o l\u00edder do Hamas, Yahya Sinwar, e outros militantes seniores em conex\u00e3o com o massacre de 7 de outubro de 2023 em Israel, marcando o primeiro esfor\u00e7o das autoridades americanas para denunciar formalmente os mentores do ataque.<\/p>\n<p>A queixa criminal de sete acusa\u00e7\u00f5es apresentada no tribunal federal na cidade de Nova York inclui acusa\u00e7\u00f5es de conspira\u00e7\u00e3o para fornecer suporte material a uma organiza\u00e7\u00e3o terrorista estrangeira, conspira\u00e7\u00e3o para assassinar cidad\u00e3os dos EUA e conspira\u00e7\u00e3o para usar armas de destrui\u00e7\u00e3o em massa, resultando em morte. Ela tamb\u00e9m acusa o Ir\u00e3 e o Hezbollah do L\u00edbano de fornecer suporte financeiro e armas, incluindo foguetes, que foram usados \u200b\u200bno ataque.<\/p>\n<p>O impacto do caso pode ser principalmente simb\u00f3lico, dado que se acredita que Sinwar esteja escondido em t\u00faneis e o Departamento de Justi\u00e7a diz que tr\u00eas dos seis r\u00e9us nomeados na queixa s\u00e3o considerados mortos agora. A queixa foi originalmente arquivada em segredo em fevereiro para dar tempo aos EUA de tentar levar sob cust\u00f3dia o ent\u00e3o l\u00edder do Hamas, Ismail Haniyeh, mas foi revelada na ter\u00e7a-feira, semanas ap\u00f3s a morte de Haniyeh e por causa de outros acontecimentos na regi\u00e3o, disse o Departamento de Justi\u00e7a.<\/p>\n<p>\u201cAs acusa\u00e7\u00f5es reveladas hoje s\u00e3o apenas uma parte do nosso esfor\u00e7o para atingir todos os aspectos das opera\u00e7\u00f5es do Hamas\u201d, disse o procurador-geral Merrick Garland em uma declara\u00e7\u00e3o em v\u00eddeo. \u201cEssas a\u00e7\u00f5es n\u00e3o ser\u00e3o as \u00faltimas.\u201d<\/p>\n<p>As acusa\u00e7\u00f5es v\u00eam enquanto a Casa Branca diz que est\u00e1 desenvolvendo uma nova proposta de cessar-fogo e acordo de ref\u00e9ns com seus colegas eg\u00edpcios e catarianos para tentar chegar a um acordo entre Israel e o Hamas para acabar com a guerra de quase 11 meses em Gaza. Um oficial dos EUA, que n\u00e3o estava autorizado a falar publicamente sobre o caso e falou sob condi\u00e7\u00e3o de anonimato, disse \u00e0 Associated Press que n\u00e3o havia raz\u00e3o para acreditar que as acusa\u00e7\u00f5es afetariam as negocia\u00e7\u00f5es em andamento.<\/p>\n<p>O porta-voz da seguran\u00e7a nacional, John Kirby, disse que as recentes \u201cexecu\u00e7\u00f5es\u201d de seis ref\u00e9ns, incluindo um americano, Hersh Goldberg-Polin, pelo Hamas \u201cressaltam o senso de urg\u00eancia\u201d nas negocia\u00e7\u00f5es.<\/p>\n<p>Sinwar foi nomeado chefe geral do Hamas ap\u00f3s o assassinato de Haniyeh no Ir\u00e3 e est\u00e1 no topo da lista dos mais procurados de Israel. Acredita-se que ele tenha passado a maior parte dos \u00faltimos 10 meses vivendo em t\u00faneis sob Gaza, e n\u00e3o est\u00e1 claro quanto contato ele tem com o mundo exterior. Ele era um prisioneiro palestino de longa data libertado em uma troca do tipo que seria parte de um acordo de cessar-fogo e liberta\u00e7\u00e3o de ref\u00e9ns.<\/p>\n<p>Outros l\u00edderes do Hamas acusados \u200b\u200bincluem Haniyeh; Marwan Issa, vice-l\u00edder do bra\u00e7o armado do Hamas em Gaza, que ajudou a planejar o ataque do ano passado e que, segundo Israel, foi morto quando ca\u00e7as atingiram um complexo subterr\u00e2neo no centro de Gaza em mar\u00e7o; Khaled Mashaal, outro vice de Haniyeh e ex-l\u00edder do grupo que se acredita estar sediado no Catar; Mohammed Deif, antigo l\u00edder militar obscuro do Hamas, que se acredita estar morto ap\u00f3s um ataque a\u00e9reo israelense no sul de Gaza em julho; e Ali Baraka, chefe de rela\u00e7\u00f5es externas do Hamas, baseado no L\u00edbano.<\/p>\n<p>Durante o ataque de 7 de outubro, militantes mataram cerca de 1.200 pessoas, a maioria civis. A acusa\u00e7\u00e3o chama o massacre de &#8220;o ataque terrorista mais violento e em larga escala at\u00e9 o momento&#8221; na hist\u00f3ria do Hamas. Ele detalha como os agentes do Hamas que chegaram a Israel com &#8220;caminh\u00f5es, motocicletas, escavadeiras, lanchas e parapentes&#8221; se envolveram em uma campanha brutal de viol\u00eancia por todo o sul de Israel que incluiu estupro, mutila\u00e7\u00e3o genital e tiroteios de metralhadora a curta dist\u00e2ncia.<\/p>\n<p>A ofensiva retaliat\u00f3ria de Israel matou mais de 40.000 palestinos, de acordo com o Minist\u00e9rio da Sa\u00fade de Gaza, que n\u00e3o distingue entre civis e combatentes em sua contagem. A guerra causou destrui\u00e7\u00e3o generalizada e for\u00e7ou a vasta maioria dos 2,3 milh\u00f5es de moradores de Gaza a fugir de suas casas, muitas vezes v\u00e1rias vezes.<\/p>\n<p><em>Copyright 2024 The Associated Press. Todos os direitos reservados. Este material n\u00e3o pode ser publicado, transmitido, reescrito ou redistribu\u00eddo.<\/em><\/p>\n<div class=\"wp-block-newsletter\">\n\t<strong class=\"wp-block-newsletter__title\">Inscreva-se em nossa Newsletter para receber as \u00faltimas not\u00edcias diretamente na sua caixa de entrada<\/strong><\/p>\n<\/div><\/div>\n<p><br \/>\n<br \/><a href=\"https:\/\/wsvn.com\/uncategorized\/us-charges-hamas-leader-other-militants-in-connection-with-oct-7-massacre-in-israel\/\">Source link <\/a><\/p>","protected":false},"excerpt":{"rendered":"<p>WASHINGTON (AP) \u2014 O Departamento de Justi\u00e7a anunciou acusa\u00e7\u00f5es criminais na ter\u00e7a-feira contra o l\u00edder do Hamas, Yahya Sinwar, e outros militantes seniores em conex\u00e3o com o massacre de 7&hellip;<\/p>","protected":false},"author":1,"featured_media":18549,"comment_status":"closed","ping_status":"open","sticky":false,"template":"","format":"standard","meta":{"content-type":"","footnotes":""},"categories":[1],"tags":[],"class_list":["post-31387","post","type-post","status-publish","format-standard","has-post-thumbnail","hentry","category-uncategorized"],"_links":{"self":[{"href":"https:\/\/tvbrazilusa.com\/pt\/wp-json\/wp\/v2\/posts\/31387","targetHints":{"allow":["GET"]}}],"collection":[{"href":"https:\/\/tvbrazilusa.com\/pt\/wp-json\/wp\/v2\/posts"}],"about":[{"href":"https:\/\/tvbrazilusa.com\/pt\/wp-json\/wp\/v2\/types\/post"}],"author":[{"embeddable":true,"href":"https:\/\/tvbrazilusa.com\/pt\/wp-json\/wp\/v2\/users\/1"}],"replies":[{"embeddable":true,"href":"https:\/\/tvbrazilusa.com\/pt\/wp-json\/wp\/v2\/comments?post=31387"}],"version-history":[{"count":1,"href":"https:\/\/tvbrazilusa.com\/pt\/wp-json\/wp\/v2\/posts\/31387\/revisions"}],"predecessor-version":[{"id":31388,"href":"https:\/\/tvbrazilusa.com\/pt\/wp-json\/wp\/v2\/posts\/31387\/revisions\/31388"}],"wp:featuredmedia":[{"embeddable":true,"href":"https:\/\/tvbrazilusa.com\/pt\/wp-json\/wp\/v2\/media\/18549"}],"wp:attachment":[{"href":"https:\/\/tvbrazilusa.com\/pt\/wp-json\/wp\/v2\/media?parent=31387"}],"wp:term":[{"taxonomy":"category","embeddable":true,"href":"https:\/\/tvbrazilusa.com\/pt\/wp-json\/wp\/v2\/categories?post=31387"},{"taxonomy":"post_tag","embeddable":true,"href":"https:\/\/tvbrazilusa.com\/pt\/wp-json\/wp\/v2\/tags?post=31387"}],"curies":[{"name":"wp","href":"https:\/\/api.w.org\/{rel}","templated":true}]}}