{"id":31411,"date":"2024-09-03T23:26:15","date_gmt":"2024-09-03T23:26:15","guid":{"rendered":"https:\/\/tvbrazilusa.com\/2024\/09\/03\/imas-de-geladeira-aumentam-a-conta-de-energia-descubra\/"},"modified":"2024-09-03T23:53:09","modified_gmt":"2024-09-03T23:53:09","slug":"imas-de-geladeira-aumentam-a-conta-de-energia-descubra","status":"publish","type":"post","link":"https:\/\/tvbrazilusa.com\/pt\/2024\/09\/03\/imas-de-geladeira-aumentam-a-conta-de-energia-descubra\/","title":{"rendered":"\u00cdm\u00e3s de geladeira aumentam a conta de energia? Descubra"},"content":{"rendered":"<p> <script async src=\"https:\/\/pagead2.googlesyndication.com\/pagead\/js\/adsbygoogle.js?client=ca-pub-8864793242727901\"\r\n     crossorigin=\"anonymous\"><\/script><br \/>\n<\/p>\n<div>\n<p><em><sub>Cr\u00e9ditos: depositphotos.com \/ roberaten<\/sub><\/em><\/p>\n<p>No cotidiano, qualquer medida que ajude a reduzir o gasto mensal da fam\u00edlia \u00e9 bem-vinda. Contudo, \u00e9 fundamental identificar o que de fato contribui para essa economia e o que n\u00e3o passa de lenda. Entre as cren\u00e7as populares, uma das mais curiosas \u00e9 a de que \u00edm\u00e3s de geladeira aumentariam o consumo de energia el\u00e9trica.<\/p>\n<p>Ser\u00e1 que essa afirma\u00e7\u00e3o \u00e9 verdadeira ou se trata apenas de mais um mito urbano? Vamos explorar essa quest\u00e3o e descobrir o que realmente pode impactar sua conta de luz.<\/p>\n<h2 class=\"wp-block-heading\">\u00cdm\u00e3s de Geladeira Realmente Aumentam a Conta de Energia?<\/h2>\n<p>Com uma infinidade de informa\u00e7\u00f5es circulando pela internet, \u00e9 comum nos depararmos com afirma\u00e7\u00f5es question\u00e1veis. Uma dessas controversas \u00e9 a ideia de que os \u00edm\u00e3s na geladeira podem influenciar o consumo de energia. Mas o que dizem os especialistas sobre isso?<\/p>\n<p>A seguir, veremos o que as evid\u00eancias cient\u00edficas e os profissionais da \u00e1rea apontam sobre o uso de \u00edm\u00e3s de geladeira e seu impacto no gasto energ\u00e9tico.<\/p>\n<h2 class=\"wp-block-heading\">Os \u00cdm\u00e3s Podem Prejudicar a Geladeira?<\/h2>\n<p>Os \u00edm\u00e3s de geladeira s\u00e3o usados amplamente como elementos decorativos ou para prender lembretes e fotos. No entanto, h\u00e1 quem acredite que eles possam prejudicar o funcionamento do refrigerador e aumentar o consumo de energia.<\/p>\n<p>Empresas como a Bosch esclarecem que o uso moderado de \u00edm\u00e3s n\u00e3o afeta o consumo de energia el\u00e9trica. Na verdade, o \u00fanico problema potencial seria o desgaste das dobradi\u00e7as da porta se houver um excesso de peso, mas isso requereria uma quantidade significativa de \u00edm\u00e3s e objetos met\u00e1licos.<\/p>\n<h2 class=\"wp-block-heading\">Qual \u00e9 o Verdadeiro Impacto dos \u00cdm\u00e3s no Consumo Energ\u00e9tico?<\/h2>\n<p>Empresas de energia como a Endesa desmentem o mito de que os \u00edm\u00e3s influenciem o consumo de eletricidade das geladeiras. De acordo com a companhia, a intera\u00e7\u00e3o magn\u00e9tica entre os \u00edm\u00e3s e o aparelho \u00e9 praticamente inexistente e n\u00e3o tem efeito significativo.<\/p>\n<p>Organiza\u00e7\u00f5es como a OCU corroboram essa vis\u00e3o, afirmando que os campos magn\u00e9ticos gerados pelos \u00edm\u00e3s s\u00e3o insuficientes para alterar a efici\u00eancia do refrigerador. Por sua vez, a LG, gigante dos eletrodom\u00e9sticos, refor\u00e7a que os \u00edm\u00e3s externos n\u00e3o prejudicam a performance interna da geladeira.<\/p>\n<p>Portanto, n\u00e3o h\u00e1 necessidade de se preocupar com os \u00edm\u00e3s. Em vez disso, \u00e9 mais produtivo adotar pr\u00e1ticas que realmente contribuam para a economia de energia.<\/p>\n<h2 class=\"wp-block-heading\">Como Economizar Energia com a Geladeira: Dicas Pr\u00e1ticas<\/h2>\n<p>Embora os \u00edm\u00e3s n\u00e3o afetem a conta de luz, algumas a\u00e7\u00f5es simples podem ajudar a melhorar a efici\u00eancia do seu refrigerador e reduzir o consumo de energia:<\/p>\n<ul class=\"wp-block-list\">\n<li><strong>Mantenha a porta sempre bem fechada:<\/strong> Verificar se a porta est\u00e1 corretamente fechada ap\u00f3s cada uso ajuda a reter o ar frio.<\/li>\n<li><strong>Ajuste a temperatura de forma adequada:<\/strong> Defina a temperatura da geladeira entre 3\u00b0C e 5\u00b0C e do freezer em -18\u00b0C.<\/li>\n<li><strong>Organize os alimentos:<\/strong> Disponha os itens de forma que permita uma boa circula\u00e7\u00e3o de ar dentro do aparelho.<\/li>\n<li><strong>Fa\u00e7a manuten\u00e7\u00e3o peri\u00f3dica:<\/strong> Limpe as bobinas de condensa\u00e7\u00e3o e evite o ac\u00famulo de poeira nas partes internas e externas.<\/li>\n<li><strong>Cheque as veda\u00e7\u00f5es das portas:<\/strong> As borrachas devem estar em boas condi\u00e7\u00f5es para garantir uma veda\u00e7\u00e3o eficiente.<\/li>\n<li><strong>N\u00e3o armazene alimentos quentes:<\/strong> Deixe que os alimentos esfriem antes de coloc\u00e1-los na geladeira.<\/li>\n<li><strong>Descongele regularmente:<\/strong> Se o refrigerador n\u00e3o for frost-free, descongele-o periodicamente para evitar camadas de gelo.<\/li>\n<li><strong>Utilize recipientes fechados:<\/strong> Guardar alimentos em potes fechados ajuda a manter a efici\u00eancia do aparelho.<\/li>\n<\/ul>\n<p>Adotando essas pr\u00e1ticas, voc\u00ea conseguir\u00e1 manter sua geladeira funcionando de forma eficiente, reduzindo o consumo de energia e economizando no fim do m\u00eas. Esses passos n\u00e3o s\u00f3 s\u00e3o ben\u00e9ficos financeiramente, mas tamb\u00e9m colaboram para um uso mais sustent\u00e1vel dos recursos energ\u00e9ticos.<\/p>\n<\/p><\/div>\n<p><br \/>\n<br \/><a href=\"https:\/\/terrabrasilnoticias.com\/2024\/09\/imas-de-geladeira-aumentam-a-conta-de-energia-descubra\/\">Source link <\/a><\/p>","protected":false},"excerpt":{"rendered":"<p>Cr\u00e9ditos: depositphotos.com \/ roberaten No cotidiano, qualquer medida que ajude a reduzir o gasto mensal da fam\u00edlia \u00e9 bem-vinda. Contudo, \u00e9 fundamental identificar o que de fato contribui para essa&hellip;<\/p>","protected":false},"author":1,"featured_media":31412,"comment_status":"closed","ping_status":"open","sticky":false,"template":"","format":"standard","meta":{"content-type":"","footnotes":""},"categories":[16],"tags":[],"class_list":["post-31411","post","type-post","status-publish","format-standard","has-post-thumbnail","hentry","category-noticias"],"_links":{"self":[{"href":"https:\/\/tvbrazilusa.com\/pt\/wp-json\/wp\/v2\/posts\/31411","targetHints":{"allow":["GET"]}}],"collection":[{"href":"https:\/\/tvbrazilusa.com\/pt\/wp-json\/wp\/v2\/posts"}],"about":[{"href":"https:\/\/tvbrazilusa.com\/pt\/wp-json\/wp\/v2\/types\/post"}],"author":[{"embeddable":true,"href":"https:\/\/tvbrazilusa.com\/pt\/wp-json\/wp\/v2\/users\/1"}],"replies":[{"embeddable":true,"href":"https:\/\/tvbrazilusa.com\/pt\/wp-json\/wp\/v2\/comments?post=31411"}],"version-history":[{"count":1,"href":"https:\/\/tvbrazilusa.com\/pt\/wp-json\/wp\/v2\/posts\/31411\/revisions"}],"predecessor-version":[{"id":31413,"href":"https:\/\/tvbrazilusa.com\/pt\/wp-json\/wp\/v2\/posts\/31411\/revisions\/31413"}],"wp:featuredmedia":[{"embeddable":true,"href":"https:\/\/tvbrazilusa.com\/pt\/wp-json\/wp\/v2\/media\/31412"}],"wp:attachment":[{"href":"https:\/\/tvbrazilusa.com\/pt\/wp-json\/wp\/v2\/media?parent=31411"}],"wp:term":[{"taxonomy":"category","embeddable":true,"href":"https:\/\/tvbrazilusa.com\/pt\/wp-json\/wp\/v2\/categories?post=31411"},{"taxonomy":"post_tag","embeddable":true,"href":"https:\/\/tvbrazilusa.com\/pt\/wp-json\/wp\/v2\/tags?post=31411"}],"curies":[{"name":"wp","href":"https:\/\/api.w.org\/{rel}","templated":true}]}}