{"id":31448,"date":"2024-09-04T01:00:00","date_gmt":"2024-09-04T01:00:00","guid":{"rendered":"https:\/\/tvbrazilusa.com\/2024\/09\/04\/mitos-e-verdades-por-que-sentimos-mais-frio-se-o-planeta-esta-cada-vez-mais-quente\/"},"modified":"2024-09-04T01:14:01","modified_gmt":"2024-09-04T01:14:01","slug":"mitos-e-verdades-por-que-sentimos-mais-frio-se-o-planeta-esta-cada-vez-mais-quente","status":"publish","type":"post","link":"https:\/\/tvbrazilusa.com\/pt\/2024\/09\/04\/mitos-e-verdades-por-que-sentimos-mais-frio-se-o-planeta-esta-cada-vez-mais-quente\/","title":{"rendered":"Mitos e verdades: Por que sentimos mais frio se o planeta est\u00e1 cada vez mais quente?"},"content":{"rendered":"<p> <script async src=\"https:\/\/pagead2.googlesyndication.com\/pagead\/js\/adsbygoogle.js?client=ca-pub-8864793242727901\"\r\n     crossorigin=\"anonymous\"><\/script><br \/>\n<\/p>\n<div>\n<p>O aquecimento global est\u00e1 fazendo com que os recordes de calor sejam mais comuns do que os de frio. Esse fen\u00f4meno \u00e9 uma realidade comprovada por medi\u00e7\u00f5es e an\u00e1lises cient\u00edficas, resultando em impactos claros em diversos aspectos. Segundo dados da <a href=\"https:\/\/terrabrasilnoticias.com\/2024\/08\/nasa-tem-falha-na-nave-e-escolhe-spacex-para-salvar-tribulantes\/\" target=\"_blank\" rel=\"noreferrer noopener\">NASA<\/a>, a d\u00e9cada passada foi a mais quente j\u00e1 registrada desde o in\u00edcio das medi\u00e7\u00f5es, em 1880.<\/p>\n<p>Nos Estados Unidos, as altas temperaturas t\u00eam se tornado mais frequentes que as baixas nos \u00faltimos 20 anos. De 1999 a 2019, os picos de calor ocorreram duas vezes mais que os de frio. Essa tend\u00eancia reflete o aumento global das temperaturas.<\/p>\n<h2 class=\"wp-block-heading\">Tend\u00eancia de Aquecimento Global<\/h2>\n<p>As mudan\u00e7as clim\u00e1ticas est\u00e3o tornando os eventos extremos mais frequentes e intensos. O aquecimento global injeta mais energia no sistema clim\u00e1tico, que j\u00e1 \u00e9 naturalmente sens\u00edvel. Essa inje\u00e7\u00e3o extra resulta em eventos extremos mais poderosos e frequentes, como ondas de calor e frio intensas.<\/p>\n<h2 class=\"wp-block-heading\">O que Est\u00e1 Ocorrendo com os Invernos?<\/h2>\n<p>Mesmo com as ondas de frio, os invernos em muitas regi\u00f5es do Hemisf\u00e9rio Norte est\u00e3o se tornando mais quentes. Entre 1970 e 2022, os invernos em 233 localidades dos Estados Unidos aqueceram em m\u00e9dia 2,1\u00b0C. Essa tend\u00eancia tamb\u00e9m \u00e9 notada em outras partes do mundo.<\/p>\n<ul class=\"wp-block-list\">\n<li>Europa: Em 2022 e 2023, a Europa teve seu segundo inverno e outono mais quentes da hist\u00f3ria.<\/li>\n<li>Jap\u00e3o: No inverno de 2023-2024, a temperatura m\u00e9dia foi 1,27\u00b0C acima do normal, a segunda maior desde 1898.<\/li>\n<\/ul>\n<h2 class=\"wp-block-heading\">Como o V\u00f3rtice Polar Est\u00e1 Ligado ao Aquecimento Global?<\/h2>\n<p>Esses eventos est\u00e3o diretamente ligados ao aquecimento acelerado do \u00c1rtico, que est\u00e1 ocorrendo quatro vezes mais r\u00e1pido que no resto do planeta. Essa r\u00e1pida eleva\u00e7\u00e3o da temperatura desestabiliza o v\u00f3rtice polar, um cintur\u00e3o de ventos fortes que mant\u00e9m o ar frio contido no polo Norte.<\/p>\n<h3 class=\"wp-block-heading\">Impactos da Instabilidade do V\u00f3rtice Polar<\/h3>\n<p>A instabilidade no v\u00f3rtice polar permite que o ar gelado se expanda para latitudes mais ao sul, afetando regi\u00f5es como Canad\u00e1, Estados Unidos e Europa. Esse movimento de massas de ar frio causa invernos mais rigorosos e err\u00e1ticos em algumas \u00e1reas, enquanto outras continuam a esquentar.<\/p>\n<p><strong>Impactos Econ\u00f4micos e Sociais<\/strong><\/p>\n<ul class=\"wp-block-list\">\n<li>Maior gasto energ\u00e9tico para aquecimento e ar condicionado.<\/li>\n<li>Aumento na ocorr\u00eancia de desastres naturais, como tempestades e inunda\u00e7\u00f5es.<\/li>\n<li>Perda de produtividade agr\u00edcola devido a eventos extremos.<\/li>\n<\/ul>\n<p>Al\u00e9m disso, as mudan\u00e7as nos padr\u00f5es clim\u00e1ticos podem ter impactos significativos sobre a biodiversidade e a sa\u00fade humana. Esp\u00e9cies adaptadas a climas mais frios podem sofrer, enquanto doen\u00e7as transmitidas por vetores, como a dengue, podem se tornar mais comuns em regi\u00f5es antes frias.<\/p>\n<h3 class=\"wp-block-heading\">Medidas para Mitigar os Impactos do Aquecimento Global<\/h3>\n<p>Diante desses fatos, \u00e9 urgente que a\u00e7\u00f5es sejam tomadas para mitigar os efeitos do aquecimento global. Algumas das medidas incluem:<\/p>\n<ol class=\"wp-block-list\">\n<li>Redu\u00e7\u00e3o das emiss\u00f5es de gases de efeito estufa atrav\u00e9s do uso de energias renov\u00e1veis.<\/li>\n<li>Implementa\u00e7\u00e3o de pol\u00edticas de conserva\u00e7\u00e3o e reflorestamento.<\/li>\n<li>Ado\u00e7\u00e3o de pr\u00e1ticas de agricultura sustent\u00e1vel.<\/li>\n<\/ol>\n<p>\u00c9 essencial que governos, empresas e cidad\u00e3os colaborem para enfrentar os desafios impostos pelo aquecimento global. Somente com esfor\u00e7os conjuntos ser\u00e1 poss\u00edvel minimizar os impactos e garantir um futuro mais est\u00e1vel e saud\u00e1vel para as pr\u00f3ximas gera\u00e7\u00f5es.<\/p>\n<p>O aquecimento global n\u00e3o \u00e9 apenas uma previs\u00e3o para o futuro; \u00e9 uma realidade que estamos vivendo agora. Portanto, o conhecimento sobre suas causas, efeitos e as medidas para combat\u00ea-lo \u00e9 necess\u00e1rio para enfrentar os desafios apresentados pelo nosso planeta.<\/p>\n<\/p><\/div>\n<p><br \/>\n<br \/><a href=\"https:\/\/terrabrasilnoticias.com\/2024\/09\/mitos-e-verdades-por-que-sentimos-mais-frio-se-o-planeta-esta-cada-vez-mais-quente\/\">Source link <\/a><\/p>","protected":false},"excerpt":{"rendered":"<p>O aquecimento global est\u00e1 fazendo com que os recordes de calor sejam mais comuns do que os de frio. Esse fen\u00f4meno \u00e9 uma realidade comprovada por medi\u00e7\u00f5es e an\u00e1lises cient\u00edficas,&hellip;<\/p>","protected":false},"author":1,"featured_media":31449,"comment_status":"closed","ping_status":"open","sticky":false,"template":"","format":"standard","meta":{"content-type":"","footnotes":""},"categories":[16],"tags":[3697,11006,5364,1201,17585],"class_list":["post-31448","post","type-post","status-publish","format-standard","has-post-thumbnail","hentry","category-noticias","tag-aquecimento-global","tag-calor","tag-meio-ambiente","tag-nasa","tag-quente"],"_links":{"self":[{"href":"https:\/\/tvbrazilusa.com\/pt\/wp-json\/wp\/v2\/posts\/31448","targetHints":{"allow":["GET"]}}],"collection":[{"href":"https:\/\/tvbrazilusa.com\/pt\/wp-json\/wp\/v2\/posts"}],"about":[{"href":"https:\/\/tvbrazilusa.com\/pt\/wp-json\/wp\/v2\/types\/post"}],"author":[{"embeddable":true,"href":"https:\/\/tvbrazilusa.com\/pt\/wp-json\/wp\/v2\/users\/1"}],"replies":[{"embeddable":true,"href":"https:\/\/tvbrazilusa.com\/pt\/wp-json\/wp\/v2\/comments?post=31448"}],"version-history":[{"count":1,"href":"https:\/\/tvbrazilusa.com\/pt\/wp-json\/wp\/v2\/posts\/31448\/revisions"}],"predecessor-version":[{"id":31450,"href":"https:\/\/tvbrazilusa.com\/pt\/wp-json\/wp\/v2\/posts\/31448\/revisions\/31450"}],"wp:featuredmedia":[{"embeddable":true,"href":"https:\/\/tvbrazilusa.com\/pt\/wp-json\/wp\/v2\/media\/31449"}],"wp:attachment":[{"href":"https:\/\/tvbrazilusa.com\/pt\/wp-json\/wp\/v2\/media?parent=31448"}],"wp:term":[{"taxonomy":"category","embeddable":true,"href":"https:\/\/tvbrazilusa.com\/pt\/wp-json\/wp\/v2\/categories?post=31448"},{"taxonomy":"post_tag","embeddable":true,"href":"https:\/\/tvbrazilusa.com\/pt\/wp-json\/wp\/v2\/tags?post=31448"}],"curies":[{"name":"wp","href":"https:\/\/api.w.org\/{rel}","templated":true}]}}