{"id":31451,"date":"2024-09-04T01:17:22","date_gmt":"2024-09-04T01:17:22","guid":{"rendered":"https:\/\/tvbrazilusa.com\/2024\/09\/04\/eastside-debs-store-reabrira-na-quarta-feira-como-uma-organizacao-sem-fins-lucrativos-com-cooperativa-de-credito-e-centro-de-carreira-jacksonville-today\/"},"modified":"2024-09-04T01:17:47","modified_gmt":"2024-09-04T01:17:47","slug":"eastside-debs-store-reabrira-na-quarta-feira-como-uma-organizacao-sem-fins-lucrativos-com-cooperativa-de-credito-e-centro-de-carreira-jacksonville-today","status":"publish","type":"post","link":"https:\/\/tvbrazilusa.com\/pt\/2024\/09\/04\/eastside-debs-store-reabrira-na-quarta-feira-como-uma-organizacao-sem-fins-lucrativos-com-cooperativa-de-credito-e-centro-de-carreira-jacksonville-today\/","title":{"rendered":"Eastside Debs Store reabrir\u00e1 na quarta-feira como uma organiza\u00e7\u00e3o sem fins lucrativos com cooperativa de cr\u00e9dito e centro de carreira &#8211; Jacksonville Today"},"content":{"rendered":"<p> <script async src=\"https:\/\/pagead2.googlesyndication.com\/pagead\/js\/adsbygoogle.js?client=ca-pub-8864793242727901\"\r\n     crossorigin=\"anonymous\"><\/script><br \/>\n<\/p>\n<div>\n<p>Joe Debs se apoiou no balc\u00e3o na ter\u00e7a-feira entre um par de registradores e as mem\u00f3rias retornaram. Um sorriso tamb\u00e9m.<\/p>\n<p>Ap\u00f3s 13 anos de esfor\u00e7o e exaspera\u00e7\u00e3o, o estabelecimento b\u00e1sico de sua fam\u00edlia no Eastside retornar\u00e1 na quarta-feira. Desta vez, uma nova organiza\u00e7\u00e3o sem fins lucrativos chamada The Corner at Debs Store ser\u00e1 mais do que apenas um supermercado.<\/p>\n<p>O Corner fornecer\u00e1 alimentos frescos em um bairro que n\u00e3o tem acesso a alimentos frescos h\u00e1 mais de uma d\u00e9cada, sim. Mas tamb\u00e9m servir\u00e1 como um centro comunit\u00e1rio e institui\u00e7\u00e3o financeira. <\/p>\n<p>O pai de Debs, Nick, e o tio, Eugene, operaram a mercearia Debs Store na esquina da Florida Avenue com a 5th Street por mais de 60 anos. Seu av\u00f4, Nicolas, abriu o neg\u00f3cio em 1921. Ele fechou em 2011, logo ap\u00f3s a morte de Nick, em mar\u00e7o daquele ano.<\/p>\n<div class=\"wp-block-image\">\n<figure class=\"aligncenter size-large\"><figcaption class=\"wp-element-caption\">O pai, o tio e o av\u00f4 de Joe Debs operaram uma mercearia no Eastside de Jacksonville por 90 anos antes de fechar em 2011. Ele passou muitos dias atr\u00e1s do balc\u00e3o da loja embalando mantimentos para moradores e visitantes do Eastside. A mercearia deve reabrir como uma organiza\u00e7\u00e3o sem fins lucrativos na quarta-feira, 4 de setembro de 2024. | Will Brown, Jacksonville Today<\/figcaption><\/figure>\n<\/div>\n<p>\u201cEles faziam parte do tecido do Eastside. Eles sentiam isso\u201d, disse Debs durante uma apari\u00e7\u00e3o recente no WJCT News 89.9&#8217;s <em>Primeira Costa Conectada<\/em>. \u201cMuitos moradores n\u00e3o tinham telefones ou (maneiras de) se comunicar al\u00e9m do bairro\u2026era rotina deixar mensagens, deixar mensagens para os moradores virem buscar suas mensagens. Era um local de encontro.\u201d<\/p>\n<p>A esperan\u00e7a \u00e9 que isso aconte\u00e7a novamente.<\/p>\n<figure class=\"wp-block-embed is-type-video is-provider-youtube wp-block-embed-youtube wp-embed-aspect-16-9 wp-has-aspect-ratio\">\n<div class=\"wp-block-embed__wrapper\">\n<p><iframe title=\"First Coast Connect: Debs Store Revivial\" width=\"1170\" height=\"658\" src=\"https:\/\/www.youtube.com\/embed\/_KpKm-u_VDY?feature=oembed\" frameborder=\"0\" allow=\"accelerometer; autoplay; clipboard-write; encrypted-media; gyroscope; picture-in-picture; web-share\" referrerpolicy=\"strict-origin-when-cross-origin\" allowfullscreen><\/iframe><\/p>\n<\/div>\n<\/figure>\n<p>A Goodwill Industries of North Florida operar\u00e1 e gerenciar\u00e1 um mercado no primeiro andar. No andar de cima, haver\u00e1 um centro de carreiras, bem como o VyStar Financial Fitness Center para fornecer conex\u00e3o individual e aconselhamento com pessoas n\u00e3o bancarizadas que vivem no Out East, o primeiro do tipo para a maior cooperativa de cr\u00e9dito do nordeste da Fl\u00f3rida, de acordo com Lysa Barbano, presidente de mercado da VyStar na Fl\u00f3rida. <\/p>\n<p>A Goodwill est\u00e1 fazendo uma incurs\u00e3o no ramo de supermercados, uma ind\u00fastria com margens de lucro apertadas. \u201cEstamos no norte da Fl\u00f3rida desde 1940. Somos um varejista estabelecido. Tivemos v\u00e1rias outras empresas que administramos \u2013 uma lavanderia, uma empresa de paisagismo, contratos governamentais, servi\u00e7o de alimenta\u00e7\u00e3o \u2013 ent\u00e3o, trazemos tudo isso para a mesa\u201d, diz o CEO da Goodwill Industries of North Florida, David Rey. Mas a colabora\u00e7\u00e3o \u00e9 o que tornar\u00e1 esse empreendimento verdadeiramente sustent\u00e1vel, ele diz. <\/p>\n<p>Baptist Health, Florida Blue, Jaguars Foundation, The Players Championship, JWB Real Estate Capital e Jacksonville Transportation Authority est\u00e3o entre as organiza\u00e7\u00f5es que contribu\u00edram com doa\u00e7\u00f5es financeiras ou em esp\u00e9cie ou servi\u00e7os para o esfor\u00e7o. <\/p>\n<p>O The Corner at Debs Store planeja estocar mais de 20 fornecedores locais dentro do mercado. Seja mel da Little Black Box Baked Goods, caf\u00e9 da Catbird Coffee Roasters; p\u00e3o da Community Loaves, pernas de peru da Azar &#038; Co. ou leite da Yo Gusto, uma empresa de latic\u00ednios sediada em Miami, o The Corner at Debs Store vender\u00e1 alimentos frescos de origem local no bairro historicamente negro de Eastside, \u00e0 medida que a inseguran\u00e7a alimentar aumenta em todo o pa\u00eds.<\/p>\n<p>De acordo com o Departamento de Agricultura dos EUA, mais de um quarto das fam\u00edlias negras (25,1%) em todo o pa\u00eds relataram que as crian\u00e7as em casa \u00e0s vezes ou frequentemente n\u00e3o tinham o suficiente para comer durante a semana anterior, em compara\u00e7\u00e3o com 9,1% das fam\u00edlias brancas, 14,5% das fam\u00edlias asi\u00e1ticas e 20,6% das fam\u00edlias hisp\u00e2nicas.<\/p>\n<div class=\"wp-block-image\">\n<figure class=\"aligncenter size-large\"><img loading=\"lazy\" color=\"735e4b\" transparency=\"false\" style=\"--dominant-color: #735e4b;\" decoding=\"async\" width=\"1024\" height=\"576\" src=\"https:\/\/jaxtoday.org\/wp-content\/uploads\/2024\/09\/Sept.-3-Debs-store-reopening-1-1024x576.jpg\" alt=\"\" class=\"not-transparent wp-image-76278\" srcset=\"https:\/\/jaxtoday.org\/wp-content\/uploads\/2024\/09\/Sept.-3-Debs-store-reopening-1-1024x576.jpg 1024w, https:\/\/jaxtoday.org\/wp-content\/uploads\/2024\/09\/Sept.-3-Debs-store-reopening-1-300x169.jpg 300w, https:\/\/jaxtoday.org\/wp-content\/uploads\/2024\/09\/Sept.-3-Debs-store-reopening-1-768x432.jpg 768w, https:\/\/jaxtoday.org\/wp-content\/uploads\/2024\/09\/Sept.-3-Debs-store-reopening-1-1536x864.jpg 1536w, https:\/\/jaxtoday.org\/wp-content\/uploads\/2024\/09\/Sept.-3-Debs-store-reopening-1-2048x1152.jpg 2048w, https:\/\/jaxtoday.org\/wp-content\/uploads\/2024\/09\/Sept.-3-Debs-store-reopening-1-800x450.jpg 800w, https:\/\/jaxtoday.org\/wp-content\/uploads\/2024\/09\/Sept.-3-Debs-store-reopening-1-1200x675.jpg 1200w, https:\/\/jaxtoday.org\/wp-content\/uploads\/2024\/09\/Sept.-3-Debs-store-reopening-1-427x240.jpg 427w, https:\/\/jaxtoday.org\/wp-content\/uploads\/2024\/09\/Sept.-3-Debs-store-reopening-1-100x56.jpg 100w, https:\/\/jaxtoday.org\/wp-content\/uploads\/2024\/09\/Sept.-3-Debs-store-reopening-1-1650x928.jpg 1650w\" sizes=\"auto, (max-width: 1024px) 100vw, 1024px\"\/><figcaption class=\"wp-element-caption\">Lenisa Robinson \u00e9 uma moradora de Eastside de terceira gera\u00e7\u00e3o que trabalhar\u00e1 dentro do The Corner na Debs Store. Ela se prepara para a reabertura da loja estocando as prateleiras na ter\u00e7a-feira, 3 de setembro de 2024. | Will Brown, Jacksonville Today<\/figcaption><\/figure>\n<\/div>\n<p>A loja tamb\u00e9m gerar\u00e1 emprego para moradores da \u00e1rea, como Lenisa Robinson, uma terceira gera\u00e7\u00e3o do Eastsider que trabalhar\u00e1 na nova Debs Store. <\/p>\n<p>\u201cEstou animado. Nunca tivemos nada parecido com isso\u201d, diz Robinson. \u201cTudo \u00e9 org\u00e2nico, comida saud\u00e1vel. \u00c9 um \u00f3timo come\u00e7o para a comunidade. Isso \u00e9 incr\u00edvel.\u201d<\/p>\n<p>Em outros lugares do Condado de Duval, houve outras tentativas de erradicar a inseguran\u00e7a alimentar por meio de parcerias comunit\u00e1rias e subs\u00eddios governamentais, com resultados mistos. A cidade de Baldwin <a href=\"https:\/\/www.jacksonville.com\/story\/news\/local\/2024\/02\/09\/town-owned-grocery-store-in-baldwin-will-close-in-march\/72514321007\/\" rel=\"nofollow noopener\" target=\"_blank\">operou uma mercearia sem fins lucrativos por cinco anos<\/a>mas fechou no in\u00edcio deste ano. Em 2019, <a href=\"https:\/\/www.jaxdailyrecord.com\/news\/2019\/dec\/10\/council-approves-winn-dixie-incentives-at-gateway-town-center\/\" rel=\"nofollow noopener\" target=\"_blank\">o Conselho Municipal de Jacksonville forneceu US$ 850.000 em incentivos<\/a> para a Southeastern Grocers, sediada em Jacksonville, para abrir uma Winn-Dixie no Gateway Shopping Plaza, no bairro de Norwood, em Northside.<\/p>\n<div class=\"wp-block-image\">\n<figure class=\"aligncenter size-large\"><img loading=\"lazy\" color=\"877d70\" transparency=\"false\" style=\"--dominant-color: #877d70;\" decoding=\"async\" width=\"1024\" height=\"576\" src=\"https:\/\/jaxtoday.org\/wp-content\/uploads\/2024\/09\/Sept.-3-Debs-store-reopening-4-1024x576.jpg\" alt=\"\" class=\"not-transparent wp-image-76277\" srcset=\"https:\/\/jaxtoday.org\/wp-content\/uploads\/2024\/09\/Sept.-3-Debs-store-reopening-4-1024x576.jpg 1024w, https:\/\/jaxtoday.org\/wp-content\/uploads\/2024\/09\/Sept.-3-Debs-store-reopening-4-300x169.jpg 300w, https:\/\/jaxtoday.org\/wp-content\/uploads\/2024\/09\/Sept.-3-Debs-store-reopening-4-768x432.jpg 768w, https:\/\/jaxtoday.org\/wp-content\/uploads\/2024\/09\/Sept.-3-Debs-store-reopening-4-1536x864.jpg 1536w, https:\/\/jaxtoday.org\/wp-content\/uploads\/2024\/09\/Sept.-3-Debs-store-reopening-4-2048x1152.jpg 2048w, https:\/\/jaxtoday.org\/wp-content\/uploads\/2024\/09\/Sept.-3-Debs-store-reopening-4-800x450.jpg 800w, https:\/\/jaxtoday.org\/wp-content\/uploads\/2024\/09\/Sept.-3-Debs-store-reopening-4-1200x675.jpg 1200w, https:\/\/jaxtoday.org\/wp-content\/uploads\/2024\/09\/Sept.-3-Debs-store-reopening-4-427x240.jpg 427w, https:\/\/jaxtoday.org\/wp-content\/uploads\/2024\/09\/Sept.-3-Debs-store-reopening-4-100x56.jpg 100w, https:\/\/jaxtoday.org\/wp-content\/uploads\/2024\/09\/Sept.-3-Debs-store-reopening-4-1650x928.jpg 1650w\" sizes=\"auto, (max-width: 1024px) 100vw, 1024px\"\/><figcaption class=\"wp-element-caption\">O legado da Debs Store permanecer\u00e1 como parte do The Corner at Debs Store, um supermercado sem fins lucrativos que ser\u00e1 inaugurado no Eastside na quarta-feira, 4 de setembro de 2024. A fam\u00edlia Debs foi dona de um supermercado no local por 90 anos antes de fechar em 2011. | Will Brown, Jacksonville Today<\/figcaption><\/figure>\n<\/div>\n<p>Barbano diz que a inaugura\u00e7\u00e3o de quarta-feira pode ser atribu\u00edda ao comprometimento da fam\u00edlia Debs em garantir seu legado. <\/p>\n<p>\u201c(Joe Debs) conseguiu envolver e engajar o resto da comunidade, a comunidade empresarial, de uma forma diferente de outras hist\u00f3rias que foram reunidas\u201d, diz Barbano. \u201cAo reunir esse maravilhoso grupo de l\u00edderes \u2013 empresas que querem fazer a diferen\u00e7a \u2013 acho que temos certeza de que isso vai continuar.\u201d<\/p>\n<p>Foi isso que trouxe um sorriso ao rosto de Joe Debs na tarde de ter\u00e7a-feira. Um mercado com o nome de sua fam\u00edlia alimentando outra gera\u00e7\u00e3o de moradores do Eastside.<\/p>\n<p>No come\u00e7o deste ver\u00e3o, Debs lembrou que algu\u00e9m lhe perguntou durante o cortejo f\u00fanebre de seu pai quando a loja reabriria. Agora ele tem uma resposta.<\/p>\n<p>Quarta-feira de manh\u00e3 \u00e0s 10h30<\/p>\n<\/div>\n<p><br \/>\n<br \/><a href=\"https:\/\/jaxtoday.org\/2024\/09\/03\/eastside-debs-store-to-reopen-wednesday-as-nonprofit-with-credit-union-career-center\/\">Source link <\/a><\/p>","protected":false},"excerpt":{"rendered":"<p>Joe Debs se apoiou no balc\u00e3o na ter\u00e7a-feira entre um par de registradores e as mem\u00f3rias retornaram. Um sorriso tamb\u00e9m. Ap\u00f3s 13 anos de esfor\u00e7o e exaspera\u00e7\u00e3o, o estabelecimento b\u00e1sico&hellip;<\/p>","protected":false},"author":1,"featured_media":31452,"comment_status":"closed","ping_status":"open","sticky":false,"template":"","format":"standard","meta":{"content-type":"","footnotes":""},"categories":[1],"tags":[],"class_list":["post-31451","post","type-post","status-publish","format-standard","has-post-thumbnail","hentry","category-uncategorized"],"_links":{"self":[{"href":"https:\/\/tvbrazilusa.com\/pt\/wp-json\/wp\/v2\/posts\/31451","targetHints":{"allow":["GET"]}}],"collection":[{"href":"https:\/\/tvbrazilusa.com\/pt\/wp-json\/wp\/v2\/posts"}],"about":[{"href":"https:\/\/tvbrazilusa.com\/pt\/wp-json\/wp\/v2\/types\/post"}],"author":[{"embeddable":true,"href":"https:\/\/tvbrazilusa.com\/pt\/wp-json\/wp\/v2\/users\/1"}],"replies":[{"embeddable":true,"href":"https:\/\/tvbrazilusa.com\/pt\/wp-json\/wp\/v2\/comments?post=31451"}],"version-history":[{"count":1,"href":"https:\/\/tvbrazilusa.com\/pt\/wp-json\/wp\/v2\/posts\/31451\/revisions"}],"predecessor-version":[{"id":31453,"href":"https:\/\/tvbrazilusa.com\/pt\/wp-json\/wp\/v2\/posts\/31451\/revisions\/31453"}],"wp:featuredmedia":[{"embeddable":true,"href":"https:\/\/tvbrazilusa.com\/pt\/wp-json\/wp\/v2\/media\/31452"}],"wp:attachment":[{"href":"https:\/\/tvbrazilusa.com\/pt\/wp-json\/wp\/v2\/media?parent=31451"}],"wp:term":[{"taxonomy":"category","embeddable":true,"href":"https:\/\/tvbrazilusa.com\/pt\/wp-json\/wp\/v2\/categories?post=31451"},{"taxonomy":"post_tag","embeddable":true,"href":"https:\/\/tvbrazilusa.com\/pt\/wp-json\/wp\/v2\/tags?post=31451"}],"curies":[{"name":"wp","href":"https:\/\/api.w.org\/{rel}","templated":true}]}}