{"id":31454,"date":"2024-09-04T01:14:36","date_gmt":"2024-09-04T01:14:36","guid":{"rendered":"https:\/\/tvbrazilusa.com\/2024\/09\/04\/adolescente-de-gloucester-e-espancado-por-grupo-de-adolescentes-por-ser-trans-diz-mae\/"},"modified":"2024-09-04T01:20:28","modified_gmt":"2024-09-04T01:20:28","slug":"adolescente-de-gloucester-e-espancado-por-grupo-de-adolescentes-por-ser-trans-diz-mae","status":"publish","type":"post","link":"https:\/\/tvbrazilusa.com\/pt\/2024\/09\/04\/adolescente-de-gloucester-e-espancado-por-grupo-de-adolescentes-por-ser-trans-diz-mae\/","title":{"rendered":"Adolescente de Gloucester \u00e9 espancado por grupo de adolescentes por ser trans, diz m\u00e3e"},"content":{"rendered":"<p> <script async src=\"https:\/\/pagead2.googlesyndication.com\/pagead\/js\/adsbygoogle.js?client=ca-pub-8864793242727901\"\r\n     crossorigin=\"anonymous\"><\/script><br \/>\n<\/p>\n<div id=\"\">\n<header class=\"m-article-header m-article-header--standard\">\n\t\t\t\t\t\t\t\t\t\t\t\t<span id=\"article-header-primary-term\"><br \/>\n\t\t\t\t\t\t\t\t<a class=\"a-term a-term--primary\" href=\"https:\/\/www.boston.com\/tag\/local-news\/\"><\/p>\n<p>\t\t\t\t\t\t\t\tNot\u00edcias locais\t\t\t\t\t\t\t\t<\/a><br \/>\n\t\t\t\t\t\t\t<\/span><\/p>\n<h2 class=\"m-article-header__sub-headline\">O chefe de pol\u00edcia de Gloucester disse que um detetive treinado em investiga\u00e7\u00f5es de direitos civis foi designado para liderar o caso.<\/h2>\n<figure class=\"a-photo m-article-header__photo\"><figcaption class=\"a-photo__caption\">\n\t<em> <\/em>\t<\/figcaption><\/figure>\n<\/header>\n<p>A m\u00e3e de um adolescente de Gloucester diz que seu filho foi espancado no fim de semana por outros adolescentes por ser transg\u00eanero, NBC10 Boston <a href=\"https:\/\/www.necn.com\/news\/local\/beating-of-teen-in-gloucester-woods-under-investigation\/3323268\/?gd\" target=\"_blank\" rel=\"noreferrer noopener\">relat\u00f3rios<\/a>. <\/p>\n<p>A m\u00e3e do adolescente disse \u00e0 emissora que seu filho sofreu ferimentos, incluindo um osso quebrado no rosto. <\/p>\n<p>\u201cEle tem sido intimidado por essas crian\u00e7as h\u00e1 anos porque ele \u00e9 trans\u201d, ela disse \u00e0 NBC10 Boston. \u201cEssas crian\u00e7as pisaram na cabe\u00e7a e no rosto dele e o chamavam de F enquanto faziam isso, e o espancaram por todo o corpo.\u201d<\/p>\n<p>Policiais de Gloucester responderam \u00e0 \u00e1rea de Dogtown Road por volta das 22h45 de sexta-feira para um relato de uma pessoa desaparecida, vista pela \u00faltima vez na floresta, disse o departamento em um comunicado. <a href=\"https:\/\/jgpr.net\/2024\/09\/03\/gloucester-police-department-investigating-report-of-altercation-in-woods-involving-youths\/\">declara\u00e7\u00e3o<\/a>. No local, os policiais souberam que houve uma \u201cdisputa\u201d entre adolescentes em uma festa na floresta, onde um adolescente foi agredido. A pol\u00edcia localizou o adolescente desaparecido, que foi levado a um hospital da \u00e1rea para tratamento. <\/p>\n<p>O departamento disse que as pessoas envolvidas &#8220;s\u00e3o conhecidas umas das outras&#8221; e que o chefe Edward Conley designou um detetive treinado em investiga\u00e7\u00f5es de direitos civis para liderar o caso. O departamento disse que tamb\u00e9m est\u00e1 em contato com o escrit\u00f3rio do promotor p\u00fablico do Condado de Essex para obter suporte e recursos adicionais. <\/p>\n<p>\u201cEstamos tratando essas alega\u00e7\u00f5es com a m\u00e1xima seriedade\u201d, disse Conley em uma declara\u00e7\u00e3o. \u201cPedimos ao p\u00fablico que permita que a investiga\u00e7\u00e3o prossiga sem pressa para julgamento.\u201d<\/p>\n<p>O superintendente da escola de Gloucester, Ben Lummis, repetiu a mensagem do chefe em um <a href=\"https:\/\/www.necn.com\/news\/local\/beating-of-teen-in-gloucester-woods-under-investigation\/3323268\/?gd\" target=\"_blank\" rel=\"noreferrer noopener\">declara\u00e7\u00e3o \u00e0 NBC10 Boston<\/a>chamando o incidente de \u201cpreocupante\u201d.<\/p>\n<p>\u201cAs Escolas P\u00fablicas de Gloucester entendem a gravidade dessas alega\u00e7\u00f5es e est\u00e3o lidando com elas com o mais alto n\u00edvel de preocupa\u00e7\u00e3o\u201d, disse ele.<\/p>\n<p>Qualquer pessoa com informa\u00e7\u00f5es sobre o incidente deve entrar em contato com a pol\u00edcia de Gloucester pelo telefone 978-283-1212.<\/p>\n<div class=\"m-block m-generic-cta\t m-generic-cta--post-content\t m-generic-cta--dark\t m-generic-cta--homepage\t m-generic-cta--email-signup\t\t m-generic-cta-block-style--default \tt-amp__generic-cta\"><\/p>\n<div class=\"m-generic-cta__wrap\">\n<div class=\"m-generic-cta__content\">\n<h3 class=\"m-generic-cta__title\">Boston.com Hoje<\/h3>\n<p class=\"m-generic-cta__subtitle\">Inscreva-se para receber as \u00faltimas manchetes na sua caixa de entrada todas as manh\u00e3s.<\/p>\n<\/p><\/div>\n<\/p><\/div>\n<\/div><\/div>\n<p><script>\n\t\tvar consent=\"grant\";\n\t\t\/* The above code is parsing the JSON data from the local storage and storing it in a variable. *\/\n\t\t\t\t\tconst onetrustStorageConsent = JSON.parse(localStorage.getItem( 'consent_one_trust_bdc' ) );\n\t\t\tif ( ( onetrustStorageConsent !== null ) ) {\n\t\t\t\t\/* Checking to see if the user has consented to the use of cookies.\n\t\t\t\t* If they have not, it is deleting the cookie.\n\t\t\t\t* This will comment for now, until further notice.\n\t\t\t\t*\/\n\t\t\t\t\/\/if ( onetrustStorageConsent.C0002 === false ) {\n\t\t\t\t\/\/\tdocument.cookie=\"_fbp=;expires=Thu, 01 Jan 2010 00:00:00 UTC; path=\/; domain=.boston.com\";\n\t\t\t\t\/\/}\n\t\t\t\t\/* Checking if the user has given consent for the cookie C0002.\n\t\t\t\t* If the user has given consent, the variable consent will be set to 'grant'.\n\t\t\t\t* If the user has not given consent,the variable consent will be set to 'revoke'.\n\t\t\t\t* Documentation https:\/\/developers.facebook.com\/docs\/meta-pixel\/implementation\/gdpr\n\t\t\t\t*\/\n\t\t\t\tif ( onetrustStorageConsent.C0002 !== true ) {\n\t\t\t\t\tconsent=\"revoke\";\n\t\t\t\t}\n\t\t\t}\n\t\t\t\t!function(f,b,e,v,n,t,s)\n\t\t{if(f.fbq)return;n=f.fbq=function(){n.callMethod?\n\t\tn.callMethod.apply(n,arguments):n.queue.push(arguments)};\n\t\tif(!f._fbq)f._fbq=n;n.push=n;n.loaded=!0;n.version='2.0';\n\t\tn.queue=[];t=b.createElement(e);t.async=!0;\n\t\tt.src=v;s=b.getElementsByTagName(e)[0];\n\t\ts.parentNode.insertBefore(t,s)}(window, document,'script',\n\t\t'https:\/\/connect.facebook.net\/en_US\/fbevents.js');\n\t\tfbq('consent', consent);\n\t\tfbq('init', '989222871864976');\n\t\tfbq('track', 'PageView');\n\t<\/script><script type=\"module\">\n\t\tvar consent=\"grant\";\n\t\t\/* The above code is parsing the JSON data from the local storage and storing it in a variable. *\/\n\t\t\tconst onetrustStorageConsent = JSON.parse(localStorage.getItem( 'consent_one_trust_bdc' ) );\n\t\t\t\/* Checking to see if the user has consented to the use of cookies.\n\t\t\t* If they have not, it is deleting the cookie.\n\t\t\t* This will comment for now, until further notice.\n\t\t\t*\/\n\t\t\t\/\/if ( onetrustStorageConsent.C0002 === false ) {\n\t\t\t\/\/\tdocument.cookie=\"_fbp=;expires=Thu, 01 Jan 2010 00:00:00 UTC; path=\/; domain=.boston.com\";\n\t\t\t\/\/}\n\t\t\t\/* Checking if the user has given consent for the cookie C0002.\n\t\t\t* If the user has given consent, the variable consent will be set to 'grant'.\n\t\t\t* If the user has not given consent,the variable consent will be set to 'revoke'.\n\t\t\t* Documentation https:\/\/developers.facebook.com\/docs\/meta-pixel\/implementation\/gdpr\n\t\t\t*\/\n\t\t\tif ( ( onetrustStorageConsent !== null ) && (onetrustStorageConsent.C0002 !== true ) ) {\n\t\t\t\tconsent=\"revoke\";\n\t\t\t}\n\t\t\t\t!function(f,b,e,v,n,t,s){if(f.fbq)return;n=f.fbq=function()\n\t\t{n.callMethod? n.callMethod.apply(n,arguments):n.queue.push(arguments)}\n\t\t;if(!f._fbq)f._fbq=n;\n\t\tn.push=n;n.loaded=!0;n.version='2.0';n.queue=[];t=b.createElement(e);t.async=!0;\n\t\tt.src=v;s=b.getElementsByTagName(e)[0];s.parentNode.insertBefore(t,s)}(window,\n\t\tdocument,'script','https:\/\/connect.facebook.net\/en_US\/fbevents.js');\n\t\tfbq('consent', consent);\n\t\tfbq('init', '813236348753005');\n\t\tfbq('track', \"PageView\");\n\t<\/script><br \/>\n<br \/><br \/>\n<br \/><a href=\"https:\/\/www.boston.com\/news\/local-news\/2024\/09\/03\/gloucester-teen-beaten-by-group-of-teens-for-being-trans-mother-says\/\">Source link <\/a><\/p>","protected":false},"excerpt":{"rendered":"<p>Not\u00edcias locais O chefe de pol\u00edcia de Gloucester disse que um detetive treinado em investiga\u00e7\u00f5es de direitos civis foi designado para liderar o caso. A m\u00e3e de um adolescente de&hellip;<\/p>","protected":false},"author":1,"featured_media":31455,"comment_status":"closed","ping_status":"open","sticky":false,"template":"","format":"standard","meta":{"content-type":"","footnotes":""},"categories":[1],"tags":[],"class_list":["post-31454","post","type-post","status-publish","format-standard","has-post-thumbnail","hentry","category-uncategorized"],"_links":{"self":[{"href":"https:\/\/tvbrazilusa.com\/pt\/wp-json\/wp\/v2\/posts\/31454","targetHints":{"allow":["GET"]}}],"collection":[{"href":"https:\/\/tvbrazilusa.com\/pt\/wp-json\/wp\/v2\/posts"}],"about":[{"href":"https:\/\/tvbrazilusa.com\/pt\/wp-json\/wp\/v2\/types\/post"}],"author":[{"embeddable":true,"href":"https:\/\/tvbrazilusa.com\/pt\/wp-json\/wp\/v2\/users\/1"}],"replies":[{"embeddable":true,"href":"https:\/\/tvbrazilusa.com\/pt\/wp-json\/wp\/v2\/comments?post=31454"}],"version-history":[{"count":1,"href":"https:\/\/tvbrazilusa.com\/pt\/wp-json\/wp\/v2\/posts\/31454\/revisions"}],"predecessor-version":[{"id":31456,"href":"https:\/\/tvbrazilusa.com\/pt\/wp-json\/wp\/v2\/posts\/31454\/revisions\/31456"}],"wp:featuredmedia":[{"embeddable":true,"href":"https:\/\/tvbrazilusa.com\/pt\/wp-json\/wp\/v2\/media\/31455"}],"wp:attachment":[{"href":"https:\/\/tvbrazilusa.com\/pt\/wp-json\/wp\/v2\/media?parent=31454"}],"wp:term":[{"taxonomy":"category","embeddable":true,"href":"https:\/\/tvbrazilusa.com\/pt\/wp-json\/wp\/v2\/categories?post=31454"},{"taxonomy":"post_tag","embeddable":true,"href":"https:\/\/tvbrazilusa.com\/pt\/wp-json\/wp\/v2\/tags?post=31454"}],"curies":[{"name":"wp","href":"https:\/\/api.w.org\/{rel}","templated":true}]}}