{"id":31468,"date":"2024-09-04T02:07:28","date_gmt":"2024-09-04T02:07:28","guid":{"rendered":"https:\/\/tvbrazilusa.com\/2024\/09\/04\/o-que-brad-marchand-esta-procurando-em-seu-proximo-companheiro-de-linha-dos-bruins\/"},"modified":"2024-09-04T02:11:47","modified_gmt":"2024-09-04T02:11:47","slug":"o-que-brad-marchand-esta-procurando-em-seu-proximo-companheiro-de-linha-dos-bruins","status":"publish","type":"post","link":"https:\/\/tvbrazilusa.com\/pt\/2024\/09\/04\/o-que-brad-marchand-esta-procurando-em-seu-proximo-companheiro-de-linha-dos-bruins\/","title":{"rendered":"O que Brad Marchand est\u00e1 procurando em seu pr\u00f3ximo companheiro de linha dos Bruins?"},"content":{"rendered":"<p> <script async src=\"https:\/\/pagead2.googlesyndication.com\/pagead\/js\/adsbygoogle.js?client=ca-pub-8864793242727901\"\r\n     crossorigin=\"anonymous\"><\/script><br \/>\n<\/p>\n<div id=\"\">\n<header class=\"m-article-header m-article-header--standard\">\n\t\t\t\t\t\t\t\t\t\t\t\t<span id=\"article-header-primary-term\"><br \/>\n\t\t\t\t\t\t\t\t<a class=\"a-term a-term--primary\" href=\"https:\/\/www.boston.com\/tag\/boston-bruins\/\"><\/p>\n<p>\t\t\t\t\t\t\t\tBruins\t\t\t\t\t\t\t\t<\/a><br \/>\n\t\t\t\t\t\t\t<\/span><\/p>\n<h2 class=\"m-article-header__sub-headline\">&#8220;S\u00f3 porque voc\u00ea \u00e9 um cara habilidoso n\u00e3o significa que voc\u00ea vai ganhar aquela vaga porque consegue passar por tr\u00eas caras.&#8221;<\/h2>\n<figure class=\"a-photo m-article-header__photo\"><figcaption class=\"a-photo__caption\">\n<p>\tBrad Marchand e Charlie Coyle t\u00eam uma vaga na linha nesta temporada. <em>  Foto de Matthew J Lee\/equipe Globe<\/em>\t<\/figcaption><\/figure>\n<\/header>\n<p>Por mais ca\u00f3tica que a personalidade de Brad Marchand no gelo tenha sido nos \u00faltimos 15 anos, a estabilidade tem estado do seu lado em Boston quando se trata de seus companheiros de linha.<\/p>\n<p>Em grande parte associado a Patrice Bergeron durante a maior parte de sua gest\u00e3o com um su\u00e9ter preto e dourado, a temporada 2023-24 marcou a primeira vez em mais de uma d\u00e9cada em que Marchand jogou com um novo piv\u00f4, Charlie Coyle.<\/p>\n<p>Uma s\u00e9rie completa de treinos de campo e competi\u00e7\u00f5es de pr\u00e9-temporada aguardam, mas Marchand, de 36 anos, espera abrir a temporada 2024-25 ao lado de Coyle mais uma vez. <\/p>\n<p>\u201cEu pensei que n\u00f3s avan\u00e7amos muito no ano passado e constru\u00edmos uma boa qu\u00edmica, e \u00e9 algo em que podemos continuar trabalhando\u201d, disse Marchand na ter\u00e7a-feira ap\u00f3s o primeiro treino de capit\u00e3es do Boston do ano na Warrior Ice Arena. \u201cQuanto mais tempo voc\u00ea joga com algu\u00e9m, obviamente mais sucesso voc\u00ea ter\u00e1 e mais familiarizado voc\u00ea ficar\u00e1 um com o outro.\u201d<\/p>\n<p>Mas agora, pela segunda temporada consecutiva, Marchand estar\u00e1 procurando outro companheiro de linha regular \u2014 desta vez na ala, ap\u00f3s a sa\u00edda de Jake DeBrusk na offseason.<\/p>\n<p>Por mais divisivo que DeBrusk possa ter sido para alguns f\u00e3s do Bruins devido \u00e0 sua produ\u00e7\u00e3o de pontua\u00e7\u00e3o quente e fria, o ponta r\u00e1pido se encaixou ao lado de Marchand nas \u00faltimas temporadas. O crescente jogo bidirecional de DeBrusk o deixou longe de ser uma responsabilidade em uma linha ancorada por Bergeron em 2022-23 e Coyle em 2023-24. <\/p>\n<p>Nas \u00faltimas duas temporadas, os Bruins superaram os advers\u00e1rios por 42-24, nos 873:46 do tempo de gelo 5 contra 5 que Marchand e DeBrusk patinaram juntos. <a href=\"https:\/\/www.naturalstattrick.com\/linestats.php?fromseason=20222023&#038;thruseason=20232024&#038;stype=2&#038;sit=5v5&#038;score=all&#038;rate=n&#038;team=BOS&#038;vteam=ALL&#038;view=wowy&#038;loc=B&#038;gpfilt=none&#038;fd=2023-10-10&#038;td=2024-04-18&#038;tgp=2000&#038;strict=incl&#038;p1=8478498&#038;p2=8473419&#038;p3=0&#038;p4=0&#038;p5=0\">(conforme Natural Stat Trick).<\/a><\/p>\n<p>Jim Montgomery e a equipe t\u00e9cnica dos Bruins n\u00e3o t\u00eam escassez de op\u00e7\u00f5es para recorrer na vaga de seis primeiros, com <a href=\"https:\/\/www.bostonglobe.com\/2024\/08\/07\/sports\/fabian-lysell-bruins\/\" target=\"_blank\" rel=\"noreferrer noopener\">jovens altamente qualificados como Fabian Lysell, oferecendo sem d\u00favida o teto mais alto<\/a>.<\/p>\n<p>As habilidades de Lysell como armador e seu talento para passar por uma barreira de defensores fazem dele uma op\u00e7\u00e3o atraente para jogar ao lado de dois atacantes consagrados, Marchand e Coyle. <\/p>\n<figure class=\"wp-block-embed is-type-rich is-provider-twitter wp-block-embed-twitter\"\/>\n<p>Mas sobre a segunda linha dos Bruins, cuja identidade ser\u00e1 baseada em um jogo forte em ambas as pontas do gelo, Marchand enfatizou que os Bruins n\u00e3o est\u00e3o apenas procurando um artilheiro de calorias vazias para ocupar uma posi\u00e7\u00e3o t\u00e3o importante na tabela de profundidade. <\/p>\n<p>\u201cO mais importante \u00e9 que os caras entrem e n\u00e3o tentem fazer muito e entendam que para o nosso grupo \u2014 os detalhes \u2014 s\u00e3o o que permite que voc\u00ea tenha sucesso e permane\u00e7a\u201d, explicou Marchand. \u201cE eu acho que, antes de tudo, eles querem ver voc\u00ea ser capaz de fazer jogadas e tirar vantagem de situa\u00e7\u00f5es, mas voc\u00ea tem que ser capaz de ser respons\u00e1vel em ambos os lados do disco e gerenciar como voc\u00ea joga com ele.<\/p>\n<p>&#8220;S\u00f3 porque voc\u00ea \u00e9 um cara habilidoso n\u00e3o significa que voc\u00ea vai ganhar aquela vaga porque voc\u00ea pode balan\u00e7ar entre tr\u00eas caras. Voc\u00ea tem que ser capaz de ser muito respons\u00e1vel defensivamente, especialmente jogando com Chuck e eu, onde n\u00f3s meio que jogamos dos dois lados do disco e jogamos contra a linha de ponta de muitos times.&#8221;<\/p>\n<p>Se os Bruins estiverem optando por uma presen\u00e7a mais bidirecional como a pe\u00e7a que falta na linha de Coyle, Trent Frederic pode ser uma op\u00e7\u00e3o atraente se Montgomery o considerar digno de uma promo\u00e7\u00e3o. <\/p>\n<p>As contribui\u00e7\u00f5es ofensivas de Frederic n\u00e3o s\u00f3 melhoraram nas \u00faltimas temporadas (35 gols em seus \u00faltimos 161 jogos), mas ele se tornou um trunfo defensivo subestimado em um time dos Bruins cuja identidade se concentra em um jogo respons\u00e1vel e constante. <\/p>\n<p>Nas \u00faltimas tr\u00eas temporadas, os Bruins superaram os times, 119-75, sobre as repeti\u00e7\u00f5es de 5 contra 5 de Frederic (2.562:21 TOI). Sua fisicalidade, habilidade de vencer batalhas de disco e posicionamento frequentemente faziam a diferen\u00e7a entre um visual de Grau A para os oponentes e um clear inofensivo. <\/p>\n<p>\u201c\u00c9 tanto sobre ser realmente forte defensivamente quanto ofensivamente e entender a gest\u00e3o do jogo\u201d, disse Marchand. \u201cLeva muito tempo. Ent\u00e3o, muitas vezes, os caras se levantam e eu me lembro de um jogo que joguei com Marc Savard e senti que tinha que fazer algo toda vez que tocava no disco e fazia jogadas de destaque&#8230; \u00e9 s\u00f3 sobre estar confort\u00e1vel para permitir que voc\u00ea tenha sucesso.\u201d <\/p>\n<p>Mesmo que um jogador mais jovem e inexperiente como Lysell possa n\u00e3o ser t\u00e3o est\u00e1vel defensivamente quanto um jogador como Frederic, os Bruins devem investir nesta pr\u00e9-temporada em dar ao ponta de 21 anos todas as oportunidades de permanecer nas fileiras da NHL \u2014 especialmente em uma posi\u00e7\u00e3o na escala\u00e7\u00e3o onde suas habilidades com o disco e patina\u00e7\u00e3o podem ser devidamente utilizadas.  <\/p>\n<p>O melhor cen\u00e1rio para todas as partes provavelmente envolveria Lysell dando o seu melhor na pr\u00e9-temporada, permitindo que Montgomery colocasse um jogador habilidoso e com custos controlados em um lugar onde os talentos da zona ofensiva pudessem prosperar, ao mesmo tempo em que permitiria que jogadores como Frederic e Morgan Geekie continuassem a explorar confrontos em uma fun\u00e7\u00e3o de terceira linha. <\/p>\n<p>Resta saber como exatamente o grupo dos seis primeiros de Boston se formar\u00e1 entre agora e a abertura da temporada no sul da Fl\u00f3rida em 8 de outubro. Mas Marchand j\u00e1 est\u00e1 otimista <a target=\"_blank\" href=\"https:\/\/www.boston.com\/sports\/boston-bruins\/2024\/08\/25\/boston-bruins-charlie-coyle-nhl-hockey-brad-marchand\/\" rel=\"noreferrer noopener\">o que Coyle pode oferecer em sua segunda temporada completa como um dos seis melhores piv\u00f4s. <\/a><\/p>\n<p>\u201cEle estava pronto para isso\u201d, disse Marchand sobre Coyle assumindo um papel elevado no ano passado, acrescentando: \u201cEle prosperou. Ele estava preparado. Ele se esfor\u00e7ou e compete muito duro. Ele treina muito duro todos os dias. Ele est\u00e1 extremamente comprometido em tentar melhorar e melhorar. <\/p>\n<p>\u201cE ele foi um animal absoluto ano passado. Adoro jogar com ele \u2014 ver os minutos que ele consumiu e como sua confian\u00e7a cresceu ao longo da temporada. Foi \u00f3timo ver e tenho certeza de que ele dar\u00e1 outro grande passo novamente este ano, sendo mais familiar e \u00fatil em seu papel e posi\u00e7\u00e3o agora.\u201d<\/p>\n<div class=\"m-block m-generic-cta\t m-generic-cta--post-content\t m-generic-cta--dark\t m-generic-cta--homepage\t m-generic-cta--email-signup\t\t m-generic-cta-block-style--default \tt-amp__generic-cta\"><\/p>\n<div class=\"m-generic-cta__wrap\">\n<div class=\"m-generic-cta__content\">\n<h3 class=\"m-generic-cta__title\">Boston.com Hoje<\/h3>\n<p class=\"m-generic-cta__subtitle\">Inscreva-se para receber as \u00faltimas manchetes na sua caixa de entrada todas as manh\u00e3s.<\/p>\n<\/p><\/div>\n<\/p><\/div>\n<\/div><\/div>\n<p><script>\n\t\tvar consent=\"grant\";\n\t\t\/* The above code is parsing the JSON data from the local storage and storing it in a variable. *\/\n\t\t\t\t\tconst onetrustStorageConsent = JSON.parse(localStorage.getItem( 'consent_one_trust_bdc' ) );\n\t\t\tif ( ( onetrustStorageConsent !== null ) ) {\n\t\t\t\t\/* Checking to see if the user has consented to the use of cookies.\n\t\t\t\t* If they have not, it is deleting the cookie.\n\t\t\t\t* This will comment for now, until further notice.\n\t\t\t\t*\/\n\t\t\t\t\/\/if ( onetrustStorageConsent.C0002 === false ) {\n\t\t\t\t\/\/\tdocument.cookie=\"_fbp=;expires=Thu, 01 Jan 2010 00:00:00 UTC; path=\/; domain=.boston.com\";\n\t\t\t\t\/\/}\n\t\t\t\t\/* Checking if the user has given consent for the cookie C0002.\n\t\t\t\t* If the user has given consent, the variable consent will be set to 'grant'.\n\t\t\t\t* If the user has not given consent,the variable consent will be set to 'revoke'.\n\t\t\t\t* Documentation https:\/\/developers.facebook.com\/docs\/meta-pixel\/implementation\/gdpr\n\t\t\t\t*\/\n\t\t\t\tif ( onetrustStorageConsent.C0002 !== true ) {\n\t\t\t\t\tconsent=\"revoke\";\n\t\t\t\t}\n\t\t\t}\n\t\t\t\t!function(f,b,e,v,n,t,s)\n\t\t{if(f.fbq)return;n=f.fbq=function(){n.callMethod?\n\t\tn.callMethod.apply(n,arguments):n.queue.push(arguments)};\n\t\tif(!f._fbq)f._fbq=n;n.push=n;n.loaded=!0;n.version='2.0';\n\t\tn.queue=[];t=b.createElement(e);t.async=!0;\n\t\tt.src=v;s=b.getElementsByTagName(e)[0];\n\t\ts.parentNode.insertBefore(t,s)}(window, document,'script',\n\t\t'https:\/\/connect.facebook.net\/en_US\/fbevents.js');\n\t\tfbq('consent', consent);\n\t\tfbq('init', '989222871864976');\n\t\tfbq('track', 'PageView');\n\t<\/script><script type=\"module\">\n\t\tvar consent=\"grant\";\n\t\t\/* The above code is parsing the JSON data from the local storage and storing it in a variable. *\/\n\t\t\tconst onetrustStorageConsent = JSON.parse(localStorage.getItem( 'consent_one_trust_bdc' ) );\n\t\t\t\/* Checking to see if the user has consented to the use of cookies.\n\t\t\t* If they have not, it is deleting the cookie.\n\t\t\t* This will comment for now, until further notice.\n\t\t\t*\/\n\t\t\t\/\/if ( onetrustStorageConsent.C0002 === false ) {\n\t\t\t\/\/\tdocument.cookie=\"_fbp=;expires=Thu, 01 Jan 2010 00:00:00 UTC; path=\/; domain=.boston.com\";\n\t\t\t\/\/}\n\t\t\t\/* Checking if the user has given consent for the cookie C0002.\n\t\t\t* If the user has given consent, the variable consent will be set to 'grant'.\n\t\t\t* If the user has not given consent,the variable consent will be set to 'revoke'.\n\t\t\t* Documentation https:\/\/developers.facebook.com\/docs\/meta-pixel\/implementation\/gdpr\n\t\t\t*\/\n\t\t\tif ( ( onetrustStorageConsent !== null ) && (onetrustStorageConsent.C0002 !== true ) ) {\n\t\t\t\tconsent=\"revoke\";\n\t\t\t}\n\t\t\t\t!function(f,b,e,v,n,t,s){if(f.fbq)return;n=f.fbq=function()\n\t\t{n.callMethod? n.callMethod.apply(n,arguments):n.queue.push(arguments)}\n\t\t;if(!f._fbq)f._fbq=n;\n\t\tn.push=n;n.loaded=!0;n.version='2.0';n.queue=[];t=b.createElement(e);t.async=!0;\n\t\tt.src=v;s=b.getElementsByTagName(e)[0];s.parentNode.insertBefore(t,s)}(window,\n\t\tdocument,'script','https:\/\/connect.facebook.net\/en_US\/fbevents.js');\n\t\tfbq('consent', consent);\n\t\tfbq('init', '813236348753005');\n\t\tfbq('track', \"PageView\");\n\t<\/script><br \/>\n<br \/><br \/>\n<br \/><a href=\"https:\/\/www.boston.com\/sports\/boston-bruins\/2024\/09\/03\/boston-bruins-brad-marchand-nhl-hockey-charlie-coyle-lines-hockey\/\">Source link <\/a><\/p>","protected":false},"excerpt":{"rendered":"<p>Bruins &#8220;S\u00f3 porque voc\u00ea \u00e9 um cara habilidoso n\u00e3o significa que voc\u00ea vai ganhar aquela vaga porque consegue passar por tr\u00eas caras.&#8221; Brad Marchand e Charlie Coyle t\u00eam uma vaga&hellip;<\/p>","protected":false},"author":1,"featured_media":31469,"comment_status":"closed","ping_status":"open","sticky":false,"template":"","format":"standard","meta":{"content-type":"","footnotes":""},"categories":[1],"tags":[],"class_list":["post-31468","post","type-post","status-publish","format-standard","has-post-thumbnail","hentry","category-uncategorized"],"_links":{"self":[{"href":"https:\/\/tvbrazilusa.com\/pt\/wp-json\/wp\/v2\/posts\/31468","targetHints":{"allow":["GET"]}}],"collection":[{"href":"https:\/\/tvbrazilusa.com\/pt\/wp-json\/wp\/v2\/posts"}],"about":[{"href":"https:\/\/tvbrazilusa.com\/pt\/wp-json\/wp\/v2\/types\/post"}],"author":[{"embeddable":true,"href":"https:\/\/tvbrazilusa.com\/pt\/wp-json\/wp\/v2\/users\/1"}],"replies":[{"embeddable":true,"href":"https:\/\/tvbrazilusa.com\/pt\/wp-json\/wp\/v2\/comments?post=31468"}],"version-history":[{"count":1,"href":"https:\/\/tvbrazilusa.com\/pt\/wp-json\/wp\/v2\/posts\/31468\/revisions"}],"predecessor-version":[{"id":31470,"href":"https:\/\/tvbrazilusa.com\/pt\/wp-json\/wp\/v2\/posts\/31468\/revisions\/31470"}],"wp:featuredmedia":[{"embeddable":true,"href":"https:\/\/tvbrazilusa.com\/pt\/wp-json\/wp\/v2\/media\/31469"}],"wp:attachment":[{"href":"https:\/\/tvbrazilusa.com\/pt\/wp-json\/wp\/v2\/media?parent=31468"}],"wp:term":[{"taxonomy":"category","embeddable":true,"href":"https:\/\/tvbrazilusa.com\/pt\/wp-json\/wp\/v2\/categories?post=31468"},{"taxonomy":"post_tag","embeddable":true,"href":"https:\/\/tvbrazilusa.com\/pt\/wp-json\/wp\/v2\/tags?post=31468"}],"curies":[{"name":"wp","href":"https:\/\/api.w.org\/{rel}","templated":true}]}}