{"id":31480,"date":"2024-09-04T02:13:57","date_gmt":"2024-09-04T02:13:57","guid":{"rendered":"https:\/\/tvbrazilusa.com\/2024\/09\/04\/biblioteca-de-somerville-fecha-apos-as-aulas-devido-a-preocupacoes-com-o-comportamento-dos-adolescentes\/"},"modified":"2024-09-04T02:25:40","modified_gmt":"2024-09-04T02:25:40","slug":"biblioteca-de-somerville-fecha-apos-as-aulas-devido-a-preocupacoes-com-o-comportamento-dos-adolescentes","status":"publish","type":"post","link":"https:\/\/tvbrazilusa.com\/pt\/2024\/09\/04\/biblioteca-de-somerville-fecha-apos-as-aulas-devido-a-preocupacoes-com-o-comportamento-dos-adolescentes\/","title":{"rendered":"Biblioteca de Somerville fecha ap\u00f3s as aulas devido a &#8220;preocupa\u00e7\u00f5es com o comportamento dos adolescentes&#8221;"},"content":{"rendered":"<p> <script async src=\"https:\/\/pagead2.googlesyndication.com\/pagead\/js\/adsbygoogle.js?client=ca-pub-8864793242727901\"\r\n     crossorigin=\"anonymous\"><\/script><br \/>\n<\/p>\n<div id=\"\">\n<header class=\"m-article-header m-article-header--standard\">\n\t\t\t\t\t\t\t\t\t\t\t\t<span id=\"article-header-primary-term\"><br \/>\n\t\t\t\t\t\t\t\t<a class=\"a-term a-term--primary\" href=\"https:\/\/www.boston.com\/tag\/local-news\/\"><\/p>\n<p>\t\t\t\t\t\t\t\tNot\u00edcias locais\t\t\t\t\t\t\t\t<\/a><br \/>\n\t\t\t\t\t\t\t<\/span><\/p>\n<h2 class=\"m-article-header__sub-headline\">A pol\u00edcia respondeu a v\u00e1rios incidentes na sala dos adolescentes este ano, de acordo com o Conselho de Curadores da Biblioteca P\u00fablica de Somerville. <\/h2>\n<figure class=\"a-photo m-article-header__photo\"><figcaption class=\"a-photo__caption\">\n<p>\tA Biblioteca P\u00fablica de Somerville modificou seu hor\u00e1rio temporariamente para lidar com &#8220;preocupa\u00e7\u00f5es com o comportamento de adolescentes&#8221;.<em> Jonathan Wiggs\/Equipe Globe<\/em>\t<\/figcaption><\/figure>\n<\/header>\n<p>Os alunos de Somerville podem voltar \u00e0 escola esta semana, mas provavelmente n\u00e3o passar\u00e3o muito tempo na biblioteca local quando terminarem as aulas.<\/p>\n<p>A Biblioteca P\u00fablica de Somerville anunciou que a partir de 3 de setembro, o primeiro dia de aula para os alunos, sua filial da Biblioteca Central na Highland Avenue ir\u00e1 temporariamente \u201cimplementar um hor\u00e1rio modificado da tarde\u201d. <\/p>\n<p>A filial ficar\u00e1 fechada \u00e0s segundas, ter\u00e7as, quintas e sextas das 14h \u00e0s 16h e fechar\u00e1 das 11h30 \u00e0s 14h \u00e0s quartas. O cronograma de fim de semana permanecer\u00e1 inalterado, disse a biblioteca.<\/p>\n<p>A biblioteca fica ao lado da Somerville High School, que termina as aulas por volta das 14h30 e sai mais cedo \u00e0s quartas-feiras.<\/p>\n<p>Em um comunicado, a cidade disse que houve \u201csitua\u00e7\u00f5es repetidas que levantaram preocupa\u00e7\u00f5es sobre a seguran\u00e7a dos funcion\u00e1rios e visitantes da biblioteca\u201d. <\/p>\n<p>\u201cEsses desafios nos levaram a tomar medidas de precau\u00e7\u00e3o e ajustar temporariamente os hor\u00e1rios para garantir um ambiente seguro para todos\u201d, disse a declara\u00e7\u00e3o. \u201cO foco continua em criar solu\u00e7\u00f5es e interven\u00e7\u00f5es positivas.\u201d<\/p>\n<p>A biblioteca disse que os hor\u00e1rios de funcionamento de suas outras filiais n\u00e3o ser\u00e3o afetados e os alunos poder\u00e3o usar a biblioteca da escola at\u00e9 as 16h.<\/p>\n<p>Em julho, um homem foi atacado por um grupo de jovens \u00e0 tarde em frente \u00e0 biblioteca, de acordo com Somerville <a href=\"https:\/\/somervillepd.com\/public-safety-news\/759-crime-log-july-16-to-july-22-2024\">registros policiais<\/a>. De acordo com a ata da reuni\u00e3o do Conselho de Administra\u00e7\u00e3o da SPL, a pol\u00edcia respondeu a v\u00e1rios incidentes na sala dos adolescentes. <\/p>\n<p>Em fevereiro, o chefe de gabinete do prefeito se reuniu com representantes da biblioteca, da escola secund\u00e1ria e do departamento de pol\u00edcia <a href=\"https:\/\/s3.amazonaws.com\/somervillema-live\/s3fs-public\/2024-08\/board-library-trustees-minutes-20240214.pdf\">para discutir<\/a> \u201cpreocupa\u00e7\u00f5es com o comportamento dos adolescentes\u201d. Os incidentes continuaram em abril e maio, e o treinamento da equipe incluiu uma apresenta\u00e7\u00e3o sobre a redu\u00e7\u00e3o da tens\u00e3o, de acordo com <a href=\"https:\/\/s3.amazonaws.com\/somervillema-live\/s3fs-public\/2024-08\/board-library-trustees-minutes-20240508.pdf\">notas da reuni\u00e3o<\/a>.<\/p>\n<p>Ben Ewen-Campen, o presidente do Conselho Municipal de Somerville, opinou sobre os fechamentos nas m\u00eddias sociais. Ele disse que os fechamentos s\u00e3o \u201cimpulsionados por um padr\u00e3o cont\u00ednuo de ocorr\u00eancias s\u00e9rias, perturbadoras e, \u00e0s vezes, perigosas\u201d.<\/p>\n<p>\u201cAlguns desses eventos realmente abalaram a equipe e o p\u00fablico\u201d, Ewen-Campen <a href=\"https:\/\/x.com\/BenForWard3\/status\/1828844145630478817\">escreveu<\/a>. \u201cEssas quest\u00f5es n\u00e3o s\u00e3o novas, mas este ano tem sido diferente e muito mais desafiador do que os anteriores.\u201d<\/p>\n<p>A biblioteca disse que instalar\u00e1 c\u00e2meras e contratar\u00e1 um assistente social para ajudar a \u201cacalmar os problemas e conectar clientes de todas as idades com servi\u00e7os de apoio, conforme necess\u00e1rio\u201d.<\/p>\n<p>\u201cNossa prioridade \u00e9 retornar ao hor\u00e1rio normal da biblioteca o mais r\u00e1pido poss\u00edvel, e estamos comprometidos em implementar medidas que garantam que a Biblioteca Central continue sendo um espa\u00e7o seguro, inclusivo e vibrante para todos\u201d, disse o comunicado da biblioteca.<\/p>\n<p>Em Brockton, um Starbucks perto da escola secund\u00e1ria \u00e9 <a href=\"https:\/\/www.boston.com\/news\/local-news\/2024\/08\/21\/new-brockton-starbucks-closes-dining-room-after-school-to-deter-teens\/\">fechando sua sala de jantar<\/a> depois da escola para deter adolescentes vadios. O prefeito de Brockton, Robert Sullivan, disse que a rede de cafeterias deveria estar totalmente aberta aos clientes.<\/p>\n<div class=\"m-block m-generic-cta\t m-generic-cta--post-content\t m-generic-cta--dark\t m-generic-cta--homepage\t m-generic-cta--email-signup\t\t m-generic-cta-block-style--default \tt-amp__generic-cta\"><\/p>\n<div class=\"m-generic-cta__wrap\">\n<div class=\"m-generic-cta__content\">\n<h3 class=\"m-generic-cta__title\">Boston.com Hoje<\/h3>\n<p class=\"m-generic-cta__subtitle\">Inscreva-se para receber as \u00faltimas manchetes na sua caixa de entrada todas as manh\u00e3s.<\/p>\n<\/p><\/div>\n<\/p><\/div>\n<\/div><\/div>\n<p><script>\n\t\tvar consent=\"grant\";\n\t\t\/* The above code is parsing the JSON data from the local storage and storing it in a variable. *\/\n\t\t\t\t\tconst onetrustStorageConsent = JSON.parse(localStorage.getItem( 'consent_one_trust_bdc' ) );\n\t\t\tif ( ( onetrustStorageConsent !== null ) ) {\n\t\t\t\t\/* Checking to see if the user has consented to the use of cookies.\n\t\t\t\t* If they have not, it is deleting the cookie.\n\t\t\t\t* This will comment for now, until further notice.\n\t\t\t\t*\/\n\t\t\t\t\/\/if ( onetrustStorageConsent.C0002 === false ) {\n\t\t\t\t\/\/\tdocument.cookie=\"_fbp=;expires=Thu, 01 Jan 2010 00:00:00 UTC; path=\/; domain=.boston.com\";\n\t\t\t\t\/\/}\n\t\t\t\t\/* Checking if the user has given consent for the cookie C0002.\n\t\t\t\t* If the user has given consent, the variable consent will be set to 'grant'.\n\t\t\t\t* If the user has not given consent,the variable consent will be set to 'revoke'.\n\t\t\t\t* Documentation https:\/\/developers.facebook.com\/docs\/meta-pixel\/implementation\/gdpr\n\t\t\t\t*\/\n\t\t\t\tif ( onetrustStorageConsent.C0002 !== true ) {\n\t\t\t\t\tconsent=\"revoke\";\n\t\t\t\t}\n\t\t\t}\n\t\t\t\t!function(f,b,e,v,n,t,s)\n\t\t{if(f.fbq)return;n=f.fbq=function(){n.callMethod?\n\t\tn.callMethod.apply(n,arguments):n.queue.push(arguments)};\n\t\tif(!f._fbq)f._fbq=n;n.push=n;n.loaded=!0;n.version='2.0';\n\t\tn.queue=[];t=b.createElement(e);t.async=!0;\n\t\tt.src=v;s=b.getElementsByTagName(e)[0];\n\t\ts.parentNode.insertBefore(t,s)}(window, document,'script',\n\t\t'https:\/\/connect.facebook.net\/en_US\/fbevents.js');\n\t\tfbq('consent', consent);\n\t\tfbq('init', '989222871864976');\n\t\tfbq('track', 'PageView');\n\t<\/script><script type=\"module\">\n\t\tvar consent=\"grant\";\n\t\t\/* The above code is parsing the JSON data from the local storage and storing it in a variable. *\/\n\t\t\tconst onetrustStorageConsent = JSON.parse(localStorage.getItem( 'consent_one_trust_bdc' ) );\n\t\t\t\/* Checking to see if the user has consented to the use of cookies.\n\t\t\t* If they have not, it is deleting the cookie.\n\t\t\t* This will comment for now, until further notice.\n\t\t\t*\/\n\t\t\t\/\/if ( onetrustStorageConsent.C0002 === false ) {\n\t\t\t\/\/\tdocument.cookie=\"_fbp=;expires=Thu, 01 Jan 2010 00:00:00 UTC; path=\/; domain=.boston.com\";\n\t\t\t\/\/}\n\t\t\t\/* Checking if the user has given consent for the cookie C0002.\n\t\t\t* If the user has given consent, the variable consent will be set to 'grant'.\n\t\t\t* If the user has not given consent,the variable consent will be set to 'revoke'.\n\t\t\t* Documentation https:\/\/developers.facebook.com\/docs\/meta-pixel\/implementation\/gdpr\n\t\t\t*\/\n\t\t\tif ( ( onetrustStorageConsent !== null ) && (onetrustStorageConsent.C0002 !== true ) ) {\n\t\t\t\tconsent=\"revoke\";\n\t\t\t}\n\t\t\t\t!function(f,b,e,v,n,t,s){if(f.fbq)return;n=f.fbq=function()\n\t\t{n.callMethod? n.callMethod.apply(n,arguments):n.queue.push(arguments)}\n\t\t;if(!f._fbq)f._fbq=n;\n\t\tn.push=n;n.loaded=!0;n.version='2.0';n.queue=[];t=b.createElement(e);t.async=!0;\n\t\tt.src=v;s=b.getElementsByTagName(e)[0];s.parentNode.insertBefore(t,s)}(window,\n\t\tdocument,'script','https:\/\/connect.facebook.net\/en_US\/fbevents.js');\n\t\tfbq('consent', consent);\n\t\tfbq('init', '813236348753005');\n\t\tfbq('track', \"PageView\");\n\t<\/script><br \/>\n<br \/><br \/>\n<br \/><a href=\"https:\/\/www.boston.com\/news\/local-news\/2024\/09\/03\/somerville-library-closes-after-school-over-teen-behavior-concerns\/\">Source link <\/a><\/p>","protected":false},"excerpt":{"rendered":"<p>Not\u00edcias locais A pol\u00edcia respondeu a v\u00e1rios incidentes na sala dos adolescentes este ano, de acordo com o Conselho de Curadores da Biblioteca P\u00fablica de Somerville. A Biblioteca P\u00fablica de&hellip;<\/p>","protected":false},"author":1,"featured_media":31481,"comment_status":"closed","ping_status":"open","sticky":false,"template":"","format":"standard","meta":{"content-type":"","footnotes":""},"categories":[1],"tags":[],"class_list":["post-31480","post","type-post","status-publish","format-standard","has-post-thumbnail","hentry","category-uncategorized"],"_links":{"self":[{"href":"https:\/\/tvbrazilusa.com\/pt\/wp-json\/wp\/v2\/posts\/31480","targetHints":{"allow":["GET"]}}],"collection":[{"href":"https:\/\/tvbrazilusa.com\/pt\/wp-json\/wp\/v2\/posts"}],"about":[{"href":"https:\/\/tvbrazilusa.com\/pt\/wp-json\/wp\/v2\/types\/post"}],"author":[{"embeddable":true,"href":"https:\/\/tvbrazilusa.com\/pt\/wp-json\/wp\/v2\/users\/1"}],"replies":[{"embeddable":true,"href":"https:\/\/tvbrazilusa.com\/pt\/wp-json\/wp\/v2\/comments?post=31480"}],"version-history":[{"count":1,"href":"https:\/\/tvbrazilusa.com\/pt\/wp-json\/wp\/v2\/posts\/31480\/revisions"}],"predecessor-version":[{"id":31482,"href":"https:\/\/tvbrazilusa.com\/pt\/wp-json\/wp\/v2\/posts\/31480\/revisions\/31482"}],"wp:featuredmedia":[{"embeddable":true,"href":"https:\/\/tvbrazilusa.com\/pt\/wp-json\/wp\/v2\/media\/31481"}],"wp:attachment":[{"href":"https:\/\/tvbrazilusa.com\/pt\/wp-json\/wp\/v2\/media?parent=31480"}],"wp:term":[{"taxonomy":"category","embeddable":true,"href":"https:\/\/tvbrazilusa.com\/pt\/wp-json\/wp\/v2\/categories?post=31480"},{"taxonomy":"post_tag","embeddable":true,"href":"https:\/\/tvbrazilusa.com\/pt\/wp-json\/wp\/v2\/tags?post=31480"}],"curies":[{"name":"wp","href":"https:\/\/api.w.org\/{rel}","templated":true}]}}